{"id":1297,"date":"2023-11-03T17:30:00","date_gmt":"2023-11-03T20:30:00","guid":{"rendered":"https:\/\/cademaprop.com.ar\/blog\/?p=1297"},"modified":"2024-11-22T19:56:55","modified_gmt":"2024-11-22T22:56:55","slug":"cardales-chico-la-segunda-etapa-ya-tomo-posesion","status":"publish","type":"post","link":"https:\/\/cademaprop.com.ar\/blog\/cardales-chico-la-segunda-etapa-ya-tomo-posesion\/","title":{"rendered":"CARDALES CHICO: LA SEGUNDA ETAPA YA TOM\u00d3 POSESI\u00d3N"},"content":{"rendered":"\n<p>El pasado s\u00e1bado 21 de octubre, en la localidad de Los Cardales, partido de Campana, tuvimos el placer de recibir a los nuevos propietarios de la segunda etapa del barrio <a href=\"https:\/\/cademaprop.com.ar\/blog\/cardales-chico-el-emprendimiento-residencial-que-marca-tendencia-en-los-cardales\/\" data-type=\"post\" data-id=\"586\" target=\"_blank\" rel=\"noreferrer noopener\">Cardales Chico<\/a> para llevar a cabo la posesi\u00f3n de sus lotes.<\/p>\n\n\n\n<p>El evento tuvo lugar de 10 a 14 horas al costado del gran cartel luminoso en la entrada del barrio de la mano de <a href=\"https:\/\/www.olimpodesarrollos.com\/\" data-type=\"link\" data-id=\"https:\/\/www.olimpodesarrollos.com\/\" target=\"_blank\" rel=\"noreferrer noopener\">Olimpo Desarrollos<\/a> y con la presencia de nuestro staff para conferir un recibimiento \u00f3ptimo y acompa\u00f1arlos como siempre en este proceso que alberga mucho entusiasmo y da paso a la concreci\u00f3n de muchos sue\u00f1os y deseos.<\/p>\n\n\n\n<p style=\"margin-bottom:var(--wp--preset--spacing--50)\">Como ya es costumbre, los presentes fueron agasajados con un desayuno y lunch de la mano de <a href=\"https:\/\/www.instagram.com\/antiguomolino\/\" data-type=\"link\" data-id=\"https:\/\/www.instagram.com\/antiguomolino\/\" target=\"_blank\" rel=\"noreferrer noopener\">Confiter\u00eda Antiguo Molino Campana<\/a>, compuesto por infusiones variadas, gaseosas, facturas y s\u00e1ndwiches de miga. El clima se prest\u00f3 para pasar un momento ameno entre propietarios, equipo Cadema y desarrolladores, dar un paseo por el barrio hasta cada uno de los lotes y conocer todas las obras terminadas.<\/p>\n\n\n\n<figure class=\"wp-block-image alignright size-large is-resized\"><a href=\"https:\/\/cademaprop.com.ar\/blog\/wp-content\/uploads\/2023\/11\/20231021_112429-edited-scaled-e1699072419395.jpg\"><img fetchpriority=\"high\" decoding=\"async\" width=\"1024\" height=\"706\" src=\"https:\/\/cademaprop.com.ar\/blog\/wp-content\/uploads\/2023\/11\/20231021_112429-edited-scaled-e1699072419395-1024x706.jpg\" alt=\"\" class=\"wp-image-1316\" style=\"aspect-ratio:1.4504249291784703;object-fit:cover;width:304px;height:auto\" srcset=\"https:\/\/cademaprop.com.ar\/blog\/wp-content\/uploads\/2023\/11\/20231021_112429-edited-scaled-e1699072419395-1024x706.jpg 1024w, https:\/\/cademaprop.com.ar\/blog\/wp-content\/uploads\/2023\/11\/20231021_112429-edited-scaled-e1699072419395-300x207.jpg 300w, https:\/\/cademaprop.com.ar\/blog\/wp-content\/uploads\/2023\/11\/20231021_112429-edited-scaled-e1699072419395-768x529.jpg 768w, https:\/\/cademaprop.com.ar\/blog\/wp-content\/uploads\/2023\/11\/20231021_112429-edited-scaled-e1699072419395-1536x1058.jpg 1536w, https:\/\/cademaprop.com.ar\/blog\/wp-content\/uploads\/2023\/11\/20231021_112429-edited-scaled-e1699072419395.jpg 1975w\" sizes=\"(max-width: 1024px) 100vw, 1024px\" \/><\/a><\/figure>\n\n\n\n<p>A la hora de firmar la posesi\u00f3n, se les entreg\u00f3 como obsequio un vino mendocino El Cipr\u00e9s Malbec, de la Bodega Luis Segundo Correas SA. Muchos de los propietarios se acercaron con sus familiares y amigos haciendo de este momento \u00fanico algo inolvidable. Nuestro equipo de marketing estuvo presente para capturar todo en detalle y realizarles una serie de preguntas a modo de entrevistas sobre c\u00f3mo vivieron el proceso, desde la compra hasta la posesi\u00f3n.<\/p>\n\n\n\n<p>Los propietarios del lote 394, de la manzana R, nos contaron que conocieron el emprendimiento a trav\u00e9s de nuestras redes sociales y all\u00ed nos contactaron para obtener m\u00e1s informaci\u00f3n. \u201cFueron super amables, nos explicaron todo. El barrio est\u00e1 incre\u00edble. Los avances fueron muy r\u00e1pidos, yo pens\u00e9 que iban a tardar m\u00e1s. Qued\u00f3 muy lindo\u201d, esto fue lo que nos respondieron al consultarle respecto a su conformidad con los avances de las obras. Tambi\u00e9n nos contaron que la compra del lote fue con la idea de construir all\u00ed su casa y hacer de Cardales Chico su hogar.<\/p>\n\n\n\n<p style=\"margin-bottom:var(--wp--preset--spacing--50)\">Siguiendo con la manzana R, tuvimos la oportunidad de conversar con los compradores del lote 379, provenientes de Capital Federal, quienes lo hicieron como inversi\u00f3n y regalo para su hijo. \u201cNos gust\u00f3 el trato del vendedor, fue todo bastante \u00e1gil. Ten\u00edamos mucha ansiedad para el d\u00eda de hoy, para la posesi\u00f3n; pero estando ac\u00e1, todo el equipo de Cadema nos dio la tranquilidad que los caracteriza\u201d. Otra de las cosas que nos comentaron fue que: \u201cestamos realmente conformes con los avances de las obras en general. Tardaron un a\u00f1o, lo que nos hab\u00edan dicho, as\u00ed que re bien. Vinimos varias veces antes del d\u00eda de hoy, ten\u00edamos much\u00edsima ansiedad. Esto tambi\u00e9n hizo que se lo coment\u00e1ramos a todos nuestros conocidos, a quienes les recomend\u00e1bamos el barrio y la inmobiliaria\u201d.&nbsp;<\/p>\n\n\n\n<figure class=\"wp-block-image alignleft size-full is-resized\"><a href=\"https:\/\/cademaprop.com.ar\/blog\/wp-content\/uploads\/2023\/11\/WhatsApp-Image-2023-11-04-at-01.03.10-edited-scaled.jpeg\"><img decoding=\"async\" width=\"2560\" height=\"1920\" src=\"https:\/\/cademaprop.com.ar\/blog\/wp-content\/uploads\/2023\/11\/WhatsApp-Image-2023-11-04-at-01.03.10-edited-scaled.jpeg\" alt=\"\" class=\"wp-image-1320\" style=\"aspect-ratio:1.3333333333333333;object-fit:cover;width:300px\" srcset=\"https:\/\/cademaprop.com.ar\/blog\/wp-content\/uploads\/2023\/11\/WhatsApp-Image-2023-11-04-at-01.03.10-edited-scaled.jpeg 2560w, https:\/\/cademaprop.com.ar\/blog\/wp-content\/uploads\/2023\/11\/WhatsApp-Image-2023-11-04-at-01.03.10-edited-300x225.jpeg 300w, https:\/\/cademaprop.com.ar\/blog\/wp-content\/uploads\/2023\/11\/WhatsApp-Image-2023-11-04-at-01.03.10-edited-1024x768.jpeg 1024w, https:\/\/cademaprop.com.ar\/blog\/wp-content\/uploads\/2023\/11\/WhatsApp-Image-2023-11-04-at-01.03.10-edited-768x576.jpeg 768w, https:\/\/cademaprop.com.ar\/blog\/wp-content\/uploads\/2023\/11\/WhatsApp-Image-2023-11-04-at-01.03.10-edited-1536x1152.jpeg 1536w, https:\/\/cademaprop.com.ar\/blog\/wp-content\/uploads\/2023\/11\/WhatsApp-Image-2023-11-04-at-01.03.10-edited-2048x1536.jpeg 2048w\" sizes=\"(max-width: 2560px) 100vw, 2560px\" \/><\/a><\/figure>\n\n\n\n<p>Una joven pareja pilarense propietaria de uno de los lotes de la manzana V, ubicado frente a la plaza, se explay\u00f3 al contarnos de su compra en Cadema y c\u00f3mo vieron el crecimiento de la obra: \u201cLa experiencia fue muy buena, el trato siempre atento desde la primera vez que mandamos el mensaje de la consulta. Despu\u00e9s, fue todo muy r\u00e1pido y fluido. Nos gusta el avance en todo sentido y que tiene el servicio de las cloacas, la ubicaci\u00f3n, los \u00e1rboles que plantaron y el espacio verde que va a haber a futuro\u201d. En cuanto a la forma de pago, destacaron que fue un punto altamente positivo: \u201cal ser de lejos, por ah\u00ed nos es m\u00e1s dif\u00edcil poder acercarnos cualquier d\u00eda. En ese sentido, la encargada de la administraci\u00f3n de la inmobiliaria siempre est\u00e1 atenta a nuestros mensajes para coordinar la visita y venir tranquilos hasta Campana\u201d. <\/p>\n\n\n\n<p style=\"margin-bottom:var(--wp--preset--spacing--50)\">Para concluir, nos dijeron que: \u201cEstamos muy conformes con la inmobiliaria en todo el proceso de la compra, sobre todo por las facilidades que tiene frente a las cuotas, es muy recomendable y te da confianza. Eso fue lo primero que vimos, m\u00e1s a\u00fan al no conocer a muchas inmobiliarias. Cadema es muy importante dentro de la zona. Cuando vos ten\u00e9s que financiar, te pregunt\u00e1s \u00bfqui\u00e9nes son? \u00bfson confiables?, siempre ten\u00e9s ese miedo, pero desde el principio nos dio seguridad y nos convenci\u00f3. Ahora que vemos que todo progresa acorde a lo estipulado, estamos a\u00fan m\u00e1s conformes\u201d.<\/p>\n\n\n\n<figure class=\"wp-block-image alignright size-full is-resized\"><a href=\"https:\/\/cademaprop.com.ar\/blog\/wp-content\/uploads\/2023\/11\/WhatsApp-Image-2023-11-04-at-01.03.22-scaled-e1699072098746.jpeg\"><img decoding=\"async\" width=\"1920\" height=\"1544\" src=\"https:\/\/cademaprop.com.ar\/blog\/wp-content\/uploads\/2023\/11\/WhatsApp-Image-2023-11-04-at-01.03.22-scaled-e1699072098746.jpeg\" alt=\"\" class=\"wp-image-1325\" style=\"aspect-ratio:1.2435233160621761;object-fit:cover;width:300px;height:auto\" srcset=\"https:\/\/cademaprop.com.ar\/blog\/wp-content\/uploads\/2023\/11\/WhatsApp-Image-2023-11-04-at-01.03.22-scaled-e1699072098746.jpeg 1920w, https:\/\/cademaprop.com.ar\/blog\/wp-content\/uploads\/2023\/11\/WhatsApp-Image-2023-11-04-at-01.03.22-scaled-e1699072098746-300x241.jpeg 300w, https:\/\/cademaprop.com.ar\/blog\/wp-content\/uploads\/2023\/11\/WhatsApp-Image-2023-11-04-at-01.03.22-scaled-e1699072098746-1024x823.jpeg 1024w, https:\/\/cademaprop.com.ar\/blog\/wp-content\/uploads\/2023\/11\/WhatsApp-Image-2023-11-04-at-01.03.22-scaled-e1699072098746-768x618.jpeg 768w, https:\/\/cademaprop.com.ar\/blog\/wp-content\/uploads\/2023\/11\/WhatsApp-Image-2023-11-04-at-01.03.22-scaled-e1699072098746-1536x1235.jpeg 1536w\" sizes=\"(max-width: 1920px) 100vw, 1920px\" \/><\/a><\/figure>\n\n\n\n<p style=\"margin-bottom:0\">Una de las familias de la manzana L, quienes asistieron con sus hijos, quisieron contarnos su experiencia. \u201cCuando vinimos a conocer el loteo, ese d\u00eda compramos. Nos convenci\u00f3 mucho el lugar, la informaci\u00f3n y la organizaci\u00f3n de la visita; as\u00ed que, cuando est\u00e1bamos mirando el terreno, ya est\u00e1bamos proyectando a futuro, ya nos enamoramos\u201d. Las sonrisas en sus caras demostraban que no solo estaban contentos por el evento de la posesi\u00f3n, sino que hab\u00eda algo m\u00e1s atr\u00e1s, as\u00ed que quisimos saber un poco m\u00e1s el trasfondo: \u201cNosotros compramos en octubre del 2022 y, en un a\u00f1o, vemos un cambio abismal, estamos muy contentos. Nos damos una vuelta cada dos meses y todo el tiempo se ven los avances. La verdad es que cumplieron con todo lo prometido, y eso nos ilusiona para saber que podemos concretar el sue\u00f1o que tenemos de tener la casa propia y la confianza que nos genera la desarrolladora al ver que se est\u00e1n haciendo las cosas en tiempo y forma. Hicimos una buena inversi\u00f3n\u201d.<\/p>\n\n\n\n<p style=\"margin-bottom:var(--wp--preset--spacing--50)\">Por \u00faltimo, como acotaci\u00f3n positiva, nos informaron que: \u201ctodo el tiempo lo estamos recomendando a familiares, amigos, conocidos. Varias personas ya nos dijeron que se comunicaron con ustedes para conocer m\u00e1s sobre el proyecto\u201d.<\/p>\n\n\n\n<figure class=\"wp-block-image alignleft size-large is-resized\"><a href=\"https:\/\/cademaprop.com.ar\/blog\/wp-content\/uploads\/2023\/11\/WhatsApp-Image-2023-11-04-at-01.03.24-e1699110105525.jpeg\"><img loading=\"lazy\" decoding=\"async\" width=\"835\" height=\"1024\" src=\"https:\/\/cademaprop.com.ar\/blog\/wp-content\/uploads\/2023\/11\/WhatsApp-Image-2023-11-04-at-01.03.24-e1699110105525-835x1024.jpeg\" alt=\"\" class=\"wp-image-1342\" style=\"aspect-ratio:0.8154296875;width:302px;height:auto\" srcset=\"https:\/\/cademaprop.com.ar\/blog\/wp-content\/uploads\/2023\/11\/WhatsApp-Image-2023-11-04-at-01.03.24-e1699110105525-835x1024.jpeg 835w, https:\/\/cademaprop.com.ar\/blog\/wp-content\/uploads\/2023\/11\/WhatsApp-Image-2023-11-04-at-01.03.24-e1699110105525-245x300.jpeg 245w, https:\/\/cademaprop.com.ar\/blog\/wp-content\/uploads\/2023\/11\/WhatsApp-Image-2023-11-04-at-01.03.24-e1699110105525-768x942.jpeg 768w, https:\/\/cademaprop.com.ar\/blog\/wp-content\/uploads\/2023\/11\/WhatsApp-Image-2023-11-04-at-01.03.24-e1699110105525.jpeg 900w\" sizes=\"(max-width: 835px) 100vw, 835px\" \/><\/a><\/figure>\n\n\n\n<p>Hemos entrevistado tambi\u00e9n al economista Gast\u00f3n Malu\u00e9ndez, Gerente General de Olimpo Desarrollos, donde nos relat\u00f3 de primera mano la experiencia del desarrollo del barrio, los pr\u00f3ximos avances que dar\u00e1n fin a la obra, su mirada sobre la econom\u00eda del pa\u00eds y porqu\u00e9 es el momento id\u00f3neo de invertir. <a href=\"https:\/\/cademaprop.com.ar\/blog\/entrevista-al-economista-gaston-maluendez-de-olimpo-desarrollos\/\" target=\"_blank\" rel=\"noreferrer noopener\">Los invitamos a leer la nota completa mediante este enlace<\/a>.<\/p>\n\n\n\n<p><a href=\"https:\/\/www.cademaprop.com.ar\/cardaleschico\/\" data-type=\"link\" data-id=\"https:\/\/www.cademaprop.com.ar\/cardaleschico\/\" target=\"_blank\" rel=\"noreferrer noopener\">Cardales Chico<\/a> se encuentra en el desarrollo y venta de su tercera etapa, con las primeras dos ya terminadas con propietarios disfrutando del entorno y comenzando a hacer de sus lotes el lugar so\u00f1ado. Para aquellos que todav\u00eda no tuvieron la oportunidad de comprar, es el momento de conseguir tu lugar. A\u00fan hay lotes disponibles con opci\u00f3n de financiamiento con un anticipo desde US$ 10.000 y el saldo restante en 48 cuotas fijas en d\u00f3lares.<\/p>\n\n\n\n<p>Comunicate con nosotros mediante los diferentes <a href=\"https:\/\/cademaprop.com.ar\/blog\/medios-digitales-de-la-difusion-masiva-a-la-atencion-personalizada\/\" data-type=\"post\" data-id=\"685\">medios de contacto<\/a> para agendar una reuni\u00f3n y visita personalizada donde obtendr\u00e1s el mejor asesoramiento.<\/p>\n\n\n\n<p>Cardales Chico es m\u00e1s que un barrio, es vivir en conexi\u00f3n con lo natural.<\/p>\n\n\n\n<hr class=\"wp-block-separator has-alpha-channel-opacity is-style-wide\" style=\"margin-top:var(--wp--preset--spacing--50);margin-bottom:var(--wp--preset--spacing--50)\"\/>\n\n\n\n<p>Cadema Bienes Ra\u00edces<\/p>\n\n\n\n<p>Av Varela 420, Campana<\/p>\n\n\n\n<p><a href=\"https:\/\/wa.me\/5493489659742?text=Hola.%20Me%20interesa%20obtener%20mayor%20informaci%C3%B3n%20y%20asesoramiento%20sobre%20inmuebles%20industriales.\" target=\"_blank\" rel=\"noreferrer noopener\">+54 9 3489&nbsp;<\/a><a href=\"https:\/\/wa.me\/5493489659742?text=Hola.%20Me%20interesa%20obtener%20mayor%20informaci%C3%B3n%20y%20asesoramiento%20sobre%20inmuebles.\" target=\"_blank\" rel=\"noreferrer noopener\">659742<\/a><\/p>\n\n\n\n<p><a href=\"https:\/\/instagram.com\/cademabienesraices\" target=\"_blank\" rel=\"noreferrer noopener\">@cademabienesraices<\/a><\/p>\n\n\n\n<p><a href=\"http:\/\/www.cademaprop.com.ar\">www.cademaprop.com.ar<\/a><\/p>\n\n\n\n<p>Corredor responsable Bruno Catardi, CMZC Leg. Col. N 528.<\/p>\n\n\n\n<p><a href=\"https:\/\/www.cademaprop.com.ar\/cardaleschico\/\" target=\"_blank\" rel=\"noreferrer noopener\">Web Cardales Chico<\/a><\/p>\n\n\n\n<p><\/p>\n\n\n\n<hr class=\"wp-block-separator has-alpha-channel-opacity is-style-wide\" style=\"margin-top:var(--wp--preset--spacing--50);margin-bottom:var(--wp--preset--spacing--50)\"\/>\n\n\n\n<p><strong>GALER\u00cdA:<\/strong><\/p>\n\n\n\n<figure class=\"wp-block-gallery has-nested-images columns-3 is-cropped wp-block-gallery-1 is-layout-flex wp-block-gallery-is-layout-flex\">\n<figure class=\"wp-block-image size-large\"><a href=\"https:\/\/cademaprop.com.ar\/blog\/wp-content\/uploads\/2023\/11\/20231021_112425-scaled.jpg\"><img loading=\"lazy\" decoding=\"async\" width=\"1024\" height=\"577\" data-id=\"1308\" src=\"https:\/\/cademaprop.com.ar\/blog\/wp-content\/uploads\/2023\/11\/20231021_112425-1024x577.jpg\" alt=\"\" class=\"wp-image-1308\" srcset=\"https:\/\/cademaprop.com.ar\/blog\/wp-content\/uploads\/2023\/11\/20231021_112425-1024x577.jpg 1024w, https:\/\/cademaprop.com.ar\/blog\/wp-content\/uploads\/2023\/11\/20231021_112425-300x169.jpg 300w, https:\/\/cademaprop.com.ar\/blog\/wp-content\/uploads\/2023\/11\/20231021_112425-768x432.jpg 768w, https:\/\/cademaprop.com.ar\/blog\/wp-content\/uploads\/2023\/11\/20231021_112425-1536x865.jpg 1536w, https:\/\/cademaprop.com.ar\/blog\/wp-content\/uploads\/2023\/11\/20231021_112425-2048x1153.jpg 2048w\" sizes=\"(max-width: 1024px) 100vw, 1024px\" \/><\/a><\/figure>\n\n\n\n<figure class=\"wp-block-image size-large\"><a href=\"https:\/\/cademaprop.com.ar\/blog\/wp-content\/uploads\/2023\/11\/20231021_122136-scaled.jpg\"><img loading=\"lazy\" decoding=\"async\" width=\"1024\" height=\"577\" data-id=\"1310\" src=\"https:\/\/cademaprop.com.ar\/blog\/wp-content\/uploads\/2023\/11\/20231021_122136-1024x577.jpg\" alt=\"\" class=\"wp-image-1310\" srcset=\"https:\/\/cademaprop.com.ar\/blog\/wp-content\/uploads\/2023\/11\/20231021_122136-1024x577.jpg 1024w, https:\/\/cademaprop.com.ar\/blog\/wp-content\/uploads\/2023\/11\/20231021_122136-300x169.jpg 300w, https:\/\/cademaprop.com.ar\/blog\/wp-content\/uploads\/2023\/11\/20231021_122136-768x432.jpg 768w, https:\/\/cademaprop.com.ar\/blog\/wp-content\/uploads\/2023\/11\/20231021_122136-1536x865.jpg 1536w, https:\/\/cademaprop.com.ar\/blog\/wp-content\/uploads\/2023\/11\/20231021_122136-2048x1153.jpg 2048w\" sizes=\"(max-width: 1024px) 100vw, 1024px\" \/><\/a><\/figure>\n\n\n\n<figure class=\"wp-block-image size-large\"><a href=\"https:\/\/cademaprop.com.ar\/blog\/wp-content\/uploads\/2023\/11\/20231021_111906-scaled.jpg\"><img loading=\"lazy\" decoding=\"async\" width=\"1024\" height=\"577\" data-id=\"1303\" src=\"https:\/\/cademaprop.com.ar\/blog\/wp-content\/uploads\/2023\/11\/20231021_111906-1024x577.jpg\" alt=\"\" class=\"wp-image-1303\" srcset=\"https:\/\/cademaprop.com.ar\/blog\/wp-content\/uploads\/2023\/11\/20231021_111906-1024x577.jpg 1024w, https:\/\/cademaprop.com.ar\/blog\/wp-content\/uploads\/2023\/11\/20231021_111906-300x169.jpg 300w, https:\/\/cademaprop.com.ar\/blog\/wp-content\/uploads\/2023\/11\/20231021_111906-768x432.jpg 768w, https:\/\/cademaprop.com.ar\/blog\/wp-content\/uploads\/2023\/11\/20231021_111906-1536x865.jpg 1536w, https:\/\/cademaprop.com.ar\/blog\/wp-content\/uploads\/2023\/11\/20231021_111906-2048x1153.jpg 2048w\" sizes=\"(max-width: 1024px) 100vw, 1024px\" \/><\/a><\/figure>\n\n\n\n<figure class=\"wp-block-image size-large\"><a href=\"https:\/\/cademaprop.com.ar\/blog\/wp-content\/uploads\/2023\/11\/20231021_140403-scaled.jpg\"><img loading=\"lazy\" decoding=\"async\" width=\"577\" height=\"1024\" data-id=\"1313\" src=\"https:\/\/cademaprop.com.ar\/blog\/wp-content\/uploads\/2023\/11\/20231021_140403-577x1024.jpg\" alt=\"\" class=\"wp-image-1313\" srcset=\"https:\/\/cademaprop.com.ar\/blog\/wp-content\/uploads\/2023\/11\/20231021_140403-577x1024.jpg 577w, https:\/\/cademaprop.com.ar\/blog\/wp-content\/uploads\/2023\/11\/20231021_140403-169x300.jpg 169w, https:\/\/cademaprop.com.ar\/blog\/wp-content\/uploads\/2023\/11\/20231021_140403-768x1364.jpg 768w, https:\/\/cademaprop.com.ar\/blog\/wp-content\/uploads\/2023\/11\/20231021_140403-865x1536.jpg 865w, https:\/\/cademaprop.com.ar\/blog\/wp-content\/uploads\/2023\/11\/20231021_140403-1153x2048.jpg 1153w, https:\/\/cademaprop.com.ar\/blog\/wp-content\/uploads\/2023\/11\/20231021_140403-scaled.jpg 1441w\" sizes=\"(max-width: 577px) 100vw, 577px\" \/><\/a><\/figure>\n\n\n\n<figure class=\"wp-block-image size-large\"><a href=\"https:\/\/cademaprop.com.ar\/blog\/wp-content\/uploads\/2023\/11\/20231021_112003-scaled.jpg\"><img loading=\"lazy\" decoding=\"async\" width=\"577\" height=\"1024\" data-id=\"1304\" src=\"https:\/\/cademaprop.com.ar\/blog\/wp-content\/uploads\/2023\/11\/20231021_112003-577x1024.jpg\" alt=\"\" class=\"wp-image-1304\" srcset=\"https:\/\/cademaprop.com.ar\/blog\/wp-content\/uploads\/2023\/11\/20231021_112003-577x1024.jpg 577w, https:\/\/cademaprop.com.ar\/blog\/wp-content\/uploads\/2023\/11\/20231021_112003-169x300.jpg 169w, https:\/\/cademaprop.com.ar\/blog\/wp-content\/uploads\/2023\/11\/20231021_112003-768x1364.jpg 768w, https:\/\/cademaprop.com.ar\/blog\/wp-content\/uploads\/2023\/11\/20231021_112003-865x1536.jpg 865w, https:\/\/cademaprop.com.ar\/blog\/wp-content\/uploads\/2023\/11\/20231021_112003-1153x2048.jpg 1153w, https:\/\/cademaprop.com.ar\/blog\/wp-content\/uploads\/2023\/11\/20231021_112003-scaled.jpg 1441w\" sizes=\"(max-width: 577px) 100vw, 577px\" \/><\/a><\/figure>\n\n\n\n<figure class=\"wp-block-image size-large\"><a href=\"https:\/\/cademaprop.com.ar\/blog\/wp-content\/uploads\/2023\/11\/20231021_130514-scaled.jpg\"><img loading=\"lazy\" decoding=\"async\" width=\"577\" height=\"1024\" data-id=\"1311\" src=\"https:\/\/cademaprop.com.ar\/blog\/wp-content\/uploads\/2023\/11\/20231021_130514-577x1024.jpg\" alt=\"\" class=\"wp-image-1311\" srcset=\"https:\/\/cademaprop.com.ar\/blog\/wp-content\/uploads\/2023\/11\/20231021_130514-577x1024.jpg 577w, https:\/\/cademaprop.com.ar\/blog\/wp-content\/uploads\/2023\/11\/20231021_130514-169x300.jpg 169w, https:\/\/cademaprop.com.ar\/blog\/wp-content\/uploads\/2023\/11\/20231021_130514-768x1364.jpg 768w, https:\/\/cademaprop.com.ar\/blog\/wp-content\/uploads\/2023\/11\/20231021_130514-865x1536.jpg 865w, https:\/\/cademaprop.com.ar\/blog\/wp-content\/uploads\/2023\/11\/20231021_130514-1153x2048.jpg 1153w, https:\/\/cademaprop.com.ar\/blog\/wp-content\/uploads\/2023\/11\/20231021_130514-scaled.jpg 1441w\" sizes=\"(max-width: 577px) 100vw, 577px\" \/><\/a><\/figure>\n\n\n\n<figure class=\"wp-block-image size-large\"><a href=\"https:\/\/cademaprop.com.ar\/blog\/wp-content\/uploads\/2023\/11\/20231021_112226-scaled.jpg\"><img loading=\"lazy\" decoding=\"async\" width=\"577\" height=\"1024\" data-id=\"1307\" src=\"https:\/\/cademaprop.com.ar\/blog\/wp-content\/uploads\/2023\/11\/20231021_112226-577x1024.jpg\" alt=\"\" class=\"wp-image-1307\" srcset=\"https:\/\/cademaprop.com.ar\/blog\/wp-content\/uploads\/2023\/11\/20231021_112226-577x1024.jpg 577w, https:\/\/cademaprop.com.ar\/blog\/wp-content\/uploads\/2023\/11\/20231021_112226-169x300.jpg 169w, https:\/\/cademaprop.com.ar\/blog\/wp-content\/uploads\/2023\/11\/20231021_112226-768x1364.jpg 768w, https:\/\/cademaprop.com.ar\/blog\/wp-content\/uploads\/2023\/11\/20231021_112226-865x1536.jpg 865w, https:\/\/cademaprop.com.ar\/blog\/wp-content\/uploads\/2023\/11\/20231021_112226-1153x2048.jpg 1153w, https:\/\/cademaprop.com.ar\/blog\/wp-content\/uploads\/2023\/11\/20231021_112226-scaled.jpg 1441w\" sizes=\"(max-width: 577px) 100vw, 577px\" \/><\/a><\/figure>\n\n\n\n<figure class=\"wp-block-image size-large\"><a href=\"https:\/\/cademaprop.com.ar\/blog\/wp-content\/uploads\/2023\/11\/20231021_110822-scaled.jpg\"><img loading=\"lazy\" decoding=\"async\" width=\"577\" height=\"1024\" data-id=\"1301\" src=\"https:\/\/cademaprop.com.ar\/blog\/wp-content\/uploads\/2023\/11\/20231021_110822-577x1024.jpg\" alt=\"\" class=\"wp-image-1301\" srcset=\"https:\/\/cademaprop.com.ar\/blog\/wp-content\/uploads\/2023\/11\/20231021_110822-577x1024.jpg 577w, https:\/\/cademaprop.com.ar\/blog\/wp-content\/uploads\/2023\/11\/20231021_110822-169x300.jpg 169w, https:\/\/cademaprop.com.ar\/blog\/wp-content\/uploads\/2023\/11\/20231021_110822-768x1364.jpg 768w, https:\/\/cademaprop.com.ar\/blog\/wp-content\/uploads\/2023\/11\/20231021_110822-865x1536.jpg 865w, https:\/\/cademaprop.com.ar\/blog\/wp-content\/uploads\/2023\/11\/20231021_110822-1153x2048.jpg 1153w, https:\/\/cademaprop.com.ar\/blog\/wp-content\/uploads\/2023\/11\/20231021_110822-scaled.jpg 1441w\" sizes=\"(max-width: 577px) 100vw, 577px\" \/><\/a><\/figure>\n\n\n\n<figure class=\"wp-block-image size-large\"><a href=\"https:\/\/cademaprop.com.ar\/blog\/wp-content\/uploads\/2023\/11\/20231021_112203-scaled.jpg\"><img loading=\"lazy\" decoding=\"async\" width=\"577\" height=\"1024\" data-id=\"1306\" src=\"https:\/\/cademaprop.com.ar\/blog\/wp-content\/uploads\/2023\/11\/20231021_112203-577x1024.jpg\" alt=\"\" class=\"wp-image-1306\" srcset=\"https:\/\/cademaprop.com.ar\/blog\/wp-content\/uploads\/2023\/11\/20231021_112203-577x1024.jpg 577w, https:\/\/cademaprop.com.ar\/blog\/wp-content\/uploads\/2023\/11\/20231021_112203-169x300.jpg 169w, https:\/\/cademaprop.com.ar\/blog\/wp-content\/uploads\/2023\/11\/20231021_112203-768x1364.jpg 768w, https:\/\/cademaprop.com.ar\/blog\/wp-content\/uploads\/2023\/11\/20231021_112203-865x1536.jpg 865w, https:\/\/cademaprop.com.ar\/blog\/wp-content\/uploads\/2023\/11\/20231021_112203-1153x2048.jpg 1153w, https:\/\/cademaprop.com.ar\/blog\/wp-content\/uploads\/2023\/11\/20231021_112203-scaled.jpg 1441w\" sizes=\"(max-width: 577px) 100vw, 577px\" \/><\/a><\/figure>\n<\/figure>\n","protected":false},"excerpt":{"rendered":"<p>El pasado s\u00e1bado 21 de octubre, en la localidad de Los Cardales, partido de Campana, tuvimos el placer de recibir a los nuevos propietarios de la segunda etapa del barrio Cardales Chico para llevar a cabo la posesi\u00f3n de sus lotes. El evento tuvo lugar de 10 a 14 horas al costado del gran cartel [&hellip;]<\/p>\n","protected":false},"author":2,"featured_media":1315,"comment_status":"closed","ping_status":"closed","sticky":false,"template":"","format":"standard","meta":{"site-sidebar-layout":"default","site-content-layout":"","ast-site-content-layout":"default","site-content-style":"default","site-sidebar-style":"default","ast-global-header-display":"","ast-banner-title-visibility":"","ast-main-header-display":"","ast-hfb-above-header-display":"","ast-hfb-below-header-display":"","ast-hfb-mobile-header-display":"","site-post-title":"","ast-breadcrumbs-content":"","ast-featured-img":"","footer-sml-layout":"","theme-transparent-header-meta":"","adv-header-id-meta":"","stick-header-meta":"","header-above-stick-meta":"","header-main-stick-meta":"","header-below-stick-meta":"","astra-migrate-meta-layouts":"default","ast-page-background-enabled":"default","ast-page-background-meta":{"desktop":{"background-color":"","background-image":"","background-repeat":"repeat","background-position":"center center","background-size":"auto","background-attachment":"scroll","background-type":"","background-media":"","overlay-type":"","overlay-color":"","overlay-opacity":"","overlay-gradient":""},"tablet":{"background-color":"","background-image":"","background-repeat":"repeat","background-position":"center center","background-size":"auto","background-attachment":"scroll","background-type":"","background-media":"","overlay-type":"","overlay-color":"","overlay-opacity":"","overlay-gradient":""},"mobile":{"background-color":"","background-image":"","background-repeat":"repeat","background-position":"center center","background-size":"auto","background-attachment":"scroll","background-type":"","background-media":"","overlay-type":"","overlay-color":"","overlay-opacity":"","overlay-gradient":""}},"ast-content-background-meta":{"desktop":{"background-color":"var(--ast-global-color-5)","background-image":"","background-repeat":"repeat","background-position":"center center","background-size":"auto","background-attachment":"scroll","background-type":"","background-media":"","overlay-type":"","overlay-color":"","overlay-opacity":"","overlay-gradient":""},"tablet":{"background-color":"var(--ast-global-color-5)","background-image":"","background-repeat":"repeat","background-position":"center center","background-size":"auto","background-attachment":"scroll","background-type":"","background-media":"","overlay-type":"","overlay-color":"","overlay-opacity":"","overlay-gradient":""},"mobile":{"background-color":"var(--ast-global-color-5)","background-image":"","background-repeat":"repeat","background-position":"center center","background-size":"auto","background-attachment":"scroll","background-type":"","background-media":"","overlay-type":"","overlay-color":"","overlay-opacity":"","overlay-gradient":""}},"_joinchat":[],"footnotes":""},"categories":[18,9,13],"tags":[19],"class_list":["post-1297","post","type-post","status-publish","format-standard","has-post-thumbnail","hentry","category-cardales-chicos","category-emprendimientos","category-olimpo-desarrollos","tag-destacado"],"yoast_head":"<!-- This site is optimized with the Yoast SEO plugin v27.5 - https:\/\/yoast.com\/product\/yoast-seo-wordpress\/ -->\n<title>CARDALES CHICO: LA SEGUNDA ETAPA YA TOM\u00d3 POSESI\u00d3N - NEWS<\/title>\n<meta name=\"robots\" content=\"index, follow, max-snippet:-1, max-image-preview:large, max-video-preview:-1\" \/>\n<link rel=\"canonical\" href=\"https:\/\/cademaprop.com.ar\/blog\/cardales-chico-la-segunda-etapa-ya-tomo-posesion\/\" \/>\n<meta property=\"og:locale\" content=\"es_MX\" \/>\n<meta property=\"og:type\" content=\"article\" \/>\n<meta property=\"og:title\" content=\"CARDALES CHICO: LA SEGUNDA ETAPA YA TOM\u00d3 POSESI\u00d3N - NEWS\" \/>\n<meta property=\"og:description\" content=\"El pasado s\u00e1bado 21 de octubre, en la localidad de Los Cardales, partido de Campana, tuvimos el placer de recibir a los nuevos propietarios de la segunda etapa del barrio Cardales Chico para llevar a cabo la posesi\u00f3n de sus lotes. El evento tuvo lugar de 10 a 14 horas al costado del gran cartel [&hellip;]\" \/>\n<meta property=\"og:url\" content=\"https:\/\/cademaprop.com.ar\/blog\/cardales-chico-la-segunda-etapa-ya-tomo-posesion\/\" \/>\n<meta property=\"og:site_name\" content=\"NEWS\" \/>\n<meta property=\"article:publisher\" content=\"https:\/\/www.facebook.com\/inmobiliariacadema\" \/>\n<meta property=\"article:published_time\" content=\"2023-11-03T20:30:00+00:00\" \/>\n<meta property=\"article:modified_time\" content=\"2024-11-22T22:56:55+00:00\" \/>\n<meta property=\"og:image\" content=\"https:\/\/cademaprop.com.ar\/blog\/wp-content\/uploads\/2023\/11\/20231021_140022-1-scaled.jpg\" \/>\n\t<meta property=\"og:image:width\" content=\"2560\" \/>\n\t<meta property=\"og:image:height\" content=\"1441\" \/>\n\t<meta property=\"og:image:type\" content=\"image\/jpeg\" \/>\n<meta name=\"author\" content=\"Cadema Bienes Ra\u00edces\" \/>\n<meta name=\"twitter:card\" content=\"summary_large_image\" \/>\n<meta name=\"twitter:creator\" content=\"@InmoCadema\" \/>\n<meta name=\"twitter:site\" content=\"@InmoCadema\" \/>\n<meta name=\"twitter:label1\" content=\"Escrito por\" \/>\n\t<meta name=\"twitter:data1\" content=\"Cadema Bienes Ra\u00edces\" \/>\n\t<meta name=\"twitter:label2\" content=\"Tiempo de lectura\" \/>\n\t<meta name=\"twitter:data2\" content=\"8 minutos\" \/>\n<script type=\"application\/ld+json\" class=\"yoast-schema-graph\">{\"@context\":\"https:\\\/\\\/schema.org\",\"@graph\":[{\"@type\":\"Article\",\"@id\":\"https:\\\/\\\/cademaprop.com.ar\\\/blog\\\/cardales-chico-la-segunda-etapa-ya-tomo-posesion\\\/#article\",\"isPartOf\":{\"@id\":\"https:\\\/\\\/cademaprop.com.ar\\\/blog\\\/cardales-chico-la-segunda-etapa-ya-tomo-posesion\\\/\"},\"author\":{\"name\":\"Cadema Bienes Ra\u00edces\",\"@id\":\"https:\\\/\\\/cademaprop.com.ar\\\/blog\\\/#\\\/schema\\\/person\\\/bf1e8554d62db91bc0110bd8b2c68625\"},\"headline\":\"CARDALES CHICO: LA SEGUNDA ETAPA YA TOM\u00d3 POSESI\u00d3N\",\"datePublished\":\"2023-11-03T20:30:00+00:00\",\"dateModified\":\"2024-11-22T22:56:55+00:00\",\"mainEntityOfPage\":{\"@id\":\"https:\\\/\\\/cademaprop.com.ar\\\/blog\\\/cardales-chico-la-segunda-etapa-ya-tomo-posesion\\\/\"},\"wordCount\":1188,\"publisher\":{\"@id\":\"https:\\\/\\\/cademaprop.com.ar\\\/blog\\\/#organization\"},\"image\":{\"@id\":\"https:\\\/\\\/cademaprop.com.ar\\\/blog\\\/cardales-chico-la-segunda-etapa-ya-tomo-posesion\\\/#primaryimage\"},\"thumbnailUrl\":\"https:\\\/\\\/cademaprop.com.ar\\\/blog\\\/wp-content\\\/uploads\\\/2023\\\/11\\\/20231021_140022-1-scaled.jpg\",\"keywords\":[\"Destacado\"],\"articleSection\":[\"Cardales Chico\",\"Emprendimientos\",\"Olimpo Desarrollos\"],\"inLanguage\":\"es\"},{\"@type\":\"WebPage\",\"@id\":\"https:\\\/\\\/cademaprop.com.ar\\\/blog\\\/cardales-chico-la-segunda-etapa-ya-tomo-posesion\\\/\",\"url\":\"https:\\\/\\\/cademaprop.com.ar\\\/blog\\\/cardales-chico-la-segunda-etapa-ya-tomo-posesion\\\/\",\"name\":\"CARDALES CHICO: LA SEGUNDA ETAPA YA TOM\u00d3 POSESI\u00d3N - NEWS\",\"isPartOf\":{\"@id\":\"https:\\\/\\\/cademaprop.com.ar\\\/blog\\\/#website\"},\"primaryImageOfPage\":{\"@id\":\"https:\\\/\\\/cademaprop.com.ar\\\/blog\\\/cardales-chico-la-segunda-etapa-ya-tomo-posesion\\\/#primaryimage\"},\"image\":{\"@id\":\"https:\\\/\\\/cademaprop.com.ar\\\/blog\\\/cardales-chico-la-segunda-etapa-ya-tomo-posesion\\\/#primaryimage\"},\"thumbnailUrl\":\"https:\\\/\\\/cademaprop.com.ar\\\/blog\\\/wp-content\\\/uploads\\\/2023\\\/11\\\/20231021_140022-1-scaled.jpg\",\"datePublished\":\"2023-11-03T20:30:00+00:00\",\"dateModified\":\"2024-11-22T22:56:55+00:00\",\"breadcrumb\":{\"@id\":\"https:\\\/\\\/cademaprop.com.ar\\\/blog\\\/cardales-chico-la-segunda-etapa-ya-tomo-posesion\\\/#breadcrumb\"},\"inLanguage\":\"es\",\"potentialAction\":[{\"@type\":\"ReadAction\",\"target\":[\"https:\\\/\\\/cademaprop.com.ar\\\/blog\\\/cardales-chico-la-segunda-etapa-ya-tomo-posesion\\\/\"]}]},{\"@type\":\"ImageObject\",\"inLanguage\":\"es\",\"@id\":\"https:\\\/\\\/cademaprop.com.ar\\\/blog\\\/cardales-chico-la-segunda-etapa-ya-tomo-posesion\\\/#primaryimage\",\"url\":\"https:\\\/\\\/cademaprop.com.ar\\\/blog\\\/wp-content\\\/uploads\\\/2023\\\/11\\\/20231021_140022-1-scaled.jpg\",\"contentUrl\":\"https:\\\/\\\/cademaprop.com.ar\\\/blog\\\/wp-content\\\/uploads\\\/2023\\\/11\\\/20231021_140022-1-scaled.jpg\",\"width\":2560,\"height\":1441},{\"@type\":\"BreadcrumbList\",\"@id\":\"https:\\\/\\\/cademaprop.com.ar\\\/blog\\\/cardales-chico-la-segunda-etapa-ya-tomo-posesion\\\/#breadcrumb\",\"itemListElement\":[{\"@type\":\"ListItem\",\"position\":1,\"name\":\"Inicio\",\"item\":\"https:\\\/\\\/cademaprop.com.ar\\\/blog\\\/\"},{\"@type\":\"ListItem\",\"position\":2,\"name\":\"CARDALES CHICO: LA SEGUNDA ETAPA YA TOM\u00d3 POSESI\u00d3N\"}]},{\"@type\":\"WebSite\",\"@id\":\"https:\\\/\\\/cademaprop.com.ar\\\/blog\\\/#website\",\"url\":\"https:\\\/\\\/cademaprop.com.ar\\\/blog\\\/\",\"name\":\"CADEMA NEWS\",\"description\":\"\",\"publisher\":{\"@id\":\"https:\\\/\\\/cademaprop.com.ar\\\/blog\\\/#organization\"},\"potentialAction\":[{\"@type\":\"SearchAction\",\"target\":{\"@type\":\"EntryPoint\",\"urlTemplate\":\"https:\\\/\\\/cademaprop.com.ar\\\/blog\\\/?s={search_term_string}\"},\"query-input\":{\"@type\":\"PropertyValueSpecification\",\"valueRequired\":true,\"valueName\":\"search_term_string\"}}],\"inLanguage\":\"es\"},{\"@type\":\"Organization\",\"@id\":\"https:\\\/\\\/cademaprop.com.ar\\\/blog\\\/#organization\",\"name\":\"INMOBILIARIA CADEMA\",\"url\":\"https:\\\/\\\/cademaprop.com.ar\\\/blog\\\/\",\"logo\":{\"@type\":\"ImageObject\",\"inLanguage\":\"es\",\"@id\":\"https:\\\/\\\/cademaprop.com.ar\\\/blog\\\/#\\\/schema\\\/logo\\\/image\\\/\",\"url\":\"https:\\\/\\\/cademaprop.com.ar\\\/blog\\\/wp-content\\\/uploads\\\/2024\\\/01\\\/CDN-Logo-Full-Color.png\",\"contentUrl\":\"https:\\\/\\\/cademaprop.com.ar\\\/blog\\\/wp-content\\\/uploads\\\/2024\\\/01\\\/CDN-Logo-Full-Color.png\",\"width\":4410,\"height\":1418,\"caption\":\"INMOBILIARIA CADEMA\"},\"image\":{\"@id\":\"https:\\\/\\\/cademaprop.com.ar\\\/blog\\\/#\\\/schema\\\/logo\\\/image\\\/\"},\"sameAs\":[\"https:\\\/\\\/www.facebook.com\\\/inmobiliariacadema\",\"https:\\\/\\\/x.com\\\/InmoCadema\",\"https:\\\/\\\/www.instagram.com\\\/inmobiliariacadema\",\"https:\\\/\\\/www.threads.net\\\/@inmobiliariacadema\",\"https:\\\/\\\/www.tiktok.com\\\/@inmobiliariacadema\"]},{\"@type\":\"Person\",\"@id\":\"https:\\\/\\\/cademaprop.com.ar\\\/blog\\\/#\\\/schema\\\/person\\\/bf1e8554d62db91bc0110bd8b2c68625\",\"name\":\"Cadema Bienes Ra\u00edces\",\"image\":{\"@type\":\"ImageObject\",\"inLanguage\":\"es\",\"@id\":\"https:\\\/\\\/secure.gravatar.com\\\/avatar\\\/dcf94633e3fe61607b8d5ead2fbb04c595474c581edee9a1c8c801464d64e4af?s=96&r=g\",\"url\":\"https:\\\/\\\/secure.gravatar.com\\\/avatar\\\/dcf94633e3fe61607b8d5ead2fbb04c595474c581edee9a1c8c801464d64e4af?s=96&r=g\",\"contentUrl\":\"https:\\\/\\\/secure.gravatar.com\\\/avatar\\\/dcf94633e3fe61607b8d5ead2fbb04c595474c581edee9a1c8c801464d64e4af?s=96&r=g\",\"caption\":\"Cadema Bienes Ra\u00edces\"},\"description\":\"Nuestra prioridad es lograr una s\u00edntesis equilibrada entre las necesidades del comprador y los requerimientos del vendedor. Con m\u00e1s de seis d\u00e9cadas de experiencia, nos enorgullece ser la empresa l\u00edder en el \u00e1mbito inmobiliario de la ciudad de Campana. Especializados en la venta de inmuebles y desarrollos urbanos e industriales, hemos marcado nuestro camino con dedicaci\u00f3n y excelencia. En el a\u00f1o 2024 celebramos nuestro 60\u00ba aniversario, reflejando nuestra constante b\u00fasqueda de vanguardia tecnol\u00f3gica para enfrentar los desaf\u00edos del mercado.\",\"sameAs\":[\"https:\\\/\\\/www.cademaprop.com.ar\\\/\"],\"url\":\"https:\\\/\\\/cademaprop.com.ar\\\/blog\\\/author\\\/mar0015\\\/\"}]}<\/script>\n<!-- \/ Yoast SEO plugin. -->","yoast_head_json":{"title":"CARDALES CHICO: LA SEGUNDA ETAPA YA TOM\u00d3 POSESI\u00d3N - NEWS","robots":{"index":"index","follow":"follow","max-snippet":"max-snippet:-1","max-image-preview":"max-image-preview:large","max-video-preview":"max-video-preview:-1"},"canonical":"https:\/\/cademaprop.com.ar\/blog\/cardales-chico-la-segunda-etapa-ya-tomo-posesion\/","og_locale":"es_MX","og_type":"article","og_title":"CARDALES CHICO: LA SEGUNDA ETAPA YA TOM\u00d3 POSESI\u00d3N - NEWS","og_description":"El pasado s\u00e1bado 21 de octubre, en la localidad de Los Cardales, partido de Campana, tuvimos el placer de recibir a los nuevos propietarios de la segunda etapa del barrio Cardales Chico para llevar a cabo la posesi\u00f3n de sus lotes. El evento tuvo lugar de 10 a 14 horas al costado del gran cartel [&hellip;]","og_url":"https:\/\/cademaprop.com.ar\/blog\/cardales-chico-la-segunda-etapa-ya-tomo-posesion\/","og_site_name":"NEWS","article_publisher":"https:\/\/www.facebook.com\/inmobiliariacadema","article_published_time":"2023-11-03T20:30:00+00:00","article_modified_time":"2024-11-22T22:56:55+00:00","og_image":[{"width":2560,"height":1441,"url":"https:\/\/cademaprop.com.ar\/blog\/wp-content\/uploads\/2023\/11\/20231021_140022-1-scaled.jpg","type":"image\/jpeg"}],"author":"Cadema Bienes Ra\u00edces","twitter_card":"summary_large_image","twitter_creator":"@InmoCadema","twitter_site":"@InmoCadema","twitter_misc":{"Escrito por":"Cadema Bienes Ra\u00edces","Tiempo de lectura":"8 minutos"},"schema":{"@context":"https:\/\/schema.org","@graph":[{"@type":"Article","@id":"https:\/\/cademaprop.com.ar\/blog\/cardales-chico-la-segunda-etapa-ya-tomo-posesion\/#article","isPartOf":{"@id":"https:\/\/cademaprop.com.ar\/blog\/cardales-chico-la-segunda-etapa-ya-tomo-posesion\/"},"author":{"name":"Cadema Bienes Ra\u00edces","@id":"https:\/\/cademaprop.com.ar\/blog\/#\/schema\/person\/bf1e8554d62db91bc0110bd8b2c68625"},"headline":"CARDALES CHICO: LA SEGUNDA ETAPA YA TOM\u00d3 POSESI\u00d3N","datePublished":"2023-11-03T20:30:00+00:00","dateModified":"2024-11-22T22:56:55+00:00","mainEntityOfPage":{"@id":"https:\/\/cademaprop.com.ar\/blog\/cardales-chico-la-segunda-etapa-ya-tomo-posesion\/"},"wordCount":1188,"publisher":{"@id":"https:\/\/cademaprop.com.ar\/blog\/#organization"},"image":{"@id":"https:\/\/cademaprop.com.ar\/blog\/cardales-chico-la-segunda-etapa-ya-tomo-posesion\/#primaryimage"},"thumbnailUrl":"https:\/\/cademaprop.com.ar\/blog\/wp-content\/uploads\/2023\/11\/20231021_140022-1-scaled.jpg","keywords":["Destacado"],"articleSection":["Cardales Chico","Emprendimientos","Olimpo Desarrollos"],"inLanguage":"es"},{"@type":"WebPage","@id":"https:\/\/cademaprop.com.ar\/blog\/cardales-chico-la-segunda-etapa-ya-tomo-posesion\/","url":"https:\/\/cademaprop.com.ar\/blog\/cardales-chico-la-segunda-etapa-ya-tomo-posesion\/","name":"CARDALES CHICO: LA SEGUNDA ETAPA YA TOM\u00d3 POSESI\u00d3N - NEWS","isPartOf":{"@id":"https:\/\/cademaprop.com.ar\/blog\/#website"},"primaryImageOfPage":{"@id":"https:\/\/cademaprop.com.ar\/blog\/cardales-chico-la-segunda-etapa-ya-tomo-posesion\/#primaryimage"},"image":{"@id":"https:\/\/cademaprop.com.ar\/blog\/cardales-chico-la-segunda-etapa-ya-tomo-posesion\/#primaryimage"},"thumbnailUrl":"https:\/\/cademaprop.com.ar\/blog\/wp-content\/uploads\/2023\/11\/20231021_140022-1-scaled.jpg","datePublished":"2023-11-03T20:30:00+00:00","dateModified":"2024-11-22T22:56:55+00:00","breadcrumb":{"@id":"https:\/\/cademaprop.com.ar\/blog\/cardales-chico-la-segunda-etapa-ya-tomo-posesion\/#breadcrumb"},"inLanguage":"es","potentialAction":[{"@type":"ReadAction","target":["https:\/\/cademaprop.com.ar\/blog\/cardales-chico-la-segunda-etapa-ya-tomo-posesion\/"]}]},{"@type":"ImageObject","inLanguage":"es","@id":"https:\/\/cademaprop.com.ar\/blog\/cardales-chico-la-segunda-etapa-ya-tomo-posesion\/#primaryimage","url":"https:\/\/cademaprop.com.ar\/blog\/wp-content\/uploads\/2023\/11\/20231021_140022-1-scaled.jpg","contentUrl":"https:\/\/cademaprop.com.ar\/blog\/wp-content\/uploads\/2023\/11\/20231021_140022-1-scaled.jpg","width":2560,"height":1441},{"@type":"BreadcrumbList","@id":"https:\/\/cademaprop.com.ar\/blog\/cardales-chico-la-segunda-etapa-ya-tomo-posesion\/#breadcrumb","itemListElement":[{"@type":"ListItem","position":1,"name":"Inicio","item":"https:\/\/cademaprop.com.ar\/blog\/"},{"@type":"ListItem","position":2,"name":"CARDALES CHICO: LA SEGUNDA ETAPA YA TOM\u00d3 POSESI\u00d3N"}]},{"@type":"WebSite","@id":"https:\/\/cademaprop.com.ar\/blog\/#website","url":"https:\/\/cademaprop.com.ar\/blog\/","name":"CADEMA NEWS","description":"","publisher":{"@id":"https:\/\/cademaprop.com.ar\/blog\/#organization"},"potentialAction":[{"@type":"SearchAction","target":{"@type":"EntryPoint","urlTemplate":"https:\/\/cademaprop.com.ar\/blog\/?s={search_term_string}"},"query-input":{"@type":"PropertyValueSpecification","valueRequired":true,"valueName":"search_term_string"}}],"inLanguage":"es"},{"@type":"Organization","@id":"https:\/\/cademaprop.com.ar\/blog\/#organization","name":"INMOBILIARIA CADEMA","url":"https:\/\/cademaprop.com.ar\/blog\/","logo":{"@type":"ImageObject","inLanguage":"es","@id":"https:\/\/cademaprop.com.ar\/blog\/#\/schema\/logo\/image\/","url":"https:\/\/cademaprop.com.ar\/blog\/wp-content\/uploads\/2024\/01\/CDN-Logo-Full-Color.png","contentUrl":"https:\/\/cademaprop.com.ar\/blog\/wp-content\/uploads\/2024\/01\/CDN-Logo-Full-Color.png","width":4410,"height":1418,"caption":"INMOBILIARIA CADEMA"},"image":{"@id":"https:\/\/cademaprop.com.ar\/blog\/#\/schema\/logo\/image\/"},"sameAs":["https:\/\/www.facebook.com\/inmobiliariacadema","https:\/\/x.com\/InmoCadema","https:\/\/www.instagram.com\/inmobiliariacadema","https:\/\/www.threads.net\/@inmobiliariacadema","https:\/\/www.tiktok.com\/@inmobiliariacadema"]},{"@type":"Person","@id":"https:\/\/cademaprop.com.ar\/blog\/#\/schema\/person\/bf1e8554d62db91bc0110bd8b2c68625","name":"Cadema Bienes Ra\u00edces","image":{"@type":"ImageObject","inLanguage":"es","@id":"https:\/\/secure.gravatar.com\/avatar\/dcf94633e3fe61607b8d5ead2fbb04c595474c581edee9a1c8c801464d64e4af?s=96&r=g","url":"https:\/\/secure.gravatar.com\/avatar\/dcf94633e3fe61607b8d5ead2fbb04c595474c581edee9a1c8c801464d64e4af?s=96&r=g","contentUrl":"https:\/\/secure.gravatar.com\/avatar\/dcf94633e3fe61607b8d5ead2fbb04c595474c581edee9a1c8c801464d64e4af?s=96&r=g","caption":"Cadema Bienes Ra\u00edces"},"description":"Nuestra prioridad es lograr una s\u00edntesis equilibrada entre las necesidades del comprador y los requerimientos del vendedor. Con m\u00e1s de seis d\u00e9cadas de experiencia, nos enorgullece ser la empresa l\u00edder en el \u00e1mbito inmobiliario de la ciudad de Campana. Especializados en la venta de inmuebles y desarrollos urbanos e industriales, hemos marcado nuestro camino con dedicaci\u00f3n y excelencia. En el a\u00f1o 2024 celebramos nuestro 60\u00ba aniversario, reflejando nuestra constante b\u00fasqueda de vanguardia tecnol\u00f3gica para enfrentar los desaf\u00edos del mercado.","sameAs":["https:\/\/www.cademaprop.com.ar\/"],"url":"https:\/\/cademaprop.com.ar\/blog\/author\/mar0015\/"}]}},"_links":{"self":[{"href":"https:\/\/cademaprop.com.ar\/blog\/wp-json\/wp\/v2\/posts\/1297","targetHints":{"allow":["GET"]}}],"collection":[{"href":"https:\/\/cademaprop.com.ar\/blog\/wp-json\/wp\/v2\/posts"}],"about":[{"href":"https:\/\/cademaprop.com.ar\/blog\/wp-json\/wp\/v2\/types\/post"}],"author":[{"embeddable":true,"href":"https:\/\/cademaprop.com.ar\/blog\/wp-json\/wp\/v2\/users\/2"}],"replies":[{"embeddable":true,"href":"https:\/\/cademaprop.com.ar\/blog\/wp-json\/wp\/v2\/comments?post=1297"}],"version-history":[{"count":0,"href":"https:\/\/cademaprop.com.ar\/blog\/wp-json\/wp\/v2\/posts\/1297\/revisions"}],"wp:featuredmedia":[{"embeddable":true,"href":"https:\/\/cademaprop.com.ar\/blog\/wp-json\/wp\/v2\/media\/1315"}],"wp:attachment":[{"href":"https:\/\/cademaprop.com.ar\/blog\/wp-json\/wp\/v2\/media?parent=1297"}],"wp:term":[{"taxonomy":"category","embeddable":true,"href":"https:\/\/cademaprop.com.ar\/blog\/wp-json\/wp\/v2\/categories?post=1297"},{"taxonomy":"post_tag","embeddable":true,"href":"https:\/\/cademaprop.com.ar\/blog\/wp-json\/wp\/v2\/tags?post=1297"}],"curies":[{"name":"wp","href":"https:\/\/api.w.org\/{rel}","templated":true}]}}