{"id":1467,"date":"2023-11-21T17:38:00","date_gmt":"2023-11-21T20:38:00","guid":{"rendered":"https:\/\/cademaprop.com.ar\/blog\/?p=1467"},"modified":"2024-11-22T19:55:34","modified_gmt":"2024-11-22T22:55:34","slug":"los-cardenales-ii-vivi-tu-departamento-en-un-entorno-verde-y-seguro","status":"publish","type":"post","link":"https:\/\/cademaprop.com.ar\/blog\/los-cardenales-ii-vivi-tu-departamento-en-un-entorno-verde-y-seguro\/","title":{"rendered":"LOS CARDENALES II: VIV\u00cd TU DEPARTAMENTO EN UN ENTORNO VERDE Y SEGURO"},"content":{"rendered":"\n<p>Citando las palabras de la escritora Kate Morton: \u201cUn hogar es m\u00e1s que la suma de los elementos materiales que lo componen: es un almac\u00e9n de recuerdos, un archivo, un guardi\u00e1n de todo lo que ha sucedido dentro de sus l\u00edmites.\u201d Queremos darte a conocer un complejo de departamentos dentro de un lugar de gran verdor y excelentes amenities, ideal para la construcci\u00f3n de tu nuevo hogar: <a href=\"https:\/\/www.cademaprop.com.ar\/emprendimiento-50924-Los-Cardenales-II,-Departamentos-en-Los-Cardales\" data-type=\"link\" data-id=\"https:\/\/www.cademaprop.com.ar\/emprendimiento-50924-Los-Cardenales-II,-Departamentos-en-Los-Cardales\" target=\"_blank\" rel=\"noreferrer noopener\">Los Cardenales II<\/a>.<\/p>\n\n\n\n<p style=\"margin-bottom:var(--wp--preset--spacing--50)\">Ubicado en el coraz\u00f3n de Los Cardales, a una caminata del centro urbano del pueblo, el condominio est\u00e1 <a href=\"https:\/\/maps.app.goo.gl\/8PxQ1YLGBx4E4bkw6\" data-type=\"link\" data-id=\"https:\/\/maps.app.goo.gl\/8PxQ1YLGBx4E4bkw6\" target=\"_blank\" rel=\"noreferrer noopener\">a tres cuadras de la Ruta N\u00b06 y a dos cuadras de Avenida San Martin (Camino Ruta 4)<\/a>, confiriendo una conexi\u00f3n directa con las Rutas N\u00b08 y N\u00b09, a tan solo 15 minutos de Campana y de Pilar, y a 60 km de Buenos Aires. Esta segunda etapa, que se suma al primer bloque ya existente y habitado, cuenta con 12 unidades apto residencial: 4 departamentos de 3 dormitorios, y 8 de 1 dormitorio; 6 departamentos apto profesional de 2 y 4 ambientes con ascensor, y, adem\u00e1s, posee un frente comercial con 9 locales.<\/p>\n\n\n\n<figure class=\"wp-block-image alignright size-large is-resized\"><a href=\"https:\/\/cademaprop.com.ar\/blog\/wp-content\/uploads\/2023\/11\/672182c4-c736-4556-a39b-6362293a0c8b.jpg\"><img fetchpriority=\"high\" decoding=\"async\" width=\"1024\" height=\"768\" src=\"https:\/\/cademaprop.com.ar\/blog\/wp-content\/uploads\/2023\/11\/672182c4-c736-4556-a39b-6362293a0c8b-1024x768.jpg\" alt=\"\" class=\"wp-image-1473\" style=\"width:201px;height:auto\" srcset=\"https:\/\/cademaprop.com.ar\/blog\/wp-content\/uploads\/2023\/11\/672182c4-c736-4556-a39b-6362293a0c8b-1024x768.jpg 1024w, https:\/\/cademaprop.com.ar\/blog\/wp-content\/uploads\/2023\/11\/672182c4-c736-4556-a39b-6362293a0c8b-300x225.jpg 300w, https:\/\/cademaprop.com.ar\/blog\/wp-content\/uploads\/2023\/11\/672182c4-c736-4556-a39b-6362293a0c8b-768x576.jpg 768w, https:\/\/cademaprop.com.ar\/blog\/wp-content\/uploads\/2023\/11\/672182c4-c736-4556-a39b-6362293a0c8b.jpg 1280w\" sizes=\"(max-width: 1024px) 100vw, 1024px\" \/><\/a><\/figure>\n\n\n\n<p>Los departamentos de 2 ambientes disponen de una superficie total de 50.20 m<sup>2<\/sup>, amplio living \u2013 cocina \u2013 comedor equipado con bajo mesada en L con grifer\u00eda, muy luminoso gracias al extenso ventanal que da a un gran balc\u00f3n aterrazado con vista al parque verde y a la pileta. Tambi\u00e9n poseen un ba\u00f1o completo totalmente equipado y dormitorio espacioso.<\/p>\n\n\n\n<p>Adem\u00e1s de contar con todo lo mencionado anteriormente, lo que hace especiales a los departamentos de 4 ambientes es el sector de lavarropas, un toilet extra a parte del ba\u00f1o completo y 3 dormitorios. Todas las unidades est\u00e1n equipadas con conexi\u00f3n de internet por fibra \u00f3ptica, calefacci\u00f3n aire fr\u00edo calor y cochera.<\/p>\n\n\n\n<p>Uno de los puntos fuertes y m\u00e1s pintorescos del complejo son sus amenities:<\/p>\n\n\n\n<ul class=\"wp-block-list\">\n<li>Piletas de 256 m\u00b2 y 32 m\u00b2 para relajar y practicar deporte, ambas con sol\u00e1rium,<\/li>\n\n\n\n<li>Gimnasio con pesas, m\u00e1quinas y todo lo que necesario para que el cuerpo est\u00e9 activo,<\/li>\n\n\n\n<li>SUM de 150m<sup>2<\/sup> con 3 ba\u00f1os, losa radiante, cocina, lavavajillas, heladera y amoblamientos,<\/li>\n\n\n\n<li>Parrilla para disfrutar una buena comida al aire libre,<\/li>\n\n\n\n<li>Cancha de f\u00fatbol 7 con c\u00e9sped para disfrutar de un partido con amigos o entre vecinos,<\/li>\n\n\n\n<li>Seguridad 24 horas,<\/li>\n\n\n\n<li>WiFi en \u00e1reas comunes.<\/li>\n<\/ul>\n\n\n\n<p style=\"margin-bottom:var(--wp--preset--spacing--50)\">Todas estas comodidades hacen de Los Cardenales II un lugar seguro y confortable para todas aquellas familias que desean ver a sus hijos jugar en cualquier momento del d\u00eda en un extenso y cuidado parque, disfrutar de una tarde de pileta, compartir un partido de f\u00fatbol entre amigos, o el t\u00edpico asado de los domingos en familia.<\/p>\n\n\n\n<figure class=\"wp-block-image alignleft size-large is-resized\"><a href=\"https:\/\/cademaprop.com.ar\/blog\/wp-content\/uploads\/2023\/11\/95d423e4-0269-4807-9f6f-d511d9d9226c.jpg\"><img decoding=\"async\" width=\"1024\" height=\"768\" src=\"https:\/\/cademaprop.com.ar\/blog\/wp-content\/uploads\/2023\/11\/95d423e4-0269-4807-9f6f-d511d9d9226c-1024x768.jpg\" alt=\"\" class=\"wp-image-1475\" style=\"width:202px;height:auto\" srcset=\"https:\/\/cademaprop.com.ar\/blog\/wp-content\/uploads\/2023\/11\/95d423e4-0269-4807-9f6f-d511d9d9226c-1024x768.jpg 1024w, https:\/\/cademaprop.com.ar\/blog\/wp-content\/uploads\/2023\/11\/95d423e4-0269-4807-9f6f-d511d9d9226c-300x225.jpg 300w, https:\/\/cademaprop.com.ar\/blog\/wp-content\/uploads\/2023\/11\/95d423e4-0269-4807-9f6f-d511d9d9226c-768x576.jpg 768w, https:\/\/cademaprop.com.ar\/blog\/wp-content\/uploads\/2023\/11\/95d423e4-0269-4807-9f6f-d511d9d9226c.jpg 1280w\" sizes=\"(max-width: 1024px) 100vw, 1024px\" \/><\/a><\/figure>\n\n\n\n<p>Un dato muy interesante sobre el complejo es su calidad constructiva y arquitect\u00f3nica de excelentes terminaciones. Para el tipo de suelo de la zona de Cardales se utiliz\u00f3 construcci\u00f3n en seco de \u00faltima tecnolog\u00eda, asegurando una calidad estructural resistente al paso del tiempo.<\/p>\n\n\n\n<p>Actualmente, se encuentran en preventa dentro de nuestra cartera las 12 unidades apto residencial y dos de los locales comerciales a un valor excepcional. El precio final de los departamentos de 1 dormitorio es de 55.000 USD, y los de 3 dormitorios 99.000 USD; ambos con posibilidad de financiaci\u00f3n con anticipo del 40% y saldo en cuotas en d\u00f3lares o hasta 24 cuotas en pesos con incremento CAC. Expensas aproximadas de $27.000. Posesi\u00f3n estimada: marzo 2024.<\/p>\n\n\n\n<p>Para m\u00e1s informaci\u00f3n sobre este complejo de primera categor\u00eda, acercate de lunes a viernes a la oficina comercial de <a href=\"https:\/\/www.cademaprop.com.ar\/\" data-type=\"link\" data-id=\"https:\/\/www.cademaprop.com.ar\/\" target=\"_blank\" rel=\"noreferrer noopener\">Cadema<\/a> en donde podremos resolverte cualquier inquietud.<\/p>\n\n\n\n<p>Los Cardenales II: Tu nuevo hogar en un espacio de gran verdor y amenities, donde encontrar\u00e1s la tranquilidad de alejarte de la ciudad, pero a una caminata o bicicleta de todo.<\/p>\n\n\n\n<hr class=\"wp-block-separator has-alpha-channel-opacity is-style-wide\" style=\"margin-top:var(--wp--preset--spacing--50);margin-bottom:var(--wp--preset--spacing--50)\"\/>\n\n\n\n<p>Cadema Bienes Ra\u00edces<\/p>\n\n\n\n<p>Av Varela 420, Campana<\/p>\n\n\n\n<p><a href=\"https:\/\/wa.me\/5493489659742?text=Hola.%20Me%20interesa%20obtener%20mayor%20informaci%C3%B3n%20y%20asesoramiento%20sobre%20inmuebles%20industriales.\" target=\"_blank\" rel=\"noreferrer noopener\">+54 9 3489&nbsp;<\/a><a href=\"https:\/\/wa.me\/5493489659742?text=Hola.%20Me%20interesa%20obtener%20mayor%20informaci%C3%B3n%20y%20asesoramiento%20sobre%20inmuebles.\" target=\"_blank\" rel=\"noreferrer noopener\">659742<\/a><\/p>\n\n\n\n<p><a href=\"https:\/\/instagram.com\/cademabienesraices\" target=\"_blank\" rel=\"noreferrer noopener\">@cademabienesraices<\/a><\/p>\n\n\n\n<p><a href=\"http:\/\/www.cademaprop.com.ar\">www.cademaprop.com.ar<\/a><\/p>\n\n\n\n<p>Corredor responsable Bruno Catardi, CMZC Leg. Col. N 528.<\/p>\n\n\n\n<hr class=\"wp-block-separator has-alpha-channel-opacity is-style-wide\" style=\"margin-top:var(--wp--preset--spacing--50);margin-bottom:var(--wp--preset--spacing--50)\"\/>\n\n\n\n<p><strong>GALER\u00cdA:<\/strong><\/p>\n\n\n\n<figure class=\"wp-block-gallery has-nested-images columns-2 is-cropped wp-block-gallery-1 is-layout-flex wp-block-gallery-is-layout-flex\">\n<figure class=\"wp-block-image size-large\"><a href=\"https:\/\/cademaprop.com.ar\/blog\/wp-content\/uploads\/2023\/11\/los-cardenales-2-17-1.png\"><img decoding=\"async\" width=\"1024\" height=\"725\" data-id=\"1482\" src=\"https:\/\/cademaprop.com.ar\/blog\/wp-content\/uploads\/2023\/11\/los-cardenales-2-17-1-1024x725.png\" alt=\"\" class=\"wp-image-1482\" srcset=\"https:\/\/cademaprop.com.ar\/blog\/wp-content\/uploads\/2023\/11\/los-cardenales-2-17-1-1024x725.png 1024w, https:\/\/cademaprop.com.ar\/blog\/wp-content\/uploads\/2023\/11\/los-cardenales-2-17-1-300x212.png 300w, https:\/\/cademaprop.com.ar\/blog\/wp-content\/uploads\/2023\/11\/los-cardenales-2-17-1-768x544.png 768w, https:\/\/cademaprop.com.ar\/blog\/wp-content\/uploads\/2023\/11\/los-cardenales-2-17-1.png 1366w\" sizes=\"(max-width: 1024px) 100vw, 1024px\" \/><\/a><\/figure>\n\n\n\n<figure class=\"wp-block-image size-large\"><a href=\"https:\/\/cademaprop.com.ar\/blog\/wp-content\/uploads\/2023\/11\/176f23bc-2536-4cad-b5f0-b70eac4dbb7a.jpg\"><img loading=\"lazy\" decoding=\"async\" width=\"1024\" height=\"768\" data-id=\"1477\" src=\"https:\/\/cademaprop.com.ar\/blog\/wp-content\/uploads\/2023\/11\/176f23bc-2536-4cad-b5f0-b70eac4dbb7a-1024x768.jpg\" alt=\"\" class=\"wp-image-1477\" srcset=\"https:\/\/cademaprop.com.ar\/blog\/wp-content\/uploads\/2023\/11\/176f23bc-2536-4cad-b5f0-b70eac4dbb7a-1024x768.jpg 1024w, https:\/\/cademaprop.com.ar\/blog\/wp-content\/uploads\/2023\/11\/176f23bc-2536-4cad-b5f0-b70eac4dbb7a-300x225.jpg 300w, https:\/\/cademaprop.com.ar\/blog\/wp-content\/uploads\/2023\/11\/176f23bc-2536-4cad-b5f0-b70eac4dbb7a-768x576.jpg 768w, https:\/\/cademaprop.com.ar\/blog\/wp-content\/uploads\/2023\/11\/176f23bc-2536-4cad-b5f0-b70eac4dbb7a.jpg 1280w\" sizes=\"(max-width: 1024px) 100vw, 1024px\" \/><\/a><\/figure>\n\n\n\n<figure class=\"wp-block-image size-large\"><a href=\"https:\/\/cademaprop.com.ar\/blog\/wp-content\/uploads\/2023\/11\/IMG_6921.jpg\"><img loading=\"lazy\" decoding=\"async\" width=\"1425\" height=\"1069\" data-id=\"1487\" src=\"https:\/\/cademaprop.com.ar\/blog\/wp-content\/uploads\/2023\/11\/IMG_6921-edited.jpg\" alt=\"\" class=\"wp-image-1487\" srcset=\"https:\/\/cademaprop.com.ar\/blog\/wp-content\/uploads\/2023\/11\/IMG_6921-edited.jpg 1425w, https:\/\/cademaprop.com.ar\/blog\/wp-content\/uploads\/2023\/11\/IMG_6921-edited-300x225.jpg 300w, https:\/\/cademaprop.com.ar\/blog\/wp-content\/uploads\/2023\/11\/IMG_6921-edited-1024x768.jpg 1024w, https:\/\/cademaprop.com.ar\/blog\/wp-content\/uploads\/2023\/11\/IMG_6921-edited-768x576.jpg 768w\" sizes=\"(max-width: 1425px) 100vw, 1425px\" \/><\/a><\/figure>\n\n\n\n<figure class=\"wp-block-image size-large\"><a href=\"https:\/\/cademaprop.com.ar\/blog\/wp-content\/uploads\/2023\/11\/1cb976c5-2eb5-4355-82fc-aadc4a12748c.jpg\"><img loading=\"lazy\" decoding=\"async\" width=\"1024\" height=\"768\" data-id=\"1479\" src=\"https:\/\/cademaprop.com.ar\/blog\/wp-content\/uploads\/2023\/11\/1cb976c5-2eb5-4355-82fc-aadc4a12748c-1024x768.jpg\" alt=\"\" class=\"wp-image-1479\" srcset=\"https:\/\/cademaprop.com.ar\/blog\/wp-content\/uploads\/2023\/11\/1cb976c5-2eb5-4355-82fc-aadc4a12748c-1024x768.jpg 1024w, https:\/\/cademaprop.com.ar\/blog\/wp-content\/uploads\/2023\/11\/1cb976c5-2eb5-4355-82fc-aadc4a12748c-300x225.jpg 300w, https:\/\/cademaprop.com.ar\/blog\/wp-content\/uploads\/2023\/11\/1cb976c5-2eb5-4355-82fc-aadc4a12748c-768x576.jpg 768w, https:\/\/cademaprop.com.ar\/blog\/wp-content\/uploads\/2023\/11\/1cb976c5-2eb5-4355-82fc-aadc4a12748c.jpg 1280w\" sizes=\"(max-width: 1024px) 100vw, 1024px\" \/><\/a><\/figure>\n\n\n\n<figure class=\"wp-block-image size-large\"><a href=\"https:\/\/cademaprop.com.ar\/blog\/wp-content\/uploads\/2023\/11\/cc2acff2-c1f0-4457-a8c4-c3f44f42c0c7.jpg\"><img loading=\"lazy\" decoding=\"async\" width=\"768\" height=\"1024\" data-id=\"1483\" src=\"https:\/\/cademaprop.com.ar\/blog\/wp-content\/uploads\/2023\/11\/cc2acff2-c1f0-4457-a8c4-c3f44f42c0c7-768x1024.jpg\" alt=\"\" class=\"wp-image-1483\" srcset=\"https:\/\/cademaprop.com.ar\/blog\/wp-content\/uploads\/2023\/11\/cc2acff2-c1f0-4457-a8c4-c3f44f42c0c7-768x1024.jpg 768w, https:\/\/cademaprop.com.ar\/blog\/wp-content\/uploads\/2023\/11\/cc2acff2-c1f0-4457-a8c4-c3f44f42c0c7-225x300.jpg 225w, https:\/\/cademaprop.com.ar\/blog\/wp-content\/uploads\/2023\/11\/cc2acff2-c1f0-4457-a8c4-c3f44f42c0c7.jpg 960w\" sizes=\"(max-width: 768px) 100vw, 768px\" \/><\/a><\/figure>\n\n\n\n<figure class=\"wp-block-image size-large\"><a href=\"https:\/\/cademaprop.com.ar\/blog\/wp-content\/uploads\/2023\/11\/d73edcc4-d231-433e-af47-f9a18b95a77e.jpg\"><img loading=\"lazy\" decoding=\"async\" width=\"768\" height=\"1024\" data-id=\"1481\" src=\"https:\/\/cademaprop.com.ar\/blog\/wp-content\/uploads\/2023\/11\/d73edcc4-d231-433e-af47-f9a18b95a77e-768x1024.jpg\" alt=\"\" class=\"wp-image-1481\" srcset=\"https:\/\/cademaprop.com.ar\/blog\/wp-content\/uploads\/2023\/11\/d73edcc4-d231-433e-af47-f9a18b95a77e-768x1024.jpg 768w, https:\/\/cademaprop.com.ar\/blog\/wp-content\/uploads\/2023\/11\/d73edcc4-d231-433e-af47-f9a18b95a77e-225x300.jpg 225w, https:\/\/cademaprop.com.ar\/blog\/wp-content\/uploads\/2023\/11\/d73edcc4-d231-433e-af47-f9a18b95a77e.jpg 960w\" sizes=\"(max-width: 768px) 100vw, 768px\" \/><\/a><\/figure>\n\n\n\n<figure class=\"wp-block-image size-large\"><a href=\"https:\/\/cademaprop.com.ar\/blog\/wp-content\/uploads\/2023\/11\/c2323a3a-beec-4ff7-9731-73c1edbf676f.jpg\"><img loading=\"lazy\" decoding=\"async\" width=\"1024\" height=\"768\" data-id=\"1480\" src=\"https:\/\/cademaprop.com.ar\/blog\/wp-content\/uploads\/2023\/11\/c2323a3a-beec-4ff7-9731-73c1edbf676f-1024x768.jpg\" alt=\"\" class=\"wp-image-1480\" srcset=\"https:\/\/cademaprop.com.ar\/blog\/wp-content\/uploads\/2023\/11\/c2323a3a-beec-4ff7-9731-73c1edbf676f-1024x768.jpg 1024w, https:\/\/cademaprop.com.ar\/blog\/wp-content\/uploads\/2023\/11\/c2323a3a-beec-4ff7-9731-73c1edbf676f-300x225.jpg 300w, https:\/\/cademaprop.com.ar\/blog\/wp-content\/uploads\/2023\/11\/c2323a3a-beec-4ff7-9731-73c1edbf676f-768x576.jpg 768w, https:\/\/cademaprop.com.ar\/blog\/wp-content\/uploads\/2023\/11\/c2323a3a-beec-4ff7-9731-73c1edbf676f.jpg 1280w\" sizes=\"(max-width: 1024px) 100vw, 1024px\" \/><\/a><\/figure>\n\n\n\n<figure class=\"wp-block-image size-large\"><a href=\"https:\/\/cademaprop.com.ar\/blog\/wp-content\/uploads\/2023\/11\/IMG_6981-copia.jpg\"><img loading=\"lazy\" decoding=\"async\" width=\"1024\" height=\"788\" data-id=\"1484\" src=\"https:\/\/cademaprop.com.ar\/blog\/wp-content\/uploads\/2023\/11\/IMG_6981-copia-1024x788.jpg\" alt=\"\" class=\"wp-image-1484\" srcset=\"https:\/\/cademaprop.com.ar\/blog\/wp-content\/uploads\/2023\/11\/IMG_6981-copia-1024x788.jpg 1024w, https:\/\/cademaprop.com.ar\/blog\/wp-content\/uploads\/2023\/11\/IMG_6981-copia-300x231.jpg 300w, https:\/\/cademaprop.com.ar\/blog\/wp-content\/uploads\/2023\/11\/IMG_6981-copia-768x591.jpg 768w, https:\/\/cademaprop.com.ar\/blog\/wp-content\/uploads\/2023\/11\/IMG_6981-copia-1536x1183.jpg 1536w, https:\/\/cademaprop.com.ar\/blog\/wp-content\/uploads\/2023\/11\/IMG_6981-copia.jpg 1900w\" sizes=\"(max-width: 1024px) 100vw, 1024px\" \/><\/a><\/figure>\n<\/figure>\n","protected":false},"excerpt":{"rendered":"<p>Citando las palabras de la escritora Kate Morton: \u201cUn hogar es m\u00e1s que la suma de los elementos materiales que lo componen: es un almac\u00e9n de recuerdos, un archivo, un guardi\u00e1n de todo lo que ha sucedido dentro de sus l\u00edmites.\u201d Queremos darte a conocer un complejo de departamentos dentro de un lugar de gran [&hellip;]<\/p>\n","protected":false},"author":2,"featured_media":1471,"comment_status":"closed","ping_status":"closed","sticky":false,"template":"","format":"standard","meta":{"site-sidebar-layout":"default","site-content-layout":"","ast-site-content-layout":"default","site-content-style":"default","site-sidebar-style":"default","ast-global-header-display":"","ast-banner-title-visibility":"","ast-main-header-display":"","ast-hfb-above-header-display":"","ast-hfb-below-header-display":"","ast-hfb-mobile-header-display":"","site-post-title":"","ast-breadcrumbs-content":"","ast-featured-img":"","footer-sml-layout":"","theme-transparent-header-meta":"","adv-header-id-meta":"","stick-header-meta":"","header-above-stick-meta":"","header-main-stick-meta":"","header-below-stick-meta":"","astra-migrate-meta-layouts":"default","ast-page-background-enabled":"default","ast-page-background-meta":{"desktop":{"background-color":"","background-image":"","background-repeat":"repeat","background-position":"center center","background-size":"auto","background-attachment":"scroll","background-type":"","background-media":"","overlay-type":"","overlay-color":"","overlay-opacity":"","overlay-gradient":""},"tablet":{"background-color":"","background-image":"","background-repeat":"repeat","background-position":"center center","background-size":"auto","background-attachment":"scroll","background-type":"","background-media":"","overlay-type":"","overlay-color":"","overlay-opacity":"","overlay-gradient":""},"mobile":{"background-color":"","background-image":"","background-repeat":"repeat","background-position":"center center","background-size":"auto","background-attachment":"scroll","background-type":"","background-media":"","overlay-type":"","overlay-color":"","overlay-opacity":"","overlay-gradient":""}},"ast-content-background-meta":{"desktop":{"background-color":"var(--ast-global-color-5)","background-image":"","background-repeat":"repeat","background-position":"center center","background-size":"auto","background-attachment":"scroll","background-type":"","background-media":"","overlay-type":"","overlay-color":"","overlay-opacity":"","overlay-gradient":""},"tablet":{"background-color":"var(--ast-global-color-5)","background-image":"","background-repeat":"repeat","background-position":"center center","background-size":"auto","background-attachment":"scroll","background-type":"","background-media":"","overlay-type":"","overlay-color":"","overlay-opacity":"","overlay-gradient":""},"mobile":{"background-color":"var(--ast-global-color-5)","background-image":"","background-repeat":"repeat","background-position":"center center","background-size":"auto","background-attachment":"scroll","background-type":"","background-media":"","overlay-type":"","overlay-color":"","overlay-opacity":"","overlay-gradient":""}},"_joinchat":[],"footnotes":""},"categories":[9,24],"tags":[],"class_list":["post-1467","post","type-post","status-publish","format-standard","has-post-thumbnail","hentry","category-emprendimientos","category-los-cardenales-ii"],"yoast_head":"<!-- This site is optimized with the Yoast SEO plugin v27.5 - https:\/\/yoast.com\/product\/yoast-seo-wordpress\/ -->\n<title>LOS CARDENALES II: VIV\u00cd TU DEPARTAMENTO EN UN ENTORNO VERDE Y SEGURO - NEWS<\/title>\n<meta name=\"robots\" content=\"index, follow, max-snippet:-1, max-image-preview:large, max-video-preview:-1\" \/>\n<link rel=\"canonical\" href=\"https:\/\/cademaprop.com.ar\/blog\/los-cardenales-ii-vivi-tu-departamento-en-un-entorno-verde-y-seguro\/\" \/>\n<meta property=\"og:locale\" content=\"es_MX\" \/>\n<meta property=\"og:type\" content=\"article\" \/>\n<meta property=\"og:title\" content=\"LOS CARDENALES II: VIV\u00cd TU DEPARTAMENTO EN UN ENTORNO VERDE Y SEGURO - NEWS\" \/>\n<meta property=\"og:description\" content=\"Citando las palabras de la escritora Kate Morton: \u201cUn hogar es m\u00e1s que la suma de los elementos materiales que lo componen: es un almac\u00e9n de recuerdos, un archivo, un guardi\u00e1n de todo lo que ha sucedido dentro de sus l\u00edmites.\u201d Queremos darte a conocer un complejo de departamentos dentro de un lugar de gran [&hellip;]\" \/>\n<meta property=\"og:url\" content=\"https:\/\/cademaprop.com.ar\/blog\/los-cardenales-ii-vivi-tu-departamento-en-un-entorno-verde-y-seguro\/\" \/>\n<meta property=\"og:site_name\" content=\"NEWS\" \/>\n<meta property=\"article:publisher\" content=\"https:\/\/www.facebook.com\/inmobiliariacadema\" \/>\n<meta property=\"article:published_time\" content=\"2023-11-21T20:38:00+00:00\" \/>\n<meta property=\"article:modified_time\" content=\"2024-11-22T22:55:34+00:00\" \/>\n<meta property=\"og:image\" content=\"https:\/\/cademaprop.com.ar\/blog\/wp-content\/uploads\/2023\/11\/IMG_6966-copia.jpg\" \/>\n\t<meta property=\"og:image:width\" content=\"1900\" \/>\n\t<meta property=\"og:image:height\" content=\"1364\" \/>\n\t<meta property=\"og:image:type\" content=\"image\/jpeg\" \/>\n<meta name=\"author\" content=\"Cadema Bienes Ra\u00edces\" \/>\n<meta name=\"twitter:card\" content=\"summary_large_image\" \/>\n<meta name=\"twitter:creator\" content=\"@InmoCadema\" \/>\n<meta name=\"twitter:site\" content=\"@InmoCadema\" \/>\n<meta name=\"twitter:label1\" content=\"Escrito por\" \/>\n\t<meta name=\"twitter:data1\" content=\"Cadema Bienes Ra\u00edces\" \/>\n\t<meta name=\"twitter:label2\" content=\"Tiempo de lectura\" \/>\n\t<meta name=\"twitter:data2\" content=\"6 minutos\" \/>\n<script type=\"application\/ld+json\" class=\"yoast-schema-graph\">{\"@context\":\"https:\\\/\\\/schema.org\",\"@graph\":[{\"@type\":\"Article\",\"@id\":\"https:\\\/\\\/cademaprop.com.ar\\\/blog\\\/los-cardenales-ii-vivi-tu-departamento-en-un-entorno-verde-y-seguro\\\/#article\",\"isPartOf\":{\"@id\":\"https:\\\/\\\/cademaprop.com.ar\\\/blog\\\/los-cardenales-ii-vivi-tu-departamento-en-un-entorno-verde-y-seguro\\\/\"},\"author\":{\"name\":\"Cadema Bienes Ra\u00edces\",\"@id\":\"https:\\\/\\\/cademaprop.com.ar\\\/blog\\\/#\\\/schema\\\/person\\\/bf1e8554d62db91bc0110bd8b2c68625\"},\"headline\":\"LOS CARDENALES II: VIV\u00cd TU DEPARTAMENTO EN UN ENTORNO VERDE Y SEGURO\",\"datePublished\":\"2023-11-21T20:38:00+00:00\",\"dateModified\":\"2024-11-22T22:55:34+00:00\",\"mainEntityOfPage\":{\"@id\":\"https:\\\/\\\/cademaprop.com.ar\\\/blog\\\/los-cardenales-ii-vivi-tu-departamento-en-un-entorno-verde-y-seguro\\\/\"},\"wordCount\":654,\"publisher\":{\"@id\":\"https:\\\/\\\/cademaprop.com.ar\\\/blog\\\/#organization\"},\"image\":{\"@id\":\"https:\\\/\\\/cademaprop.com.ar\\\/blog\\\/los-cardenales-ii-vivi-tu-departamento-en-un-entorno-verde-y-seguro\\\/#primaryimage\"},\"thumbnailUrl\":\"https:\\\/\\\/cademaprop.com.ar\\\/blog\\\/wp-content\\\/uploads\\\/2023\\\/11\\\/IMG_6966-copia.jpg\",\"articleSection\":[\"Emprendimientos\",\"Los Cardenales II\"],\"inLanguage\":\"es\"},{\"@type\":\"WebPage\",\"@id\":\"https:\\\/\\\/cademaprop.com.ar\\\/blog\\\/los-cardenales-ii-vivi-tu-departamento-en-un-entorno-verde-y-seguro\\\/\",\"url\":\"https:\\\/\\\/cademaprop.com.ar\\\/blog\\\/los-cardenales-ii-vivi-tu-departamento-en-un-entorno-verde-y-seguro\\\/\",\"name\":\"LOS CARDENALES II: VIV\u00cd TU DEPARTAMENTO EN UN ENTORNO VERDE Y SEGURO - NEWS\",\"isPartOf\":{\"@id\":\"https:\\\/\\\/cademaprop.com.ar\\\/blog\\\/#website\"},\"primaryImageOfPage\":{\"@id\":\"https:\\\/\\\/cademaprop.com.ar\\\/blog\\\/los-cardenales-ii-vivi-tu-departamento-en-un-entorno-verde-y-seguro\\\/#primaryimage\"},\"image\":{\"@id\":\"https:\\\/\\\/cademaprop.com.ar\\\/blog\\\/los-cardenales-ii-vivi-tu-departamento-en-un-entorno-verde-y-seguro\\\/#primaryimage\"},\"thumbnailUrl\":\"https:\\\/\\\/cademaprop.com.ar\\\/blog\\\/wp-content\\\/uploads\\\/2023\\\/11\\\/IMG_6966-copia.jpg\",\"datePublished\":\"2023-11-21T20:38:00+00:00\",\"dateModified\":\"2024-11-22T22:55:34+00:00\",\"breadcrumb\":{\"@id\":\"https:\\\/\\\/cademaprop.com.ar\\\/blog\\\/los-cardenales-ii-vivi-tu-departamento-en-un-entorno-verde-y-seguro\\\/#breadcrumb\"},\"inLanguage\":\"es\",\"potentialAction\":[{\"@type\":\"ReadAction\",\"target\":[\"https:\\\/\\\/cademaprop.com.ar\\\/blog\\\/los-cardenales-ii-vivi-tu-departamento-en-un-entorno-verde-y-seguro\\\/\"]}]},{\"@type\":\"ImageObject\",\"inLanguage\":\"es\",\"@id\":\"https:\\\/\\\/cademaprop.com.ar\\\/blog\\\/los-cardenales-ii-vivi-tu-departamento-en-un-entorno-verde-y-seguro\\\/#primaryimage\",\"url\":\"https:\\\/\\\/cademaprop.com.ar\\\/blog\\\/wp-content\\\/uploads\\\/2023\\\/11\\\/IMG_6966-copia.jpg\",\"contentUrl\":\"https:\\\/\\\/cademaprop.com.ar\\\/blog\\\/wp-content\\\/uploads\\\/2023\\\/11\\\/IMG_6966-copia.jpg\",\"width\":1900,\"height\":1364},{\"@type\":\"BreadcrumbList\",\"@id\":\"https:\\\/\\\/cademaprop.com.ar\\\/blog\\\/los-cardenales-ii-vivi-tu-departamento-en-un-entorno-verde-y-seguro\\\/#breadcrumb\",\"itemListElement\":[{\"@type\":\"ListItem\",\"position\":1,\"name\":\"Inicio\",\"item\":\"https:\\\/\\\/cademaprop.com.ar\\\/blog\\\/\"},{\"@type\":\"ListItem\",\"position\":2,\"name\":\"LOS CARDENALES II: VIV\u00cd TU DEPARTAMENTO EN UN ENTORNO VERDE Y SEGURO\"}]},{\"@type\":\"WebSite\",\"@id\":\"https:\\\/\\\/cademaprop.com.ar\\\/blog\\\/#website\",\"url\":\"https:\\\/\\\/cademaprop.com.ar\\\/blog\\\/\",\"name\":\"CADEMA NEWS\",\"description\":\"\",\"publisher\":{\"@id\":\"https:\\\/\\\/cademaprop.com.ar\\\/blog\\\/#organization\"},\"potentialAction\":[{\"@type\":\"SearchAction\",\"target\":{\"@type\":\"EntryPoint\",\"urlTemplate\":\"https:\\\/\\\/cademaprop.com.ar\\\/blog\\\/?s={search_term_string}\"},\"query-input\":{\"@type\":\"PropertyValueSpecification\",\"valueRequired\":true,\"valueName\":\"search_term_string\"}}],\"inLanguage\":\"es\"},{\"@type\":\"Organization\",\"@id\":\"https:\\\/\\\/cademaprop.com.ar\\\/blog\\\/#organization\",\"name\":\"INMOBILIARIA CADEMA\",\"url\":\"https:\\\/\\\/cademaprop.com.ar\\\/blog\\\/\",\"logo\":{\"@type\":\"ImageObject\",\"inLanguage\":\"es\",\"@id\":\"https:\\\/\\\/cademaprop.com.ar\\\/blog\\\/#\\\/schema\\\/logo\\\/image\\\/\",\"url\":\"https:\\\/\\\/cademaprop.com.ar\\\/blog\\\/wp-content\\\/uploads\\\/2024\\\/01\\\/CDN-Logo-Full-Color.png\",\"contentUrl\":\"https:\\\/\\\/cademaprop.com.ar\\\/blog\\\/wp-content\\\/uploads\\\/2024\\\/01\\\/CDN-Logo-Full-Color.png\",\"width\":4410,\"height\":1418,\"caption\":\"INMOBILIARIA CADEMA\"},\"image\":{\"@id\":\"https:\\\/\\\/cademaprop.com.ar\\\/blog\\\/#\\\/schema\\\/logo\\\/image\\\/\"},\"sameAs\":[\"https:\\\/\\\/www.facebook.com\\\/inmobiliariacadema\",\"https:\\\/\\\/x.com\\\/InmoCadema\",\"https:\\\/\\\/www.instagram.com\\\/inmobiliariacadema\",\"https:\\\/\\\/www.threads.net\\\/@inmobiliariacadema\",\"https:\\\/\\\/www.tiktok.com\\\/@inmobiliariacadema\"]},{\"@type\":\"Person\",\"@id\":\"https:\\\/\\\/cademaprop.com.ar\\\/blog\\\/#\\\/schema\\\/person\\\/bf1e8554d62db91bc0110bd8b2c68625\",\"name\":\"Cadema Bienes Ra\u00edces\",\"image\":{\"@type\":\"ImageObject\",\"inLanguage\":\"es\",\"@id\":\"https:\\\/\\\/secure.gravatar.com\\\/avatar\\\/dcf94633e3fe61607b8d5ead2fbb04c595474c581edee9a1c8c801464d64e4af?s=96&r=g\",\"url\":\"https:\\\/\\\/secure.gravatar.com\\\/avatar\\\/dcf94633e3fe61607b8d5ead2fbb04c595474c581edee9a1c8c801464d64e4af?s=96&r=g\",\"contentUrl\":\"https:\\\/\\\/secure.gravatar.com\\\/avatar\\\/dcf94633e3fe61607b8d5ead2fbb04c595474c581edee9a1c8c801464d64e4af?s=96&r=g\",\"caption\":\"Cadema Bienes Ra\u00edces\"},\"description\":\"Nuestra prioridad es lograr una s\u00edntesis equilibrada entre las necesidades del comprador y los requerimientos del vendedor. Con m\u00e1s de seis d\u00e9cadas de experiencia, nos enorgullece ser la empresa l\u00edder en el \u00e1mbito inmobiliario de la ciudad de Campana. Especializados en la venta de inmuebles y desarrollos urbanos e industriales, hemos marcado nuestro camino con dedicaci\u00f3n y excelencia. En el a\u00f1o 2024 celebramos nuestro 60\u00ba aniversario, reflejando nuestra constante b\u00fasqueda de vanguardia tecnol\u00f3gica para enfrentar los desaf\u00edos del mercado.\",\"sameAs\":[\"https:\\\/\\\/www.cademaprop.com.ar\\\/\"],\"url\":\"https:\\\/\\\/cademaprop.com.ar\\\/blog\\\/author\\\/mar0015\\\/\"}]}<\/script>\n<!-- \/ Yoast SEO plugin. -->","yoast_head_json":{"title":"LOS CARDENALES II: VIV\u00cd TU DEPARTAMENTO EN UN ENTORNO VERDE Y SEGURO - NEWS","robots":{"index":"index","follow":"follow","max-snippet":"max-snippet:-1","max-image-preview":"max-image-preview:large","max-video-preview":"max-video-preview:-1"},"canonical":"https:\/\/cademaprop.com.ar\/blog\/los-cardenales-ii-vivi-tu-departamento-en-un-entorno-verde-y-seguro\/","og_locale":"es_MX","og_type":"article","og_title":"LOS CARDENALES II: VIV\u00cd TU DEPARTAMENTO EN UN ENTORNO VERDE Y SEGURO - NEWS","og_description":"Citando las palabras de la escritora Kate Morton: \u201cUn hogar es m\u00e1s que la suma de los elementos materiales que lo componen: es un almac\u00e9n de recuerdos, un archivo, un guardi\u00e1n de todo lo que ha sucedido dentro de sus l\u00edmites.\u201d Queremos darte a conocer un complejo de departamentos dentro de un lugar de gran [&hellip;]","og_url":"https:\/\/cademaprop.com.ar\/blog\/los-cardenales-ii-vivi-tu-departamento-en-un-entorno-verde-y-seguro\/","og_site_name":"NEWS","article_publisher":"https:\/\/www.facebook.com\/inmobiliariacadema","article_published_time":"2023-11-21T20:38:00+00:00","article_modified_time":"2024-11-22T22:55:34+00:00","og_image":[{"width":1900,"height":1364,"url":"https:\/\/cademaprop.com.ar\/blog\/wp-content\/uploads\/2023\/11\/IMG_6966-copia.jpg","type":"image\/jpeg"}],"author":"Cadema Bienes Ra\u00edces","twitter_card":"summary_large_image","twitter_creator":"@InmoCadema","twitter_site":"@InmoCadema","twitter_misc":{"Escrito por":"Cadema Bienes Ra\u00edces","Tiempo de lectura":"6 minutos"},"schema":{"@context":"https:\/\/schema.org","@graph":[{"@type":"Article","@id":"https:\/\/cademaprop.com.ar\/blog\/los-cardenales-ii-vivi-tu-departamento-en-un-entorno-verde-y-seguro\/#article","isPartOf":{"@id":"https:\/\/cademaprop.com.ar\/blog\/los-cardenales-ii-vivi-tu-departamento-en-un-entorno-verde-y-seguro\/"},"author":{"name":"Cadema Bienes Ra\u00edces","@id":"https:\/\/cademaprop.com.ar\/blog\/#\/schema\/person\/bf1e8554d62db91bc0110bd8b2c68625"},"headline":"LOS CARDENALES II: VIV\u00cd TU DEPARTAMENTO EN UN ENTORNO VERDE Y SEGURO","datePublished":"2023-11-21T20:38:00+00:00","dateModified":"2024-11-22T22:55:34+00:00","mainEntityOfPage":{"@id":"https:\/\/cademaprop.com.ar\/blog\/los-cardenales-ii-vivi-tu-departamento-en-un-entorno-verde-y-seguro\/"},"wordCount":654,"publisher":{"@id":"https:\/\/cademaprop.com.ar\/blog\/#organization"},"image":{"@id":"https:\/\/cademaprop.com.ar\/blog\/los-cardenales-ii-vivi-tu-departamento-en-un-entorno-verde-y-seguro\/#primaryimage"},"thumbnailUrl":"https:\/\/cademaprop.com.ar\/blog\/wp-content\/uploads\/2023\/11\/IMG_6966-copia.jpg","articleSection":["Emprendimientos","Los Cardenales II"],"inLanguage":"es"},{"@type":"WebPage","@id":"https:\/\/cademaprop.com.ar\/blog\/los-cardenales-ii-vivi-tu-departamento-en-un-entorno-verde-y-seguro\/","url":"https:\/\/cademaprop.com.ar\/blog\/los-cardenales-ii-vivi-tu-departamento-en-un-entorno-verde-y-seguro\/","name":"LOS CARDENALES II: VIV\u00cd TU DEPARTAMENTO EN UN ENTORNO VERDE Y SEGURO - NEWS","isPartOf":{"@id":"https:\/\/cademaprop.com.ar\/blog\/#website"},"primaryImageOfPage":{"@id":"https:\/\/cademaprop.com.ar\/blog\/los-cardenales-ii-vivi-tu-departamento-en-un-entorno-verde-y-seguro\/#primaryimage"},"image":{"@id":"https:\/\/cademaprop.com.ar\/blog\/los-cardenales-ii-vivi-tu-departamento-en-un-entorno-verde-y-seguro\/#primaryimage"},"thumbnailUrl":"https:\/\/cademaprop.com.ar\/blog\/wp-content\/uploads\/2023\/11\/IMG_6966-copia.jpg","datePublished":"2023-11-21T20:38:00+00:00","dateModified":"2024-11-22T22:55:34+00:00","breadcrumb":{"@id":"https:\/\/cademaprop.com.ar\/blog\/los-cardenales-ii-vivi-tu-departamento-en-un-entorno-verde-y-seguro\/#breadcrumb"},"inLanguage":"es","potentialAction":[{"@type":"ReadAction","target":["https:\/\/cademaprop.com.ar\/blog\/los-cardenales-ii-vivi-tu-departamento-en-un-entorno-verde-y-seguro\/"]}]},{"@type":"ImageObject","inLanguage":"es","@id":"https:\/\/cademaprop.com.ar\/blog\/los-cardenales-ii-vivi-tu-departamento-en-un-entorno-verde-y-seguro\/#primaryimage","url":"https:\/\/cademaprop.com.ar\/blog\/wp-content\/uploads\/2023\/11\/IMG_6966-copia.jpg","contentUrl":"https:\/\/cademaprop.com.ar\/blog\/wp-content\/uploads\/2023\/11\/IMG_6966-copia.jpg","width":1900,"height":1364},{"@type":"BreadcrumbList","@id":"https:\/\/cademaprop.com.ar\/blog\/los-cardenales-ii-vivi-tu-departamento-en-un-entorno-verde-y-seguro\/#breadcrumb","itemListElement":[{"@type":"ListItem","position":1,"name":"Inicio","item":"https:\/\/cademaprop.com.ar\/blog\/"},{"@type":"ListItem","position":2,"name":"LOS CARDENALES II: VIV\u00cd TU DEPARTAMENTO EN UN ENTORNO VERDE Y SEGURO"}]},{"@type":"WebSite","@id":"https:\/\/cademaprop.com.ar\/blog\/#website","url":"https:\/\/cademaprop.com.ar\/blog\/","name":"CADEMA NEWS","description":"","publisher":{"@id":"https:\/\/cademaprop.com.ar\/blog\/#organization"},"potentialAction":[{"@type":"SearchAction","target":{"@type":"EntryPoint","urlTemplate":"https:\/\/cademaprop.com.ar\/blog\/?s={search_term_string}"},"query-input":{"@type":"PropertyValueSpecification","valueRequired":true,"valueName":"search_term_string"}}],"inLanguage":"es"},{"@type":"Organization","@id":"https:\/\/cademaprop.com.ar\/blog\/#organization","name":"INMOBILIARIA CADEMA","url":"https:\/\/cademaprop.com.ar\/blog\/","logo":{"@type":"ImageObject","inLanguage":"es","@id":"https:\/\/cademaprop.com.ar\/blog\/#\/schema\/logo\/image\/","url":"https:\/\/cademaprop.com.ar\/blog\/wp-content\/uploads\/2024\/01\/CDN-Logo-Full-Color.png","contentUrl":"https:\/\/cademaprop.com.ar\/blog\/wp-content\/uploads\/2024\/01\/CDN-Logo-Full-Color.png","width":4410,"height":1418,"caption":"INMOBILIARIA CADEMA"},"image":{"@id":"https:\/\/cademaprop.com.ar\/blog\/#\/schema\/logo\/image\/"},"sameAs":["https:\/\/www.facebook.com\/inmobiliariacadema","https:\/\/x.com\/InmoCadema","https:\/\/www.instagram.com\/inmobiliariacadema","https:\/\/www.threads.net\/@inmobiliariacadema","https:\/\/www.tiktok.com\/@inmobiliariacadema"]},{"@type":"Person","@id":"https:\/\/cademaprop.com.ar\/blog\/#\/schema\/person\/bf1e8554d62db91bc0110bd8b2c68625","name":"Cadema Bienes Ra\u00edces","image":{"@type":"ImageObject","inLanguage":"es","@id":"https:\/\/secure.gravatar.com\/avatar\/dcf94633e3fe61607b8d5ead2fbb04c595474c581edee9a1c8c801464d64e4af?s=96&r=g","url":"https:\/\/secure.gravatar.com\/avatar\/dcf94633e3fe61607b8d5ead2fbb04c595474c581edee9a1c8c801464d64e4af?s=96&r=g","contentUrl":"https:\/\/secure.gravatar.com\/avatar\/dcf94633e3fe61607b8d5ead2fbb04c595474c581edee9a1c8c801464d64e4af?s=96&r=g","caption":"Cadema Bienes Ra\u00edces"},"description":"Nuestra prioridad es lograr una s\u00edntesis equilibrada entre las necesidades del comprador y los requerimientos del vendedor. Con m\u00e1s de seis d\u00e9cadas de experiencia, nos enorgullece ser la empresa l\u00edder en el \u00e1mbito inmobiliario de la ciudad de Campana. Especializados en la venta de inmuebles y desarrollos urbanos e industriales, hemos marcado nuestro camino con dedicaci\u00f3n y excelencia. En el a\u00f1o 2024 celebramos nuestro 60\u00ba aniversario, reflejando nuestra constante b\u00fasqueda de vanguardia tecnol\u00f3gica para enfrentar los desaf\u00edos del mercado.","sameAs":["https:\/\/www.cademaprop.com.ar\/"],"url":"https:\/\/cademaprop.com.ar\/blog\/author\/mar0015\/"}]}},"_links":{"self":[{"href":"https:\/\/cademaprop.com.ar\/blog\/wp-json\/wp\/v2\/posts\/1467","targetHints":{"allow":["GET"]}}],"collection":[{"href":"https:\/\/cademaprop.com.ar\/blog\/wp-json\/wp\/v2\/posts"}],"about":[{"href":"https:\/\/cademaprop.com.ar\/blog\/wp-json\/wp\/v2\/types\/post"}],"author":[{"embeddable":true,"href":"https:\/\/cademaprop.com.ar\/blog\/wp-json\/wp\/v2\/users\/2"}],"replies":[{"embeddable":true,"href":"https:\/\/cademaprop.com.ar\/blog\/wp-json\/wp\/v2\/comments?post=1467"}],"version-history":[{"count":0,"href":"https:\/\/cademaprop.com.ar\/blog\/wp-json\/wp\/v2\/posts\/1467\/revisions"}],"wp:featuredmedia":[{"embeddable":true,"href":"https:\/\/cademaprop.com.ar\/blog\/wp-json\/wp\/v2\/media\/1471"}],"wp:attachment":[{"href":"https:\/\/cademaprop.com.ar\/blog\/wp-json\/wp\/v2\/media?parent=1467"}],"wp:term":[{"taxonomy":"category","embeddable":true,"href":"https:\/\/cademaprop.com.ar\/blog\/wp-json\/wp\/v2\/categories?post=1467"},{"taxonomy":"post_tag","embeddable":true,"href":"https:\/\/cademaprop.com.ar\/blog\/wp-json\/wp\/v2\/tags?post=1467"}],"curies":[{"name":"wp","href":"https:\/\/api.w.org\/{rel}","templated":true}]}}