{"id":1590,"date":"2023-12-01T10:30:00","date_gmt":"2023-12-01T13:30:00","guid":{"rendered":"https:\/\/cademaprop.com.ar\/blog\/?p=1590"},"modified":"2024-11-22T19:55:12","modified_gmt":"2024-11-22T22:55:12","slug":"paseo-gavazzi-concluye-2023-con-obras-en-tiempo-y-forma","status":"publish","type":"post","link":"https:\/\/cademaprop.com.ar\/blog\/paseo-gavazzi-concluye-2023-con-obras-en-tiempo-y-forma\/","title":{"rendered":"PASEO GAVAZZI: CONCLUYE 2023 CON OBRAS EN TIEMPO Y FORMA"},"content":{"rendered":"\n<p>A fines de agosto, tuvimos la oportunidad de dialogar con el arquitecto Sebasti\u00e1n Sarachaga, jefe de obra de <a href=\"https:\/\/www.cademaprop.com.ar\/emprendimiento-46954-Paseo-Gavazzi.-Torres-Premium\" target=\"_blank\" rel=\"noreferrer noopener\">la primera torre premium de Paseo Gavazzi<\/a>. All\u00ed nos inform\u00f3 en qu\u00e9 instancia estaba en ese momento la obra, cu\u00e1les ser\u00edan los pasos por seguir y los tiempos estimados para cada etapa. Para mediados del mes de noviembre, nos volvimos a acercar al predio ubicado en Av. Varela, entre Jacob y Coletta, a comprobar los avances, estando siempre atentos ante cualquier cambio.<\/p>\n\n\n\n<p style=\"margin-top:var(--wp--preset--spacing--50);margin-bottom:var(--wp--preset--spacing--50)\">En esta oportunidad, nos volvi\u00f3 a recibir muy cordialmente Sarachaga para darnos un recorrido por la obra mientras manten\u00edamos una fluida charla. Como era de esperar, la primera etapa de excavaci\u00f3n estaba concluida y todo marchaba en tiempo y forma, tal como lo hab\u00eda anunciado en agosto. El clima les fue de mucha ayuda y no fue de impedimento para avanzar, pudiendo terminar el primer pozo de subsuelo de 2,5 m.<\/p>\n\n\n\n<figure class=\"wp-block-image alignright size-large is-resized\"><a href=\"https:\/\/cademaprop.com.ar\/blog\/wp-content\/uploads\/2023\/12\/IMG_1872-scaled.jpg\"><img fetchpriority=\"high\" decoding=\"async\" width=\"1024\" height=\"768\" src=\"https:\/\/cademaprop.com.ar\/blog\/wp-content\/uploads\/2023\/12\/IMG_1872-1024x768.jpg\" alt=\"\" class=\"wp-image-1604\" style=\"width:230px;height:auto\" srcset=\"https:\/\/cademaprop.com.ar\/blog\/wp-content\/uploads\/2023\/12\/IMG_1872-1024x768.jpg 1024w, https:\/\/cademaprop.com.ar\/blog\/wp-content\/uploads\/2023\/12\/IMG_1872-300x225.jpg 300w, https:\/\/cademaprop.com.ar\/blog\/wp-content\/uploads\/2023\/12\/IMG_1872-768x576.jpg 768w, https:\/\/cademaprop.com.ar\/blog\/wp-content\/uploads\/2023\/12\/IMG_1872-1536x1152.jpg 1536w, https:\/\/cademaprop.com.ar\/blog\/wp-content\/uploads\/2023\/12\/IMG_1872-2048x1536.jpg 2048w\" sizes=\"(max-width: 1024px) 100vw, 1024px\" \/><\/a><\/figure>\n\n\n\n<p>Al observar que ya estaban realizadas las primeras vigas de anillos de coronamiento, dando paso a comenzar con los anclajes, le consultamos al jefe de obra c\u00f3mo ser\u00eda la forma de proceder: \u201cA fines de noviembre van a empezar a trabajar las m\u00e1quinas en las perforaciones. Ya cuando estemos terminando el armado de las vigas, ah\u00ed entrar\u00e1 nuevamente la m\u00e1quina excavadora e iremos avanzando con el nivel. De esta forma, los trabajadores que van a ir terminando de dar la vuelta con el pilotaje de los anclajes ya pasan al segundo nivel excavado y comienzan a hacer el segundo anillo que va casi un metro arriba del piso del fondo. De esta manera, hay siempre una continuidad de trabajo\u201d.<\/p>\n\n\n\n<p>Tambi\u00e9n nos coment\u00f3 que, una vez que se arranca una etapa nueva, es de suma importancia estar pensando en el despu\u00e9s para que haya una continuidad de trabajo y as\u00ed tambi\u00e9n poder aprovechar al m\u00e1ximo el clima cuando los acompa\u00f1a y est\u00e1 despejado, ya que las obras se realizan al aire libre y el tiempo es crucial.<\/p>\n\n\n\n<blockquote class=\"wp-block-quote is-layout-flow wp-block-quote-is-layout-flow\">\n<p class=\"has-text-color\" style=\"color:#c60c23;margin-right:var(--wp--preset--spacing--50);margin-left:var(--wp--preset--spacing--50);padding-right:0;padding-left:0;font-size:30px;font-style:italic;font-weight:700\">&#8220;Una de las prioridades a la hora de encarar cualquier proyecto es que la gente est\u00e9 segura, que no tengamos ning\u00fan tipo de inconveniente. Estamos cumpliendo las normas de forma correspondiente cumpliendo cada punto a medida que avanza la obra\u201d.<\/p>\n<\/blockquote>\n\n\n\n<p>Un dato para destacar, sumamente interesante, es que tienen controles de seguridad e higiene de avanzada por parte de <a href=\"https:\/\/sygsa.com.ar\/\" target=\"_blank\" rel=\"noreferrer noopener\">Sygsa<\/a>, compa\u00f1\u00eda especializada en el desarrollo inmobiliario del Grupo Pose, el cual constituye un distintivo de respaldo a la construcci\u00f3n del proyecto confiriendo estabilidad y confianza a todo el proceso constructivo. En el \u00faltimo control, destacaron la prolijidad con la que se est\u00e1 encarado el proyecto: \u201cDestacaron de sobremanera el uso adecuado de la vestimenta, de los cascos, las nomenclaturas y las se\u00f1al\u00e9ticas bien ubicadas. Una de las prioridades a la hora de encarar cualquier proyecto es que la gente est\u00e9 segura, que no tengamos ning\u00fan tipo de inconveniente. Estamos cumpliendo las normas de forma correspondiente cumpliendo cada punto a medida que avanza la obra\u201d.<\/p>\n\n\n\n<p>Como se ten\u00eda planificado y nos hab\u00eda informado en la visita anterior, entre principios de diciembre de 2023 y enero de 2024, tienen planeado terminar con la etapa de excavaci\u00f3n.<\/p>\n\n\n\n<p>Desde<a href=\"https:\/\/www.cademaprop.com.ar\/\" target=\"_blank\" rel=\"noreferrer noopener\"> Inmobiliaria Cadema SA.<\/a> llevamos la comercializaci\u00f3n de Paseo Gavazzi en exclusiva, garantiz\u00e1ndoles que puedan obtener toda la informaci\u00f3n y asesoramiento que necesitan para sumarse, siempre comprometidos en brindarles una oportunidad de inversi\u00f3n y estilo de vida que sobrepase sus expectativas.<\/p>\n\n\n\n<p>Paseo Gavazzi: Tu futuro empieza hoy, tu hogar de siempre.<\/p>\n\n\n\n<hr class=\"wp-block-separator has-alpha-channel-opacity is-style-wide\" style=\"margin-top:var(--wp--preset--spacing--50);margin-bottom:var(--wp--preset--spacing--50)\"\/>\n\n\n\n<p>Cadema Bienes Ra\u00edces<\/p>\n\n\n\n<p>Av Varela 420, Campana<\/p>\n\n\n\n<p><a href=\"https:\/\/wa.me\/5493489659742?text=Hola.%20Me%20interesa%20obtener%20mayor%20informaci%C3%B3n%20y%20asesoramiento%20sobre%20inmuebles%20industriales.\" target=\"_blank\" rel=\"noreferrer noopener\">+54 9 3489&nbsp;<\/a><a href=\"https:\/\/wa.me\/5493489659742?text=Hola.%20Me%20interesa%20obtener%20mayor%20informaci%C3%B3n%20y%20asesoramiento%20sobre%20inmuebles.\" target=\"_blank\" rel=\"noreferrer noopener\">659742<\/a><\/p>\n\n\n\n<p><a href=\"https:\/\/instagram.com\/cademabienesraices\" target=\"_blank\" rel=\"noreferrer noopener\">@cademabienesraices<\/a><\/p>\n\n\n\n<p><a href=\"http:\/\/www.cademaprop.com.ar\">www.cademaprop.com.ar<\/a><\/p>\n\n\n\n<p>Corredor responsable Bruno Catardi, CMZC Leg. Col. N 528.<\/p>\n\n\n\n<hr class=\"wp-block-separator has-alpha-channel-opacity is-style-wide\" style=\"margin-top:var(--wp--preset--spacing--50);margin-bottom:var(--wp--preset--spacing--50)\"\/>\n\n\n\n<p><strong>GALER\u00cdA:<\/strong><\/p>\n\n\n\n<figure class=\"wp-block-gallery has-nested-images columns-2 is-cropped wp-block-gallery-1 is-layout-flex wp-block-gallery-is-layout-flex\">\n<figure class=\"wp-block-image size-large\"><a href=\"https:\/\/cademaprop.com.ar\/blog\/wp-content\/uploads\/2023\/12\/IMG_1857-scaled.jpg\"><img decoding=\"async\" width=\"1024\" height=\"768\" data-id=\"1608\" src=\"https:\/\/cademaprop.com.ar\/blog\/wp-content\/uploads\/2023\/12\/IMG_1857-1024x768.jpg\" alt=\"\" class=\"wp-image-1608\" srcset=\"https:\/\/cademaprop.com.ar\/blog\/wp-content\/uploads\/2023\/12\/IMG_1857-1024x768.jpg 1024w, https:\/\/cademaprop.com.ar\/blog\/wp-content\/uploads\/2023\/12\/IMG_1857-300x225.jpg 300w, https:\/\/cademaprop.com.ar\/blog\/wp-content\/uploads\/2023\/12\/IMG_1857-768x576.jpg 768w, https:\/\/cademaprop.com.ar\/blog\/wp-content\/uploads\/2023\/12\/IMG_1857-1536x1152.jpg 1536w, https:\/\/cademaprop.com.ar\/blog\/wp-content\/uploads\/2023\/12\/IMG_1857-2048x1536.jpg 2048w\" sizes=\"(max-width: 1024px) 100vw, 1024px\" \/><\/a><\/figure>\n\n\n\n<figure class=\"wp-block-image size-large\"><a href=\"https:\/\/cademaprop.com.ar\/blog\/wp-content\/uploads\/2023\/12\/IMG_1871-scaled.jpg\"><img decoding=\"async\" width=\"1024\" height=\"768\" data-id=\"1609\" src=\"https:\/\/cademaprop.com.ar\/blog\/wp-content\/uploads\/2023\/12\/IMG_1871-1024x768.jpg\" alt=\"\" class=\"wp-image-1609\" srcset=\"https:\/\/cademaprop.com.ar\/blog\/wp-content\/uploads\/2023\/12\/IMG_1871-1024x768.jpg 1024w, https:\/\/cademaprop.com.ar\/blog\/wp-content\/uploads\/2023\/12\/IMG_1871-300x225.jpg 300w, https:\/\/cademaprop.com.ar\/blog\/wp-content\/uploads\/2023\/12\/IMG_1871-768x576.jpg 768w, https:\/\/cademaprop.com.ar\/blog\/wp-content\/uploads\/2023\/12\/IMG_1871-1536x1152.jpg 1536w, https:\/\/cademaprop.com.ar\/blog\/wp-content\/uploads\/2023\/12\/IMG_1871-2048x1536.jpg 2048w\" sizes=\"(max-width: 1024px) 100vw, 1024px\" \/><\/a><\/figure>\n\n\n\n<figure class=\"wp-block-image size-large\"><a href=\"https:\/\/cademaprop.com.ar\/blog\/wp-content\/uploads\/2023\/12\/IMG_1878-scaled.jpg\"><img loading=\"lazy\" decoding=\"async\" width=\"768\" height=\"1024\" data-id=\"1607\" src=\"https:\/\/cademaprop.com.ar\/blog\/wp-content\/uploads\/2023\/12\/IMG_1878-768x1024.jpg\" alt=\"\" class=\"wp-image-1607\" srcset=\"https:\/\/cademaprop.com.ar\/blog\/wp-content\/uploads\/2023\/12\/IMG_1878-768x1024.jpg 768w, https:\/\/cademaprop.com.ar\/blog\/wp-content\/uploads\/2023\/12\/IMG_1878-225x300.jpg 225w, https:\/\/cademaprop.com.ar\/blog\/wp-content\/uploads\/2023\/12\/IMG_1878-1152x1536.jpg 1152w, https:\/\/cademaprop.com.ar\/blog\/wp-content\/uploads\/2023\/12\/IMG_1878-1536x2048.jpg 1536w, https:\/\/cademaprop.com.ar\/blog\/wp-content\/uploads\/2023\/12\/IMG_1878-scaled.jpg 1920w\" sizes=\"(max-width: 768px) 100vw, 768px\" \/><\/a><\/figure>\n\n\n\n<figure class=\"wp-block-image size-large\"><a href=\"https:\/\/cademaprop.com.ar\/blog\/wp-content\/uploads\/2023\/12\/IMG_1887-scaled.jpg\"><img loading=\"lazy\" decoding=\"async\" width=\"768\" height=\"1024\" data-id=\"1606\" src=\"https:\/\/cademaprop.com.ar\/blog\/wp-content\/uploads\/2023\/12\/IMG_1887-768x1024.jpg\" alt=\"\" class=\"wp-image-1606\" srcset=\"https:\/\/cademaprop.com.ar\/blog\/wp-content\/uploads\/2023\/12\/IMG_1887-768x1024.jpg 768w, https:\/\/cademaprop.com.ar\/blog\/wp-content\/uploads\/2023\/12\/IMG_1887-225x300.jpg 225w, https:\/\/cademaprop.com.ar\/blog\/wp-content\/uploads\/2023\/12\/IMG_1887-1152x1536.jpg 1152w, https:\/\/cademaprop.com.ar\/blog\/wp-content\/uploads\/2023\/12\/IMG_1887-1536x2048.jpg 1536w, https:\/\/cademaprop.com.ar\/blog\/wp-content\/uploads\/2023\/12\/IMG_1887-scaled.jpg 1920w\" sizes=\"(max-width: 768px) 100vw, 768px\" \/><\/a><\/figure>\n<\/figure>\n\n\n\n<figure class=\"wp-block-video\"><video controls muted src=\"https:\/\/cademaprop.com.ar\/blog\/wp-content\/uploads\/2023\/12\/IMG_1874.mov\"><\/video><\/figure>\n\n\n\n<figure class=\"wp-block-video\"><video controls muted src=\"https:\/\/cademaprop.com.ar\/blog\/wp-content\/uploads\/2023\/12\/IMG_1882.mov\"><\/video><\/figure>\n","protected":false},"excerpt":{"rendered":"<p>A fines de agosto, tuvimos la oportunidad de dialogar con el arquitecto Sebasti\u00e1n Sarachaga, jefe de obra de la primera torre premium de Paseo Gavazzi. All\u00ed nos inform\u00f3 en qu\u00e9 instancia estaba en ese momento la obra, cu\u00e1les ser\u00edan los pasos por seguir y los tiempos estimados para cada etapa. Para mediados del mes de [&hellip;]<\/p>\n","protected":false},"author":2,"featured_media":1613,"comment_status":"closed","ping_status":"closed","sticky":false,"template":"","format":"standard","meta":{"site-sidebar-layout":"default","site-content-layout":"","ast-site-content-layout":"default","site-content-style":"default","site-sidebar-style":"default","ast-global-header-display":"","ast-banner-title-visibility":"","ast-main-header-display":"","ast-hfb-above-header-display":"","ast-hfb-below-header-display":"","ast-hfb-mobile-header-display":"","site-post-title":"","ast-breadcrumbs-content":"","ast-featured-img":"","footer-sml-layout":"","theme-transparent-header-meta":"","adv-header-id-meta":"","stick-header-meta":"","header-above-stick-meta":"","header-main-stick-meta":"","header-below-stick-meta":"","astra-migrate-meta-layouts":"default","ast-page-background-enabled":"default","ast-page-background-meta":{"desktop":{"background-color":"","background-image":"","background-repeat":"repeat","background-position":"center center","background-size":"auto","background-attachment":"scroll","background-type":"","background-media":"","overlay-type":"","overlay-color":"","overlay-opacity":"","overlay-gradient":""},"tablet":{"background-color":"","background-image":"","background-repeat":"repeat","background-position":"center center","background-size":"auto","background-attachment":"scroll","background-type":"","background-media":"","overlay-type":"","overlay-color":"","overlay-opacity":"","overlay-gradient":""},"mobile":{"background-color":"","background-image":"","background-repeat":"repeat","background-position":"center center","background-size":"auto","background-attachment":"scroll","background-type":"","background-media":"","overlay-type":"","overlay-color":"","overlay-opacity":"","overlay-gradient":""}},"ast-content-background-meta":{"desktop":{"background-color":"var(--ast-global-color-5)","background-image":"","background-repeat":"repeat","background-position":"center center","background-size":"auto","background-attachment":"scroll","background-type":"","background-media":"","overlay-type":"","overlay-color":"","overlay-opacity":"","overlay-gradient":""},"tablet":{"background-color":"var(--ast-global-color-5)","background-image":"","background-repeat":"repeat","background-position":"center center","background-size":"auto","background-attachment":"scroll","background-type":"","background-media":"","overlay-type":"","overlay-color":"","overlay-opacity":"","overlay-gradient":""},"mobile":{"background-color":"var(--ast-global-color-5)","background-image":"","background-repeat":"repeat","background-position":"center center","background-size":"auto","background-attachment":"scroll","background-type":"","background-media":"","overlay-type":"","overlay-color":"","overlay-opacity":"","overlay-gradient":""}},"_joinchat":[],"footnotes":""},"categories":[9,10],"tags":[19],"class_list":["post-1590","post","type-post","status-publish","format-standard","has-post-thumbnail","hentry","category-emprendimientos","category-paseo-gavazzi","tag-destacado"],"yoast_head":"<!-- This site is optimized with the Yoast SEO plugin v27.5 - https:\/\/yoast.com\/product\/yoast-seo-wordpress\/ -->\n<title>PASEO GAVAZZI: CONCLUYE 2023 CON OBRAS EN TIEMPO Y FORMA - NEWS<\/title>\n<meta name=\"robots\" content=\"index, follow, max-snippet:-1, max-image-preview:large, max-video-preview:-1\" \/>\n<link rel=\"canonical\" href=\"https:\/\/cademaprop.com.ar\/blog\/paseo-gavazzi-concluye-2023-con-obras-en-tiempo-y-forma\/\" \/>\n<meta property=\"og:locale\" content=\"es_MX\" \/>\n<meta property=\"og:type\" content=\"article\" \/>\n<meta property=\"og:title\" content=\"PASEO GAVAZZI: CONCLUYE 2023 CON OBRAS EN TIEMPO Y FORMA - NEWS\" \/>\n<meta property=\"og:description\" content=\"A fines de agosto, tuvimos la oportunidad de dialogar con el arquitecto Sebasti\u00e1n Sarachaga, jefe de obra de la primera torre premium de Paseo Gavazzi. All\u00ed nos inform\u00f3 en qu\u00e9 instancia estaba en ese momento la obra, cu\u00e1les ser\u00edan los pasos por seguir y los tiempos estimados para cada etapa. Para mediados del mes de [&hellip;]\" \/>\n<meta property=\"og:url\" content=\"https:\/\/cademaprop.com.ar\/blog\/paseo-gavazzi-concluye-2023-con-obras-en-tiempo-y-forma\/\" \/>\n<meta property=\"og:site_name\" content=\"NEWS\" \/>\n<meta property=\"article:publisher\" content=\"https:\/\/www.facebook.com\/inmobiliariacadema\" \/>\n<meta property=\"article:published_time\" content=\"2023-12-01T13:30:00+00:00\" \/>\n<meta property=\"article:modified_time\" content=\"2024-11-22T22:55:12+00:00\" \/>\n<meta property=\"og:image\" content=\"https:\/\/cademaprop.com.ar\/blog\/wp-content\/uploads\/2023\/12\/Diseno-sin-titulo-1024x577.png\" \/>\n\t<meta property=\"og:image:width\" content=\"1024\" \/>\n\t<meta property=\"og:image:height\" content=\"577\" \/>\n\t<meta property=\"og:image:type\" content=\"image\/png\" \/>\n<meta name=\"author\" content=\"Cadema Bienes Ra\u00edces\" \/>\n<meta name=\"twitter:card\" content=\"summary_large_image\" \/>\n<meta name=\"twitter:creator\" content=\"@InmoCadema\" \/>\n<meta name=\"twitter:site\" content=\"@InmoCadema\" \/>\n<meta name=\"twitter:label1\" content=\"Escrito por\" \/>\n\t<meta name=\"twitter:data1\" content=\"Cadema Bienes Ra\u00edces\" \/>\n\t<meta name=\"twitter:label2\" content=\"Tiempo de lectura\" \/>\n\t<meta name=\"twitter:data2\" content=\"4 minutos\" \/>\n<script type=\"application\/ld+json\" class=\"yoast-schema-graph\">{\"@context\":\"https:\\\/\\\/schema.org\",\"@graph\":[{\"@type\":\"Article\",\"@id\":\"https:\\\/\\\/cademaprop.com.ar\\\/blog\\\/paseo-gavazzi-concluye-2023-con-obras-en-tiempo-y-forma\\\/#article\",\"isPartOf\":{\"@id\":\"https:\\\/\\\/cademaprop.com.ar\\\/blog\\\/paseo-gavazzi-concluye-2023-con-obras-en-tiempo-y-forma\\\/\"},\"author\":{\"name\":\"Cadema Bienes Ra\u00edces\",\"@id\":\"https:\\\/\\\/cademaprop.com.ar\\\/blog\\\/#\\\/schema\\\/person\\\/bf1e8554d62db91bc0110bd8b2c68625\"},\"headline\":\"PASEO GAVAZZI: CONCLUYE 2023 CON OBRAS EN TIEMPO Y FORMA\",\"datePublished\":\"2023-12-01T13:30:00+00:00\",\"dateModified\":\"2024-11-22T22:55:12+00:00\",\"mainEntityOfPage\":{\"@id\":\"https:\\\/\\\/cademaprop.com.ar\\\/blog\\\/paseo-gavazzi-concluye-2023-con-obras-en-tiempo-y-forma\\\/\"},\"wordCount\":629,\"publisher\":{\"@id\":\"https:\\\/\\\/cademaprop.com.ar\\\/blog\\\/#organization\"},\"image\":{\"@id\":\"https:\\\/\\\/cademaprop.com.ar\\\/blog\\\/paseo-gavazzi-concluye-2023-con-obras-en-tiempo-y-forma\\\/#primaryimage\"},\"thumbnailUrl\":\"https:\\\/\\\/cademaprop.com.ar\\\/blog\\\/wp-content\\\/uploads\\\/2023\\\/12\\\/Diseno-sin-titulo.png\",\"keywords\":[\"Destacado\"],\"articleSection\":[\"Emprendimientos\",\"Paseo Gavazzi\"],\"inLanguage\":\"es\"},{\"@type\":\"WebPage\",\"@id\":\"https:\\\/\\\/cademaprop.com.ar\\\/blog\\\/paseo-gavazzi-concluye-2023-con-obras-en-tiempo-y-forma\\\/\",\"url\":\"https:\\\/\\\/cademaprop.com.ar\\\/blog\\\/paseo-gavazzi-concluye-2023-con-obras-en-tiempo-y-forma\\\/\",\"name\":\"PASEO GAVAZZI: CONCLUYE 2023 CON OBRAS EN TIEMPO Y FORMA - NEWS\",\"isPartOf\":{\"@id\":\"https:\\\/\\\/cademaprop.com.ar\\\/blog\\\/#website\"},\"primaryImageOfPage\":{\"@id\":\"https:\\\/\\\/cademaprop.com.ar\\\/blog\\\/paseo-gavazzi-concluye-2023-con-obras-en-tiempo-y-forma\\\/#primaryimage\"},\"image\":{\"@id\":\"https:\\\/\\\/cademaprop.com.ar\\\/blog\\\/paseo-gavazzi-concluye-2023-con-obras-en-tiempo-y-forma\\\/#primaryimage\"},\"thumbnailUrl\":\"https:\\\/\\\/cademaprop.com.ar\\\/blog\\\/wp-content\\\/uploads\\\/2023\\\/12\\\/Diseno-sin-titulo.png\",\"datePublished\":\"2023-12-01T13:30:00+00:00\",\"dateModified\":\"2024-11-22T22:55:12+00:00\",\"breadcrumb\":{\"@id\":\"https:\\\/\\\/cademaprop.com.ar\\\/blog\\\/paseo-gavazzi-concluye-2023-con-obras-en-tiempo-y-forma\\\/#breadcrumb\"},\"inLanguage\":\"es\",\"potentialAction\":[{\"@type\":\"ReadAction\",\"target\":[\"https:\\\/\\\/cademaprop.com.ar\\\/blog\\\/paseo-gavazzi-concluye-2023-con-obras-en-tiempo-y-forma\\\/\"]}]},{\"@type\":\"ImageObject\",\"inLanguage\":\"es\",\"@id\":\"https:\\\/\\\/cademaprop.com.ar\\\/blog\\\/paseo-gavazzi-concluye-2023-con-obras-en-tiempo-y-forma\\\/#primaryimage\",\"url\":\"https:\\\/\\\/cademaprop.com.ar\\\/blog\\\/wp-content\\\/uploads\\\/2023\\\/12\\\/Diseno-sin-titulo.png\",\"contentUrl\":\"https:\\\/\\\/cademaprop.com.ar\\\/blog\\\/wp-content\\\/uploads\\\/2023\\\/12\\\/Diseno-sin-titulo.png\",\"width\":1640,\"height\":924},{\"@type\":\"BreadcrumbList\",\"@id\":\"https:\\\/\\\/cademaprop.com.ar\\\/blog\\\/paseo-gavazzi-concluye-2023-con-obras-en-tiempo-y-forma\\\/#breadcrumb\",\"itemListElement\":[{\"@type\":\"ListItem\",\"position\":1,\"name\":\"Inicio\",\"item\":\"https:\\\/\\\/cademaprop.com.ar\\\/blog\\\/\"},{\"@type\":\"ListItem\",\"position\":2,\"name\":\"PASEO GAVAZZI: CONCLUYE 2023 CON OBRAS EN TIEMPO Y FORMA\"}]},{\"@type\":\"WebSite\",\"@id\":\"https:\\\/\\\/cademaprop.com.ar\\\/blog\\\/#website\",\"url\":\"https:\\\/\\\/cademaprop.com.ar\\\/blog\\\/\",\"name\":\"CADEMA NEWS\",\"description\":\"\",\"publisher\":{\"@id\":\"https:\\\/\\\/cademaprop.com.ar\\\/blog\\\/#organization\"},\"potentialAction\":[{\"@type\":\"SearchAction\",\"target\":{\"@type\":\"EntryPoint\",\"urlTemplate\":\"https:\\\/\\\/cademaprop.com.ar\\\/blog\\\/?s={search_term_string}\"},\"query-input\":{\"@type\":\"PropertyValueSpecification\",\"valueRequired\":true,\"valueName\":\"search_term_string\"}}],\"inLanguage\":\"es\"},{\"@type\":\"Organization\",\"@id\":\"https:\\\/\\\/cademaprop.com.ar\\\/blog\\\/#organization\",\"name\":\"INMOBILIARIA CADEMA\",\"url\":\"https:\\\/\\\/cademaprop.com.ar\\\/blog\\\/\",\"logo\":{\"@type\":\"ImageObject\",\"inLanguage\":\"es\",\"@id\":\"https:\\\/\\\/cademaprop.com.ar\\\/blog\\\/#\\\/schema\\\/logo\\\/image\\\/\",\"url\":\"https:\\\/\\\/cademaprop.com.ar\\\/blog\\\/wp-content\\\/uploads\\\/2024\\\/01\\\/CDN-Logo-Full-Color.png\",\"contentUrl\":\"https:\\\/\\\/cademaprop.com.ar\\\/blog\\\/wp-content\\\/uploads\\\/2024\\\/01\\\/CDN-Logo-Full-Color.png\",\"width\":4410,\"height\":1418,\"caption\":\"INMOBILIARIA CADEMA\"},\"image\":{\"@id\":\"https:\\\/\\\/cademaprop.com.ar\\\/blog\\\/#\\\/schema\\\/logo\\\/image\\\/\"},\"sameAs\":[\"https:\\\/\\\/www.facebook.com\\\/inmobiliariacadema\",\"https:\\\/\\\/x.com\\\/InmoCadema\",\"https:\\\/\\\/www.instagram.com\\\/inmobiliariacadema\",\"https:\\\/\\\/www.threads.net\\\/@inmobiliariacadema\",\"https:\\\/\\\/www.tiktok.com\\\/@inmobiliariacadema\"]},{\"@type\":\"Person\",\"@id\":\"https:\\\/\\\/cademaprop.com.ar\\\/blog\\\/#\\\/schema\\\/person\\\/bf1e8554d62db91bc0110bd8b2c68625\",\"name\":\"Cadema Bienes Ra\u00edces\",\"image\":{\"@type\":\"ImageObject\",\"inLanguage\":\"es\",\"@id\":\"https:\\\/\\\/secure.gravatar.com\\\/avatar\\\/dcf94633e3fe61607b8d5ead2fbb04c595474c581edee9a1c8c801464d64e4af?s=96&r=g\",\"url\":\"https:\\\/\\\/secure.gravatar.com\\\/avatar\\\/dcf94633e3fe61607b8d5ead2fbb04c595474c581edee9a1c8c801464d64e4af?s=96&r=g\",\"contentUrl\":\"https:\\\/\\\/secure.gravatar.com\\\/avatar\\\/dcf94633e3fe61607b8d5ead2fbb04c595474c581edee9a1c8c801464d64e4af?s=96&r=g\",\"caption\":\"Cadema Bienes Ra\u00edces\"},\"description\":\"Nuestra prioridad es lograr una s\u00edntesis equilibrada entre las necesidades del comprador y los requerimientos del vendedor. Con m\u00e1s de seis d\u00e9cadas de experiencia, nos enorgullece ser la empresa l\u00edder en el \u00e1mbito inmobiliario de la ciudad de Campana. Especializados en la venta de inmuebles y desarrollos urbanos e industriales, hemos marcado nuestro camino con dedicaci\u00f3n y excelencia. En el a\u00f1o 2024 celebramos nuestro 60\u00ba aniversario, reflejando nuestra constante b\u00fasqueda de vanguardia tecnol\u00f3gica para enfrentar los desaf\u00edos del mercado.\",\"sameAs\":[\"https:\\\/\\\/www.cademaprop.com.ar\\\/\"],\"url\":\"https:\\\/\\\/cademaprop.com.ar\\\/blog\\\/author\\\/mar0015\\\/\"}]}<\/script>\n<!-- \/ Yoast SEO plugin. -->","yoast_head_json":{"title":"PASEO GAVAZZI: CONCLUYE 2023 CON OBRAS EN TIEMPO Y FORMA - NEWS","robots":{"index":"index","follow":"follow","max-snippet":"max-snippet:-1","max-image-preview":"max-image-preview:large","max-video-preview":"max-video-preview:-1"},"canonical":"https:\/\/cademaprop.com.ar\/blog\/paseo-gavazzi-concluye-2023-con-obras-en-tiempo-y-forma\/","og_locale":"es_MX","og_type":"article","og_title":"PASEO GAVAZZI: CONCLUYE 2023 CON OBRAS EN TIEMPO Y FORMA - NEWS","og_description":"A fines de agosto, tuvimos la oportunidad de dialogar con el arquitecto Sebasti\u00e1n Sarachaga, jefe de obra de la primera torre premium de Paseo Gavazzi. All\u00ed nos inform\u00f3 en qu\u00e9 instancia estaba en ese momento la obra, cu\u00e1les ser\u00edan los pasos por seguir y los tiempos estimados para cada etapa. Para mediados del mes de [&hellip;]","og_url":"https:\/\/cademaprop.com.ar\/blog\/paseo-gavazzi-concluye-2023-con-obras-en-tiempo-y-forma\/","og_site_name":"NEWS","article_publisher":"https:\/\/www.facebook.com\/inmobiliariacadema","article_published_time":"2023-12-01T13:30:00+00:00","article_modified_time":"2024-11-22T22:55:12+00:00","og_image":[{"width":1024,"height":577,"url":"https:\/\/cademaprop.com.ar\/blog\/wp-content\/uploads\/2023\/12\/Diseno-sin-titulo-1024x577.png","type":"image\/png"}],"author":"Cadema Bienes Ra\u00edces","twitter_card":"summary_large_image","twitter_creator":"@InmoCadema","twitter_site":"@InmoCadema","twitter_misc":{"Escrito por":"Cadema Bienes Ra\u00edces","Tiempo de lectura":"4 minutos"},"schema":{"@context":"https:\/\/schema.org","@graph":[{"@type":"Article","@id":"https:\/\/cademaprop.com.ar\/blog\/paseo-gavazzi-concluye-2023-con-obras-en-tiempo-y-forma\/#article","isPartOf":{"@id":"https:\/\/cademaprop.com.ar\/blog\/paseo-gavazzi-concluye-2023-con-obras-en-tiempo-y-forma\/"},"author":{"name":"Cadema Bienes Ra\u00edces","@id":"https:\/\/cademaprop.com.ar\/blog\/#\/schema\/person\/bf1e8554d62db91bc0110bd8b2c68625"},"headline":"PASEO GAVAZZI: CONCLUYE 2023 CON OBRAS EN TIEMPO Y FORMA","datePublished":"2023-12-01T13:30:00+00:00","dateModified":"2024-11-22T22:55:12+00:00","mainEntityOfPage":{"@id":"https:\/\/cademaprop.com.ar\/blog\/paseo-gavazzi-concluye-2023-con-obras-en-tiempo-y-forma\/"},"wordCount":629,"publisher":{"@id":"https:\/\/cademaprop.com.ar\/blog\/#organization"},"image":{"@id":"https:\/\/cademaprop.com.ar\/blog\/paseo-gavazzi-concluye-2023-con-obras-en-tiempo-y-forma\/#primaryimage"},"thumbnailUrl":"https:\/\/cademaprop.com.ar\/blog\/wp-content\/uploads\/2023\/12\/Diseno-sin-titulo.png","keywords":["Destacado"],"articleSection":["Emprendimientos","Paseo Gavazzi"],"inLanguage":"es"},{"@type":"WebPage","@id":"https:\/\/cademaprop.com.ar\/blog\/paseo-gavazzi-concluye-2023-con-obras-en-tiempo-y-forma\/","url":"https:\/\/cademaprop.com.ar\/blog\/paseo-gavazzi-concluye-2023-con-obras-en-tiempo-y-forma\/","name":"PASEO GAVAZZI: CONCLUYE 2023 CON OBRAS EN TIEMPO Y FORMA - NEWS","isPartOf":{"@id":"https:\/\/cademaprop.com.ar\/blog\/#website"},"primaryImageOfPage":{"@id":"https:\/\/cademaprop.com.ar\/blog\/paseo-gavazzi-concluye-2023-con-obras-en-tiempo-y-forma\/#primaryimage"},"image":{"@id":"https:\/\/cademaprop.com.ar\/blog\/paseo-gavazzi-concluye-2023-con-obras-en-tiempo-y-forma\/#primaryimage"},"thumbnailUrl":"https:\/\/cademaprop.com.ar\/blog\/wp-content\/uploads\/2023\/12\/Diseno-sin-titulo.png","datePublished":"2023-12-01T13:30:00+00:00","dateModified":"2024-11-22T22:55:12+00:00","breadcrumb":{"@id":"https:\/\/cademaprop.com.ar\/blog\/paseo-gavazzi-concluye-2023-con-obras-en-tiempo-y-forma\/#breadcrumb"},"inLanguage":"es","potentialAction":[{"@type":"ReadAction","target":["https:\/\/cademaprop.com.ar\/blog\/paseo-gavazzi-concluye-2023-con-obras-en-tiempo-y-forma\/"]}]},{"@type":"ImageObject","inLanguage":"es","@id":"https:\/\/cademaprop.com.ar\/blog\/paseo-gavazzi-concluye-2023-con-obras-en-tiempo-y-forma\/#primaryimage","url":"https:\/\/cademaprop.com.ar\/blog\/wp-content\/uploads\/2023\/12\/Diseno-sin-titulo.png","contentUrl":"https:\/\/cademaprop.com.ar\/blog\/wp-content\/uploads\/2023\/12\/Diseno-sin-titulo.png","width":1640,"height":924},{"@type":"BreadcrumbList","@id":"https:\/\/cademaprop.com.ar\/blog\/paseo-gavazzi-concluye-2023-con-obras-en-tiempo-y-forma\/#breadcrumb","itemListElement":[{"@type":"ListItem","position":1,"name":"Inicio","item":"https:\/\/cademaprop.com.ar\/blog\/"},{"@type":"ListItem","position":2,"name":"PASEO GAVAZZI: CONCLUYE 2023 CON OBRAS EN TIEMPO Y FORMA"}]},{"@type":"WebSite","@id":"https:\/\/cademaprop.com.ar\/blog\/#website","url":"https:\/\/cademaprop.com.ar\/blog\/","name":"CADEMA NEWS","description":"","publisher":{"@id":"https:\/\/cademaprop.com.ar\/blog\/#organization"},"potentialAction":[{"@type":"SearchAction","target":{"@type":"EntryPoint","urlTemplate":"https:\/\/cademaprop.com.ar\/blog\/?s={search_term_string}"},"query-input":{"@type":"PropertyValueSpecification","valueRequired":true,"valueName":"search_term_string"}}],"inLanguage":"es"},{"@type":"Organization","@id":"https:\/\/cademaprop.com.ar\/blog\/#organization","name":"INMOBILIARIA CADEMA","url":"https:\/\/cademaprop.com.ar\/blog\/","logo":{"@type":"ImageObject","inLanguage":"es","@id":"https:\/\/cademaprop.com.ar\/blog\/#\/schema\/logo\/image\/","url":"https:\/\/cademaprop.com.ar\/blog\/wp-content\/uploads\/2024\/01\/CDN-Logo-Full-Color.png","contentUrl":"https:\/\/cademaprop.com.ar\/blog\/wp-content\/uploads\/2024\/01\/CDN-Logo-Full-Color.png","width":4410,"height":1418,"caption":"INMOBILIARIA CADEMA"},"image":{"@id":"https:\/\/cademaprop.com.ar\/blog\/#\/schema\/logo\/image\/"},"sameAs":["https:\/\/www.facebook.com\/inmobiliariacadema","https:\/\/x.com\/InmoCadema","https:\/\/www.instagram.com\/inmobiliariacadema","https:\/\/www.threads.net\/@inmobiliariacadema","https:\/\/www.tiktok.com\/@inmobiliariacadema"]},{"@type":"Person","@id":"https:\/\/cademaprop.com.ar\/blog\/#\/schema\/person\/bf1e8554d62db91bc0110bd8b2c68625","name":"Cadema Bienes Ra\u00edces","image":{"@type":"ImageObject","inLanguage":"es","@id":"https:\/\/secure.gravatar.com\/avatar\/dcf94633e3fe61607b8d5ead2fbb04c595474c581edee9a1c8c801464d64e4af?s=96&r=g","url":"https:\/\/secure.gravatar.com\/avatar\/dcf94633e3fe61607b8d5ead2fbb04c595474c581edee9a1c8c801464d64e4af?s=96&r=g","contentUrl":"https:\/\/secure.gravatar.com\/avatar\/dcf94633e3fe61607b8d5ead2fbb04c595474c581edee9a1c8c801464d64e4af?s=96&r=g","caption":"Cadema Bienes Ra\u00edces"},"description":"Nuestra prioridad es lograr una s\u00edntesis equilibrada entre las necesidades del comprador y los requerimientos del vendedor. Con m\u00e1s de seis d\u00e9cadas de experiencia, nos enorgullece ser la empresa l\u00edder en el \u00e1mbito inmobiliario de la ciudad de Campana. Especializados en la venta de inmuebles y desarrollos urbanos e industriales, hemos marcado nuestro camino con dedicaci\u00f3n y excelencia. En el a\u00f1o 2024 celebramos nuestro 60\u00ba aniversario, reflejando nuestra constante b\u00fasqueda de vanguardia tecnol\u00f3gica para enfrentar los desaf\u00edos del mercado.","sameAs":["https:\/\/www.cademaprop.com.ar\/"],"url":"https:\/\/cademaprop.com.ar\/blog\/author\/mar0015\/"}]}},"_links":{"self":[{"href":"https:\/\/cademaprop.com.ar\/blog\/wp-json\/wp\/v2\/posts\/1590","targetHints":{"allow":["GET"]}}],"collection":[{"href":"https:\/\/cademaprop.com.ar\/blog\/wp-json\/wp\/v2\/posts"}],"about":[{"href":"https:\/\/cademaprop.com.ar\/blog\/wp-json\/wp\/v2\/types\/post"}],"author":[{"embeddable":true,"href":"https:\/\/cademaprop.com.ar\/blog\/wp-json\/wp\/v2\/users\/2"}],"replies":[{"embeddable":true,"href":"https:\/\/cademaprop.com.ar\/blog\/wp-json\/wp\/v2\/comments?post=1590"}],"version-history":[{"count":0,"href":"https:\/\/cademaprop.com.ar\/blog\/wp-json\/wp\/v2\/posts\/1590\/revisions"}],"wp:featuredmedia":[{"embeddable":true,"href":"https:\/\/cademaprop.com.ar\/blog\/wp-json\/wp\/v2\/media\/1613"}],"wp:attachment":[{"href":"https:\/\/cademaprop.com.ar\/blog\/wp-json\/wp\/v2\/media?parent=1590"}],"wp:term":[{"taxonomy":"category","embeddable":true,"href":"https:\/\/cademaprop.com.ar\/blog\/wp-json\/wp\/v2\/categories?post=1590"},{"taxonomy":"post_tag","embeddable":true,"href":"https:\/\/cademaprop.com.ar\/blog\/wp-json\/wp\/v2\/tags?post=1590"}],"curies":[{"name":"wp","href":"https:\/\/api.w.org\/{rel}","templated":true}]}}