{"id":1804,"date":"2023-12-21T10:30:00","date_gmt":"2023-12-21T13:30:00","guid":{"rendered":"https:\/\/cademaprop.com.ar\/blog\/?p=1804"},"modified":"2024-11-22T19:54:49","modified_gmt":"2024-11-22T22:54:49","slug":"altos-de-moreno-departamentos-de-categoria-en-pleno-centro-de-campana","status":"publish","type":"post","link":"https:\/\/cademaprop.com.ar\/blog\/altos-de-moreno-departamentos-de-categoria-en-pleno-centro-de-campana\/","title":{"rendered":"ALTOS DE MORENO: DEPARTAMENTOS DE CATEGOR\u00cdA EN PLENO CENTRO DE CAMPANA"},"content":{"rendered":"\n<p>El casco c\u00e9ntrico de la ciudad de Campana sigue creciendo y expandiendo sus opciones habitacionales con el surgimiento de nuevos, confortables y vistosos edificios de categor\u00eda. Dentro de <a href=\"http:\/\/www.cademaprop.com.ar\/\" target=\"_blank\" rel=\"noreferrer noopener\">nuestra cartera<\/a> incorporamos varias opciones de comercializaci\u00f3n exclusiva, para que todas las personas que buscan su nuevo hogar puedan hallarlo. En esta ocasi\u00f3n, vamos a hablarles de un edificio que, desde su lanzamiento el s\u00e1bado 2 de diciembre, tuvo un \u00e9xito rotundo en ventas: <a href=\"http:\/\/www.cademaprop.com.ar\/emprendimiento-53671-Altos-de-Moreno\" target=\"_blank\" rel=\"noreferrer noopener\">Altos de Moreno<\/a>.<\/p>\n\n\n\n<p style=\"margin-bottom:var(--wp--preset--spacing--50)\">Ubicado en pleno centro urbano, <a href=\"https:\/\/maps.app.goo.gl\/NHcm13Fa8tJLw24y7\" target=\"_blank\" rel=\"noreferrer noopener\">esquina Moreno y Estrada<\/a>, a tres cuadras de Plaza Eduardo Costa, esta torre posee departamentos de 1, 2 y 3 dormitorios con placard y aire acondicionado para un mayor confort. Adem\u00e1s, todos cuentan con cocinas totalmente amuebladas y lavaderos independientes amueblados, living con aire acondicionado y amplios y espaciosos balcones.<\/p>\n\n\n\n<figure class=\"wp-block-image alignright size-large is-resized\"><a href=\"https:\/\/cademaprop.com.ar\/blog\/wp-content\/uploads\/2023\/12\/31041242573038450820895078775249088146164656236283762798755862267428553115340.jpg\"><img fetchpriority=\"high\" decoding=\"async\" width=\"768\" height=\"1024\" src=\"https:\/\/cademaprop.com.ar\/blog\/wp-content\/uploads\/2023\/12\/31041242573038450820895078775249088146164656236283762798755862267428553115340-768x1024.jpg\" alt=\"\" class=\"wp-image-1821\" style=\"width:184px;height:auto\" srcset=\"https:\/\/cademaprop.com.ar\/blog\/wp-content\/uploads\/2023\/12\/31041242573038450820895078775249088146164656236283762798755862267428553115340-768x1024.jpg 768w, https:\/\/cademaprop.com.ar\/blog\/wp-content\/uploads\/2023\/12\/31041242573038450820895078775249088146164656236283762798755862267428553115340-225x300.jpg 225w, https:\/\/cademaprop.com.ar\/blog\/wp-content\/uploads\/2023\/12\/31041242573038450820895078775249088146164656236283762798755862267428553115340.jpg 900w\" sizes=\"(max-width: 768px) 100vw, 768px\" \/><\/a><\/figure>\n\n\n\n<p style=\"margin-bottom:var(--wp--preset--spacing--50)\">Las unidades de 1 dormitorio tienen una superficie total de 41.5 m<sup>2<\/sup> y un ba\u00f1o completo. Las de 2 dormitorios, su superficie total es de 67.7 m<sup>2<\/sup> e incorporan un toilette como 2do ba\u00f1o. En cuanto a las m\u00e1s grandes, de 93.7 m<sup>2<\/sup> y 3 dormitorios en d\u00faplex, cuentan con dos ba\u00f1os completos y suman una habitaci\u00f3n con vestidor en planta alta y gran luminoso living.<\/p>\n\n\n\n<p>Amenities y servicios generales:<\/p>\n\n\n\n<ul class=\"wp-block-list\">\n<li>Hermosa pileta de uso com\u00fan en planta baja con sol\u00e1rium,<\/li>\n\n\n\n<li>Doble terraza con parrilla y toilette,<\/li>\n\n\n\n<li>Portero el\u00e9ctrico con c\u00e1mara con vista desde cada departamento,<\/li>\n\n\n\n<li>Opci\u00f3n de cocheras cubiertas en subsuelo,<\/li>\n\n\n\n<li>Calefacci\u00f3n por caldera individual y radiadores,<\/li>\n\n\n\n<li>Gas natural,<\/li>\n\n\n\n<li>Ascensor con capacidad hasta 6 personas.<\/li>\n<\/ul>\n\n\n\n<p>Algunos puntos fuertes por destacar son que todas las unidades son muy luminosas, otorgando luz natural a lo largo de todo el d\u00eda, como tambi\u00e9n las incre\u00edbles vistas desde sus ventanas a toda la ciudad. En cuanto al edificio, su deslumbrante hall espejado y la escalera tienen revestimiento de empedrado en p\u00f3rfido patag\u00f3nico, incrementado la belleza de esta torre de categor\u00eda.<\/p>\n\n\n\n<p>Con 19 departamentos y 2 locales comerciales, la propuesta lanzada este diciembre tuvo una gran recepci\u00f3n en preventa, donde invitamos a una grata experiencia showroom, pudi\u00e9ndose recorrer el edificio de la mano de nuestros vendedores, caf\u00e9 mediante, y muchas reservas concretadas, finalizando el mes con 11 unidades vendidas.<\/p>\n\n\n\n<p>Si est\u00e1n interesados en esta gran oportunidad en pleno centro de Campana, a\u00fan se encuentran disponibles departamentos de 2 dormitorios a precios inigualables dentro de la ciudad. Todos con posesi\u00f3n inmediata y escriturables, con opci\u00f3n de cochera.<\/p>\n\n\n\n<p>Se pueden comunicar con nosotros mediante los diferentes medios de contacto para agendar una reuni\u00f3n y visita personalizada. En <a href=\"http:\/\/www.cademaprop.com.ar\/\" target=\"_blank\" rel=\"noreferrer noopener\">Cadema<\/a>, estamos a total disposici\u00f3n para brindarles el mejor asesoramiento.<\/p>\n\n\n\n<hr class=\"wp-block-separator has-alpha-channel-opacity is-style-wide\" style=\"margin-top:var(--wp--preset--spacing--50);margin-bottom:var(--wp--preset--spacing--50)\"\/>\n\n\n\n<p>Cadema Bienes Ra\u00edces<\/p>\n\n\n\n<p>Av Varela 420, Campana<\/p>\n\n\n\n<p><a href=\"https:\/\/wa.me\/5493489659742?text=Hola.%20Me%20interesa%20obtener%20mayor%20informaci%C3%B3n%20y%20asesoramiento%20sobre%20inmuebles%20industriales.\" target=\"_blank\" rel=\"noreferrer noopener\">+54 9 3489&nbsp;<\/a><a href=\"https:\/\/wa.me\/5493489659742?text=Hola.%20Me%20interesa%20obtener%20mayor%20informaci%C3%B3n%20y%20asesoramiento%20sobre%20inmuebles.\" target=\"_blank\" rel=\"noreferrer noopener\">659742<\/a><\/p>\n\n\n\n<p><a href=\"https:\/\/instagram.com\/cademabienesraices\" target=\"_blank\" rel=\"noreferrer noopener\">@cademabienesraices<\/a><\/p>\n\n\n\n<p><a href=\"http:\/\/www.cademaprop.com.ar\">www.cademaprop.com.ar<\/a><\/p>\n\n\n\n<p>Corredor responsable Bruno Catardi, CMZC Leg. Col. N 528.<\/p>\n\n\n\n<hr class=\"wp-block-separator has-alpha-channel-opacity is-style-wide\" style=\"margin-top:var(--wp--preset--spacing--50);margin-bottom:var(--wp--preset--spacing--50)\"\/>\n\n\n\n<p><strong>GALER\u00cdA:<\/strong><\/p>\n\n\n\n<figure class=\"wp-block-gallery has-nested-images columns-default is-cropped wp-block-gallery-1 is-layout-flex wp-block-gallery-is-layout-flex\">\n<figure class=\"wp-block-image size-large\"><a href=\"https:\/\/cademaprop.com.ar\/blog\/wp-content\/uploads\/2023\/12\/101696497256534630050870479081385337969053072274926477302281815808511751467684.jpg\"><img decoding=\"async\" width=\"768\" height=\"1024\" data-id=\"1813\" src=\"https:\/\/cademaprop.com.ar\/blog\/wp-content\/uploads\/2023\/12\/101696497256534630050870479081385337969053072274926477302281815808511751467684-768x1024.jpg\" alt=\"\" class=\"wp-image-1813\" srcset=\"https:\/\/cademaprop.com.ar\/blog\/wp-content\/uploads\/2023\/12\/101696497256534630050870479081385337969053072274926477302281815808511751467684-768x1024.jpg 768w, https:\/\/cademaprop.com.ar\/blog\/wp-content\/uploads\/2023\/12\/101696497256534630050870479081385337969053072274926477302281815808511751467684-225x300.jpg 225w, https:\/\/cademaprop.com.ar\/blog\/wp-content\/uploads\/2023\/12\/101696497256534630050870479081385337969053072274926477302281815808511751467684.jpg 900w\" sizes=\"(max-width: 768px) 100vw, 768px\" \/><\/a><\/figure>\n\n\n\n<figure class=\"wp-block-image size-large\"><a href=\"https:\/\/cademaprop.com.ar\/blog\/wp-content\/uploads\/2023\/12\/104460141149359697837215061727160653151526445598067567781114717745803549578349.jpg\"><img decoding=\"async\" width=\"768\" height=\"1024\" data-id=\"1814\" src=\"https:\/\/cademaprop.com.ar\/blog\/wp-content\/uploads\/2023\/12\/104460141149359697837215061727160653151526445598067567781114717745803549578349-768x1024.jpg\" alt=\"\" class=\"wp-image-1814\" srcset=\"https:\/\/cademaprop.com.ar\/blog\/wp-content\/uploads\/2023\/12\/104460141149359697837215061727160653151526445598067567781114717745803549578349-768x1024.jpg 768w, https:\/\/cademaprop.com.ar\/blog\/wp-content\/uploads\/2023\/12\/104460141149359697837215061727160653151526445598067567781114717745803549578349-225x300.jpg 225w, https:\/\/cademaprop.com.ar\/blog\/wp-content\/uploads\/2023\/12\/104460141149359697837215061727160653151526445598067567781114717745803549578349.jpg 900w\" sizes=\"(max-width: 768px) 100vw, 768px\" \/><\/a><\/figure>\n\n\n\n<figure class=\"wp-block-image size-large\"><a href=\"https:\/\/cademaprop.com.ar\/blog\/wp-content\/uploads\/2023\/12\/17831424358137963866660777719677682394742806058479301785358294989025483530161.jpg\"><img loading=\"lazy\" decoding=\"async\" width=\"768\" height=\"1024\" data-id=\"1817\" src=\"https:\/\/cademaprop.com.ar\/blog\/wp-content\/uploads\/2023\/12\/17831424358137963866660777719677682394742806058479301785358294989025483530161-768x1024.jpg\" alt=\"\" class=\"wp-image-1817\" srcset=\"https:\/\/cademaprop.com.ar\/blog\/wp-content\/uploads\/2023\/12\/17831424358137963866660777719677682394742806058479301785358294989025483530161-768x1024.jpg 768w, https:\/\/cademaprop.com.ar\/blog\/wp-content\/uploads\/2023\/12\/17831424358137963866660777719677682394742806058479301785358294989025483530161-225x300.jpg 225w, https:\/\/cademaprop.com.ar\/blog\/wp-content\/uploads\/2023\/12\/17831424358137963866660777719677682394742806058479301785358294989025483530161.jpg 900w\" sizes=\"(max-width: 768px) 100vw, 768px\" \/><\/a><\/figure>\n\n\n\n<figure class=\"wp-block-image size-large\"><a href=\"https:\/\/cademaprop.com.ar\/blog\/wp-content\/uploads\/2023\/12\/38972672866933389502151482097312176228421925007651448866400174378880023162689.jpg\"><img loading=\"lazy\" decoding=\"async\" width=\"768\" height=\"1024\" data-id=\"1815\" src=\"https:\/\/cademaprop.com.ar\/blog\/wp-content\/uploads\/2023\/12\/38972672866933389502151482097312176228421925007651448866400174378880023162689-768x1024.jpg\" alt=\"\" class=\"wp-image-1815\" srcset=\"https:\/\/cademaprop.com.ar\/blog\/wp-content\/uploads\/2023\/12\/38972672866933389502151482097312176228421925007651448866400174378880023162689-768x1024.jpg 768w, https:\/\/cademaprop.com.ar\/blog\/wp-content\/uploads\/2023\/12\/38972672866933389502151482097312176228421925007651448866400174378880023162689-225x300.jpg 225w, https:\/\/cademaprop.com.ar\/blog\/wp-content\/uploads\/2023\/12\/38972672866933389502151482097312176228421925007651448866400174378880023162689.jpg 900w\" sizes=\"(max-width: 768px) 100vw, 768px\" \/><\/a><\/figure>\n\n\n\n<figure class=\"wp-block-image size-large\"><a href=\"https:\/\/cademaprop.com.ar\/blog\/wp-content\/uploads\/2023\/12\/41039632527834977371780478610672117738824562696196410542572023651854380468080.jpg\"><img loading=\"lazy\" decoding=\"async\" width=\"768\" height=\"1024\" data-id=\"1816\" src=\"https:\/\/cademaprop.com.ar\/blog\/wp-content\/uploads\/2023\/12\/41039632527834977371780478610672117738824562696196410542572023651854380468080-768x1024.jpg\" alt=\"\" class=\"wp-image-1816\" srcset=\"https:\/\/cademaprop.com.ar\/blog\/wp-content\/uploads\/2023\/12\/41039632527834977371780478610672117738824562696196410542572023651854380468080-768x1024.jpg 768w, https:\/\/cademaprop.com.ar\/blog\/wp-content\/uploads\/2023\/12\/41039632527834977371780478610672117738824562696196410542572023651854380468080-225x300.jpg 225w, https:\/\/cademaprop.com.ar\/blog\/wp-content\/uploads\/2023\/12\/41039632527834977371780478610672117738824562696196410542572023651854380468080.jpg 900w\" sizes=\"(max-width: 768px) 100vw, 768px\" \/><\/a><\/figure>\n\n\n\n<figure class=\"wp-block-image size-large\"><a href=\"https:\/\/cademaprop.com.ar\/blog\/wp-content\/uploads\/2023\/12\/55911593729419448667928017636442400614222124646639938757736413463920656563689.jpg\"><img loading=\"lazy\" decoding=\"async\" width=\"768\" height=\"1024\" data-id=\"1819\" src=\"https:\/\/cademaprop.com.ar\/blog\/wp-content\/uploads\/2023\/12\/55911593729419448667928017636442400614222124646639938757736413463920656563689-768x1024.jpg\" alt=\"\" class=\"wp-image-1819\" srcset=\"https:\/\/cademaprop.com.ar\/blog\/wp-content\/uploads\/2023\/12\/55911593729419448667928017636442400614222124646639938757736413463920656563689-768x1024.jpg 768w, https:\/\/cademaprop.com.ar\/blog\/wp-content\/uploads\/2023\/12\/55911593729419448667928017636442400614222124646639938757736413463920656563689-225x300.jpg 225w, https:\/\/cademaprop.com.ar\/blog\/wp-content\/uploads\/2023\/12\/55911593729419448667928017636442400614222124646639938757736413463920656563689.jpg 900w\" sizes=\"(max-width: 768px) 100vw, 768px\" \/><\/a><\/figure>\n\n\n\n<figure class=\"wp-block-image size-large\"><a href=\"https:\/\/cademaprop.com.ar\/blog\/wp-content\/uploads\/2023\/12\/28901501815154118460433973239458673968988540256697709372397106450123983147642.jpg\"><img loading=\"lazy\" decoding=\"async\" width=\"1024\" height=\"576\" data-id=\"1818\" src=\"https:\/\/cademaprop.com.ar\/blog\/wp-content\/uploads\/2023\/12\/28901501815154118460433973239458673968988540256697709372397106450123983147642-1024x576.jpg\" alt=\"\" class=\"wp-image-1818\" srcset=\"https:\/\/cademaprop.com.ar\/blog\/wp-content\/uploads\/2023\/12\/28901501815154118460433973239458673968988540256697709372397106450123983147642-1024x576.jpg 1024w, https:\/\/cademaprop.com.ar\/blog\/wp-content\/uploads\/2023\/12\/28901501815154118460433973239458673968988540256697709372397106450123983147642-300x169.jpg 300w, https:\/\/cademaprop.com.ar\/blog\/wp-content\/uploads\/2023\/12\/28901501815154118460433973239458673968988540256697709372397106450123983147642-768x432.jpg 768w, https:\/\/cademaprop.com.ar\/blog\/wp-content\/uploads\/2023\/12\/28901501815154118460433973239458673968988540256697709372397106450123983147642-1536x864.jpg 1536w, https:\/\/cademaprop.com.ar\/blog\/wp-content\/uploads\/2023\/12\/28901501815154118460433973239458673968988540256697709372397106450123983147642.jpg 1600w\" sizes=\"(max-width: 1024px) 100vw, 1024px\" \/><\/a><\/figure>\n<\/figure>\n","protected":false},"excerpt":{"rendered":"<p>El casco c\u00e9ntrico de la ciudad de Campana sigue creciendo y expandiendo sus opciones habitacionales con el surgimiento de nuevos, confortables y vistosos edificios de categor\u00eda. Dentro de nuestra cartera incorporamos varias opciones de comercializaci\u00f3n exclusiva, para que todas las personas que buscan su nuevo hogar puedan hallarlo. En esta ocasi\u00f3n, vamos a hablarles de [&hellip;]<\/p>\n","protected":false},"author":2,"featured_media":1807,"comment_status":"closed","ping_status":"closed","sticky":false,"template":"","format":"standard","meta":{"site-sidebar-layout":"default","site-content-layout":"","ast-site-content-layout":"default","site-content-style":"default","site-sidebar-style":"default","ast-global-header-display":"","ast-banner-title-visibility":"","ast-main-header-display":"","ast-hfb-above-header-display":"","ast-hfb-below-header-display":"","ast-hfb-mobile-header-display":"","site-post-title":"","ast-breadcrumbs-content":"","ast-featured-img":"","footer-sml-layout":"","theme-transparent-header-meta":"","adv-header-id-meta":"","stick-header-meta":"","header-above-stick-meta":"","header-main-stick-meta":"","header-below-stick-meta":"","astra-migrate-meta-layouts":"default","ast-page-background-enabled":"default","ast-page-background-meta":{"desktop":{"background-color":"","background-image":"","background-repeat":"repeat","background-position":"center center","background-size":"auto","background-attachment":"scroll","background-type":"","background-media":"","overlay-type":"","overlay-color":"","overlay-opacity":"","overlay-gradient":""},"tablet":{"background-color":"","background-image":"","background-repeat":"repeat","background-position":"center center","background-size":"auto","background-attachment":"scroll","background-type":"","background-media":"","overlay-type":"","overlay-color":"","overlay-opacity":"","overlay-gradient":""},"mobile":{"background-color":"","background-image":"","background-repeat":"repeat","background-position":"center center","background-size":"auto","background-attachment":"scroll","background-type":"","background-media":"","overlay-type":"","overlay-color":"","overlay-opacity":"","overlay-gradient":""}},"ast-content-background-meta":{"desktop":{"background-color":"var(--ast-global-color-5)","background-image":"","background-repeat":"repeat","background-position":"center center","background-size":"auto","background-attachment":"scroll","background-type":"","background-media":"","overlay-type":"","overlay-color":"","overlay-opacity":"","overlay-gradient":""},"tablet":{"background-color":"var(--ast-global-color-5)","background-image":"","background-repeat":"repeat","background-position":"center center","background-size":"auto","background-attachment":"scroll","background-type":"","background-media":"","overlay-type":"","overlay-color":"","overlay-opacity":"","overlay-gradient":""},"mobile":{"background-color":"var(--ast-global-color-5)","background-image":"","background-repeat":"repeat","background-position":"center center","background-size":"auto","background-attachment":"scroll","background-type":"","background-media":"","overlay-type":"","overlay-color":"","overlay-opacity":"","overlay-gradient":""}},"_joinchat":[],"footnotes":""},"categories":[29,9],"tags":[],"class_list":["post-1804","post","type-post","status-publish","format-standard","has-post-thumbnail","hentry","category-departamentos","category-emprendimientos"],"yoast_head":"<!-- This site is optimized with the Yoast SEO plugin v27.5 - https:\/\/yoast.com\/product\/yoast-seo-wordpress\/ -->\n<title>ALTOS DE MORENO: DEPARTAMENTOS DE CATEGOR\u00cdA EN PLENO CENTRO DE CAMPANA - NEWS<\/title>\n<meta name=\"robots\" content=\"index, follow, max-snippet:-1, max-image-preview:large, max-video-preview:-1\" \/>\n<link rel=\"canonical\" href=\"https:\/\/cademaprop.com.ar\/blog\/altos-de-moreno-departamentos-de-categoria-en-pleno-centro-de-campana\/\" \/>\n<meta property=\"og:locale\" content=\"es_MX\" \/>\n<meta property=\"og:type\" content=\"article\" \/>\n<meta property=\"og:title\" content=\"ALTOS DE MORENO: DEPARTAMENTOS DE CATEGOR\u00cdA EN PLENO CENTRO DE CAMPANA - NEWS\" \/>\n<meta property=\"og:description\" content=\"El casco c\u00e9ntrico de la ciudad de Campana sigue creciendo y expandiendo sus opciones habitacionales con el surgimiento de nuevos, confortables y vistosos edificios de categor\u00eda. Dentro de nuestra cartera incorporamos varias opciones de comercializaci\u00f3n exclusiva, para que todas las personas que buscan su nuevo hogar puedan hallarlo. En esta ocasi\u00f3n, vamos a hablarles de [&hellip;]\" \/>\n<meta property=\"og:url\" content=\"https:\/\/cademaprop.com.ar\/blog\/altos-de-moreno-departamentos-de-categoria-en-pleno-centro-de-campana\/\" \/>\n<meta property=\"og:site_name\" content=\"NEWS\" \/>\n<meta property=\"article:publisher\" content=\"https:\/\/www.facebook.com\/inmobiliariacadema\" \/>\n<meta property=\"article:published_time\" content=\"2023-12-21T13:30:00+00:00\" \/>\n<meta property=\"article:modified_time\" content=\"2024-11-22T22:54:49+00:00\" \/>\n<meta property=\"og:image\" content=\"https:\/\/cademaprop.com.ar\/blog\/wp-content\/uploads\/2023\/12\/61932394932936475918953651699463478712521042053331788472892538102791303359325-e1703172295888.jpg\" \/>\n\t<meta property=\"og:image:width\" content=\"1024\" \/>\n\t<meta property=\"og:image:height\" content=\"700\" \/>\n\t<meta property=\"og:image:type\" content=\"image\/jpeg\" \/>\n<meta name=\"author\" content=\"Cadema Bienes Ra\u00edces\" \/>\n<meta name=\"twitter:card\" content=\"summary_large_image\" \/>\n<meta name=\"twitter:creator\" content=\"@InmoCadema\" \/>\n<meta name=\"twitter:site\" content=\"@InmoCadema\" \/>\n<meta name=\"twitter:label1\" content=\"Escrito por\" \/>\n\t<meta name=\"twitter:data1\" content=\"Cadema Bienes Ra\u00edces\" \/>\n\t<meta name=\"twitter:label2\" content=\"Tiempo de lectura\" \/>\n\t<meta name=\"twitter:data2\" content=\"4 minutos\" \/>\n<script type=\"application\/ld+json\" class=\"yoast-schema-graph\">{\"@context\":\"https:\\\/\\\/schema.org\",\"@graph\":[{\"@type\":\"Article\",\"@id\":\"https:\\\/\\\/cademaprop.com.ar\\\/blog\\\/altos-de-moreno-departamentos-de-categoria-en-pleno-centro-de-campana\\\/#article\",\"isPartOf\":{\"@id\":\"https:\\\/\\\/cademaprop.com.ar\\\/blog\\\/altos-de-moreno-departamentos-de-categoria-en-pleno-centro-de-campana\\\/\"},\"author\":{\"name\":\"Cadema Bienes Ra\u00edces\",\"@id\":\"https:\\\/\\\/cademaprop.com.ar\\\/blog\\\/#\\\/schema\\\/person\\\/bf1e8554d62db91bc0110bd8b2c68625\"},\"headline\":\"ALTOS DE MORENO: DEPARTAMENTOS DE CATEGOR\u00cdA EN PLENO CENTRO DE CAMPANA\",\"datePublished\":\"2023-12-21T13:30:00+00:00\",\"dateModified\":\"2024-11-22T22:54:49+00:00\",\"mainEntityOfPage\":{\"@id\":\"https:\\\/\\\/cademaprop.com.ar\\\/blog\\\/altos-de-moreno-departamentos-de-categoria-en-pleno-centro-de-campana\\\/\"},\"wordCount\":472,\"publisher\":{\"@id\":\"https:\\\/\\\/cademaprop.com.ar\\\/blog\\\/#organization\"},\"image\":{\"@id\":\"https:\\\/\\\/cademaprop.com.ar\\\/blog\\\/altos-de-moreno-departamentos-de-categoria-en-pleno-centro-de-campana\\\/#primaryimage\"},\"thumbnailUrl\":\"https:\\\/\\\/cademaprop.com.ar\\\/blog\\\/wp-content\\\/uploads\\\/2023\\\/12\\\/61932394932936475918953651699463478712521042053331788472892538102791303359325-e1703172295888.jpg\",\"articleSection\":[\"Departamentos\",\"Emprendimientos\"],\"inLanguage\":\"es\"},{\"@type\":\"WebPage\",\"@id\":\"https:\\\/\\\/cademaprop.com.ar\\\/blog\\\/altos-de-moreno-departamentos-de-categoria-en-pleno-centro-de-campana\\\/\",\"url\":\"https:\\\/\\\/cademaprop.com.ar\\\/blog\\\/altos-de-moreno-departamentos-de-categoria-en-pleno-centro-de-campana\\\/\",\"name\":\"ALTOS DE MORENO: DEPARTAMENTOS DE CATEGOR\u00cdA EN PLENO CENTRO DE CAMPANA - NEWS\",\"isPartOf\":{\"@id\":\"https:\\\/\\\/cademaprop.com.ar\\\/blog\\\/#website\"},\"primaryImageOfPage\":{\"@id\":\"https:\\\/\\\/cademaprop.com.ar\\\/blog\\\/altos-de-moreno-departamentos-de-categoria-en-pleno-centro-de-campana\\\/#primaryimage\"},\"image\":{\"@id\":\"https:\\\/\\\/cademaprop.com.ar\\\/blog\\\/altos-de-moreno-departamentos-de-categoria-en-pleno-centro-de-campana\\\/#primaryimage\"},\"thumbnailUrl\":\"https:\\\/\\\/cademaprop.com.ar\\\/blog\\\/wp-content\\\/uploads\\\/2023\\\/12\\\/61932394932936475918953651699463478712521042053331788472892538102791303359325-e1703172295888.jpg\",\"datePublished\":\"2023-12-21T13:30:00+00:00\",\"dateModified\":\"2024-11-22T22:54:49+00:00\",\"breadcrumb\":{\"@id\":\"https:\\\/\\\/cademaprop.com.ar\\\/blog\\\/altos-de-moreno-departamentos-de-categoria-en-pleno-centro-de-campana\\\/#breadcrumb\"},\"inLanguage\":\"es\",\"potentialAction\":[{\"@type\":\"ReadAction\",\"target\":[\"https:\\\/\\\/cademaprop.com.ar\\\/blog\\\/altos-de-moreno-departamentos-de-categoria-en-pleno-centro-de-campana\\\/\"]}]},{\"@type\":\"ImageObject\",\"inLanguage\":\"es\",\"@id\":\"https:\\\/\\\/cademaprop.com.ar\\\/blog\\\/altos-de-moreno-departamentos-de-categoria-en-pleno-centro-de-campana\\\/#primaryimage\",\"url\":\"https:\\\/\\\/cademaprop.com.ar\\\/blog\\\/wp-content\\\/uploads\\\/2023\\\/12\\\/61932394932936475918953651699463478712521042053331788472892538102791303359325-e1703172295888.jpg\",\"contentUrl\":\"https:\\\/\\\/cademaprop.com.ar\\\/blog\\\/wp-content\\\/uploads\\\/2023\\\/12\\\/61932394932936475918953651699463478712521042053331788472892538102791303359325-e1703172295888.jpg\",\"width\":1024,\"height\":700},{\"@type\":\"BreadcrumbList\",\"@id\":\"https:\\\/\\\/cademaprop.com.ar\\\/blog\\\/altos-de-moreno-departamentos-de-categoria-en-pleno-centro-de-campana\\\/#breadcrumb\",\"itemListElement\":[{\"@type\":\"ListItem\",\"position\":1,\"name\":\"Inicio\",\"item\":\"https:\\\/\\\/cademaprop.com.ar\\\/blog\\\/\"},{\"@type\":\"ListItem\",\"position\":2,\"name\":\"ALTOS DE MORENO: DEPARTAMENTOS DE CATEGOR\u00cdA EN PLENO CENTRO DE CAMPANA\"}]},{\"@type\":\"WebSite\",\"@id\":\"https:\\\/\\\/cademaprop.com.ar\\\/blog\\\/#website\",\"url\":\"https:\\\/\\\/cademaprop.com.ar\\\/blog\\\/\",\"name\":\"CADEMA NEWS\",\"description\":\"\",\"publisher\":{\"@id\":\"https:\\\/\\\/cademaprop.com.ar\\\/blog\\\/#organization\"},\"potentialAction\":[{\"@type\":\"SearchAction\",\"target\":{\"@type\":\"EntryPoint\",\"urlTemplate\":\"https:\\\/\\\/cademaprop.com.ar\\\/blog\\\/?s={search_term_string}\"},\"query-input\":{\"@type\":\"PropertyValueSpecification\",\"valueRequired\":true,\"valueName\":\"search_term_string\"}}],\"inLanguage\":\"es\"},{\"@type\":\"Organization\",\"@id\":\"https:\\\/\\\/cademaprop.com.ar\\\/blog\\\/#organization\",\"name\":\"INMOBILIARIA CADEMA\",\"url\":\"https:\\\/\\\/cademaprop.com.ar\\\/blog\\\/\",\"logo\":{\"@type\":\"ImageObject\",\"inLanguage\":\"es\",\"@id\":\"https:\\\/\\\/cademaprop.com.ar\\\/blog\\\/#\\\/schema\\\/logo\\\/image\\\/\",\"url\":\"https:\\\/\\\/cademaprop.com.ar\\\/blog\\\/wp-content\\\/uploads\\\/2024\\\/01\\\/CDN-Logo-Full-Color.png\",\"contentUrl\":\"https:\\\/\\\/cademaprop.com.ar\\\/blog\\\/wp-content\\\/uploads\\\/2024\\\/01\\\/CDN-Logo-Full-Color.png\",\"width\":4410,\"height\":1418,\"caption\":\"INMOBILIARIA CADEMA\"},\"image\":{\"@id\":\"https:\\\/\\\/cademaprop.com.ar\\\/blog\\\/#\\\/schema\\\/logo\\\/image\\\/\"},\"sameAs\":[\"https:\\\/\\\/www.facebook.com\\\/inmobiliariacadema\",\"https:\\\/\\\/x.com\\\/InmoCadema\",\"https:\\\/\\\/www.instagram.com\\\/inmobiliariacadema\",\"https:\\\/\\\/www.threads.net\\\/@inmobiliariacadema\",\"https:\\\/\\\/www.tiktok.com\\\/@inmobiliariacadema\"]},{\"@type\":\"Person\",\"@id\":\"https:\\\/\\\/cademaprop.com.ar\\\/blog\\\/#\\\/schema\\\/person\\\/bf1e8554d62db91bc0110bd8b2c68625\",\"name\":\"Cadema Bienes Ra\u00edces\",\"image\":{\"@type\":\"ImageObject\",\"inLanguage\":\"es\",\"@id\":\"https:\\\/\\\/secure.gravatar.com\\\/avatar\\\/dcf94633e3fe61607b8d5ead2fbb04c595474c581edee9a1c8c801464d64e4af?s=96&r=g\",\"url\":\"https:\\\/\\\/secure.gravatar.com\\\/avatar\\\/dcf94633e3fe61607b8d5ead2fbb04c595474c581edee9a1c8c801464d64e4af?s=96&r=g\",\"contentUrl\":\"https:\\\/\\\/secure.gravatar.com\\\/avatar\\\/dcf94633e3fe61607b8d5ead2fbb04c595474c581edee9a1c8c801464d64e4af?s=96&r=g\",\"caption\":\"Cadema Bienes Ra\u00edces\"},\"description\":\"Nuestra prioridad es lograr una s\u00edntesis equilibrada entre las necesidades del comprador y los requerimientos del vendedor. Con m\u00e1s de seis d\u00e9cadas de experiencia, nos enorgullece ser la empresa l\u00edder en el \u00e1mbito inmobiliario de la ciudad de Campana. Especializados en la venta de inmuebles y desarrollos urbanos e industriales, hemos marcado nuestro camino con dedicaci\u00f3n y excelencia. En el a\u00f1o 2024 celebramos nuestro 60\u00ba aniversario, reflejando nuestra constante b\u00fasqueda de vanguardia tecnol\u00f3gica para enfrentar los desaf\u00edos del mercado.\",\"sameAs\":[\"https:\\\/\\\/www.cademaprop.com.ar\\\/\"],\"url\":\"https:\\\/\\\/cademaprop.com.ar\\\/blog\\\/author\\\/mar0015\\\/\"}]}<\/script>\n<!-- \/ Yoast SEO plugin. -->","yoast_head_json":{"title":"ALTOS DE MORENO: DEPARTAMENTOS DE CATEGOR\u00cdA EN PLENO CENTRO DE CAMPANA - NEWS","robots":{"index":"index","follow":"follow","max-snippet":"max-snippet:-1","max-image-preview":"max-image-preview:large","max-video-preview":"max-video-preview:-1"},"canonical":"https:\/\/cademaprop.com.ar\/blog\/altos-de-moreno-departamentos-de-categoria-en-pleno-centro-de-campana\/","og_locale":"es_MX","og_type":"article","og_title":"ALTOS DE MORENO: DEPARTAMENTOS DE CATEGOR\u00cdA EN PLENO CENTRO DE CAMPANA - NEWS","og_description":"El casco c\u00e9ntrico de la ciudad de Campana sigue creciendo y expandiendo sus opciones habitacionales con el surgimiento de nuevos, confortables y vistosos edificios de categor\u00eda. Dentro de nuestra cartera incorporamos varias opciones de comercializaci\u00f3n exclusiva, para que todas las personas que buscan su nuevo hogar puedan hallarlo. En esta ocasi\u00f3n, vamos a hablarles de [&hellip;]","og_url":"https:\/\/cademaprop.com.ar\/blog\/altos-de-moreno-departamentos-de-categoria-en-pleno-centro-de-campana\/","og_site_name":"NEWS","article_publisher":"https:\/\/www.facebook.com\/inmobiliariacadema","article_published_time":"2023-12-21T13:30:00+00:00","article_modified_time":"2024-11-22T22:54:49+00:00","og_image":[{"width":1024,"height":700,"url":"https:\/\/cademaprop.com.ar\/blog\/wp-content\/uploads\/2023\/12\/61932394932936475918953651699463478712521042053331788472892538102791303359325-e1703172295888.jpg","type":"image\/jpeg"}],"author":"Cadema Bienes Ra\u00edces","twitter_card":"summary_large_image","twitter_creator":"@InmoCadema","twitter_site":"@InmoCadema","twitter_misc":{"Escrito por":"Cadema Bienes Ra\u00edces","Tiempo de lectura":"4 minutos"},"schema":{"@context":"https:\/\/schema.org","@graph":[{"@type":"Article","@id":"https:\/\/cademaprop.com.ar\/blog\/altos-de-moreno-departamentos-de-categoria-en-pleno-centro-de-campana\/#article","isPartOf":{"@id":"https:\/\/cademaprop.com.ar\/blog\/altos-de-moreno-departamentos-de-categoria-en-pleno-centro-de-campana\/"},"author":{"name":"Cadema Bienes Ra\u00edces","@id":"https:\/\/cademaprop.com.ar\/blog\/#\/schema\/person\/bf1e8554d62db91bc0110bd8b2c68625"},"headline":"ALTOS DE MORENO: DEPARTAMENTOS DE CATEGOR\u00cdA EN PLENO CENTRO DE CAMPANA","datePublished":"2023-12-21T13:30:00+00:00","dateModified":"2024-11-22T22:54:49+00:00","mainEntityOfPage":{"@id":"https:\/\/cademaprop.com.ar\/blog\/altos-de-moreno-departamentos-de-categoria-en-pleno-centro-de-campana\/"},"wordCount":472,"publisher":{"@id":"https:\/\/cademaprop.com.ar\/blog\/#organization"},"image":{"@id":"https:\/\/cademaprop.com.ar\/blog\/altos-de-moreno-departamentos-de-categoria-en-pleno-centro-de-campana\/#primaryimage"},"thumbnailUrl":"https:\/\/cademaprop.com.ar\/blog\/wp-content\/uploads\/2023\/12\/61932394932936475918953651699463478712521042053331788472892538102791303359325-e1703172295888.jpg","articleSection":["Departamentos","Emprendimientos"],"inLanguage":"es"},{"@type":"WebPage","@id":"https:\/\/cademaprop.com.ar\/blog\/altos-de-moreno-departamentos-de-categoria-en-pleno-centro-de-campana\/","url":"https:\/\/cademaprop.com.ar\/blog\/altos-de-moreno-departamentos-de-categoria-en-pleno-centro-de-campana\/","name":"ALTOS DE MORENO: DEPARTAMENTOS DE CATEGOR\u00cdA EN PLENO CENTRO DE CAMPANA - NEWS","isPartOf":{"@id":"https:\/\/cademaprop.com.ar\/blog\/#website"},"primaryImageOfPage":{"@id":"https:\/\/cademaprop.com.ar\/blog\/altos-de-moreno-departamentos-de-categoria-en-pleno-centro-de-campana\/#primaryimage"},"image":{"@id":"https:\/\/cademaprop.com.ar\/blog\/altos-de-moreno-departamentos-de-categoria-en-pleno-centro-de-campana\/#primaryimage"},"thumbnailUrl":"https:\/\/cademaprop.com.ar\/blog\/wp-content\/uploads\/2023\/12\/61932394932936475918953651699463478712521042053331788472892538102791303359325-e1703172295888.jpg","datePublished":"2023-12-21T13:30:00+00:00","dateModified":"2024-11-22T22:54:49+00:00","breadcrumb":{"@id":"https:\/\/cademaprop.com.ar\/blog\/altos-de-moreno-departamentos-de-categoria-en-pleno-centro-de-campana\/#breadcrumb"},"inLanguage":"es","potentialAction":[{"@type":"ReadAction","target":["https:\/\/cademaprop.com.ar\/blog\/altos-de-moreno-departamentos-de-categoria-en-pleno-centro-de-campana\/"]}]},{"@type":"ImageObject","inLanguage":"es","@id":"https:\/\/cademaprop.com.ar\/blog\/altos-de-moreno-departamentos-de-categoria-en-pleno-centro-de-campana\/#primaryimage","url":"https:\/\/cademaprop.com.ar\/blog\/wp-content\/uploads\/2023\/12\/61932394932936475918953651699463478712521042053331788472892538102791303359325-e1703172295888.jpg","contentUrl":"https:\/\/cademaprop.com.ar\/blog\/wp-content\/uploads\/2023\/12\/61932394932936475918953651699463478712521042053331788472892538102791303359325-e1703172295888.jpg","width":1024,"height":700},{"@type":"BreadcrumbList","@id":"https:\/\/cademaprop.com.ar\/blog\/altos-de-moreno-departamentos-de-categoria-en-pleno-centro-de-campana\/#breadcrumb","itemListElement":[{"@type":"ListItem","position":1,"name":"Inicio","item":"https:\/\/cademaprop.com.ar\/blog\/"},{"@type":"ListItem","position":2,"name":"ALTOS DE MORENO: DEPARTAMENTOS DE CATEGOR\u00cdA EN PLENO CENTRO DE CAMPANA"}]},{"@type":"WebSite","@id":"https:\/\/cademaprop.com.ar\/blog\/#website","url":"https:\/\/cademaprop.com.ar\/blog\/","name":"CADEMA NEWS","description":"","publisher":{"@id":"https:\/\/cademaprop.com.ar\/blog\/#organization"},"potentialAction":[{"@type":"SearchAction","target":{"@type":"EntryPoint","urlTemplate":"https:\/\/cademaprop.com.ar\/blog\/?s={search_term_string}"},"query-input":{"@type":"PropertyValueSpecification","valueRequired":true,"valueName":"search_term_string"}}],"inLanguage":"es"},{"@type":"Organization","@id":"https:\/\/cademaprop.com.ar\/blog\/#organization","name":"INMOBILIARIA CADEMA","url":"https:\/\/cademaprop.com.ar\/blog\/","logo":{"@type":"ImageObject","inLanguage":"es","@id":"https:\/\/cademaprop.com.ar\/blog\/#\/schema\/logo\/image\/","url":"https:\/\/cademaprop.com.ar\/blog\/wp-content\/uploads\/2024\/01\/CDN-Logo-Full-Color.png","contentUrl":"https:\/\/cademaprop.com.ar\/blog\/wp-content\/uploads\/2024\/01\/CDN-Logo-Full-Color.png","width":4410,"height":1418,"caption":"INMOBILIARIA CADEMA"},"image":{"@id":"https:\/\/cademaprop.com.ar\/blog\/#\/schema\/logo\/image\/"},"sameAs":["https:\/\/www.facebook.com\/inmobiliariacadema","https:\/\/x.com\/InmoCadema","https:\/\/www.instagram.com\/inmobiliariacadema","https:\/\/www.threads.net\/@inmobiliariacadema","https:\/\/www.tiktok.com\/@inmobiliariacadema"]},{"@type":"Person","@id":"https:\/\/cademaprop.com.ar\/blog\/#\/schema\/person\/bf1e8554d62db91bc0110bd8b2c68625","name":"Cadema Bienes Ra\u00edces","image":{"@type":"ImageObject","inLanguage":"es","@id":"https:\/\/secure.gravatar.com\/avatar\/dcf94633e3fe61607b8d5ead2fbb04c595474c581edee9a1c8c801464d64e4af?s=96&r=g","url":"https:\/\/secure.gravatar.com\/avatar\/dcf94633e3fe61607b8d5ead2fbb04c595474c581edee9a1c8c801464d64e4af?s=96&r=g","contentUrl":"https:\/\/secure.gravatar.com\/avatar\/dcf94633e3fe61607b8d5ead2fbb04c595474c581edee9a1c8c801464d64e4af?s=96&r=g","caption":"Cadema Bienes Ra\u00edces"},"description":"Nuestra prioridad es lograr una s\u00edntesis equilibrada entre las necesidades del comprador y los requerimientos del vendedor. Con m\u00e1s de seis d\u00e9cadas de experiencia, nos enorgullece ser la empresa l\u00edder en el \u00e1mbito inmobiliario de la ciudad de Campana. Especializados en la venta de inmuebles y desarrollos urbanos e industriales, hemos marcado nuestro camino con dedicaci\u00f3n y excelencia. En el a\u00f1o 2024 celebramos nuestro 60\u00ba aniversario, reflejando nuestra constante b\u00fasqueda de vanguardia tecnol\u00f3gica para enfrentar los desaf\u00edos del mercado.","sameAs":["https:\/\/www.cademaprop.com.ar\/"],"url":"https:\/\/cademaprop.com.ar\/blog\/author\/mar0015\/"}]}},"_links":{"self":[{"href":"https:\/\/cademaprop.com.ar\/blog\/wp-json\/wp\/v2\/posts\/1804","targetHints":{"allow":["GET"]}}],"collection":[{"href":"https:\/\/cademaprop.com.ar\/blog\/wp-json\/wp\/v2\/posts"}],"about":[{"href":"https:\/\/cademaprop.com.ar\/blog\/wp-json\/wp\/v2\/types\/post"}],"author":[{"embeddable":true,"href":"https:\/\/cademaprop.com.ar\/blog\/wp-json\/wp\/v2\/users\/2"}],"replies":[{"embeddable":true,"href":"https:\/\/cademaprop.com.ar\/blog\/wp-json\/wp\/v2\/comments?post=1804"}],"version-history":[{"count":0,"href":"https:\/\/cademaprop.com.ar\/blog\/wp-json\/wp\/v2\/posts\/1804\/revisions"}],"wp:featuredmedia":[{"embeddable":true,"href":"https:\/\/cademaprop.com.ar\/blog\/wp-json\/wp\/v2\/media\/1807"}],"wp:attachment":[{"href":"https:\/\/cademaprop.com.ar\/blog\/wp-json\/wp\/v2\/media?parent=1804"}],"wp:term":[{"taxonomy":"category","embeddable":true,"href":"https:\/\/cademaprop.com.ar\/blog\/wp-json\/wp\/v2\/categories?post=1804"},{"taxonomy":"post_tag","embeddable":true,"href":"https:\/\/cademaprop.com.ar\/blog\/wp-json\/wp\/v2\/tags?post=1804"}],"curies":[{"name":"wp","href":"https:\/\/api.w.org\/{rel}","templated":true}]}}