{"id":1990,"date":"2024-02-16T09:00:00","date_gmt":"2024-02-16T12:00:00","guid":{"rendered":"https:\/\/cademaprop.com.ar\/blog\/?p=1990"},"modified":"2024-11-22T19:52:20","modified_gmt":"2024-11-22T22:52:20","slug":"edificio-san-martin-562-tu-vivienda-ideal-dentro-del-casco-centrico","status":"publish","type":"post","link":"https:\/\/cademaprop.com.ar\/blog\/edificio-san-martin-562-tu-vivienda-ideal-dentro-del-casco-centrico\/","title":{"rendered":"EDIFICIO SAN MART\u00cdN 562: TU VIVIENDA IDEAL DENTRO DEL CASCO C\u00c9NTRICO"},"content":{"rendered":"\n<p style=\"margin-bottom:var(--wp--preset--spacing--50)\">En el casco c\u00e9ntrico de la ciudad de Campana, a tan solo cuatro cuadras de la plaza principal Eduardo Costa, se encuentra una excelente oportunidad de vivienda e inversi\u00f3n:<a href=\"http:\/\/www.cademaprop.com.ar\/emprendimiento-25977-Edificio-Aconcaza-San-Mart%C3%ADn-562\" target=\"_blank\" rel=\"noreferrer noopener\"> Edificio San Mart\u00edn 562 \u201cAconcaza\u201d<\/a>. Desde su concepci\u00f3n y proyecci\u00f3n se busc\u00f3 que sea \u00fanico en su dise\u00f1o, tanto en su exterior como en la distribuci\u00f3n de los departamentos, generando as\u00ed la mejor funcionalidad de los distintos espacios.<\/p>\n\n\n\n<figure class=\"wp-block-image alignright size-large is-resized\"><a href=\"https:\/\/cademaprop.com.ar\/blog\/wp-content\/uploads\/2024\/02\/20231124_131444-scaled.jpg\"><img fetchpriority=\"high\" decoding=\"async\" width=\"875\" height=\"1024\" src=\"https:\/\/cademaprop.com.ar\/blog\/wp-content\/uploads\/2024\/02\/20231124_131444-875x1024.jpg\" alt=\"\" class=\"wp-image-1993\" style=\"width:223px;height:auto\" srcset=\"https:\/\/cademaprop.com.ar\/blog\/wp-content\/uploads\/2024\/02\/20231124_131444-875x1024.jpg 875w, https:\/\/cademaprop.com.ar\/blog\/wp-content\/uploads\/2024\/02\/20231124_131444-256x300.jpg 256w, https:\/\/cademaprop.com.ar\/blog\/wp-content\/uploads\/2024\/02\/20231124_131444-768x899.jpg 768w, https:\/\/cademaprop.com.ar\/blog\/wp-content\/uploads\/2024\/02\/20231124_131444-1313x1536.jpg 1313w, https:\/\/cademaprop.com.ar\/blog\/wp-content\/uploads\/2024\/02\/20231124_131444-1750x2048.jpg 1750w\" sizes=\"(max-width: 875px) 100vw, 875px\" \/><\/a><\/figure>\n\n\n\n<p style=\"margin-bottom:var(--wp--preset--spacing--50)\">El proyecto se desarroll\u00f3 en un lote de 453 m<sup>2<\/sup> y est\u00e1 conformado por seis pisos en los cuales, en los cuatro niveles superiores, se distribuyen 16 departamentos a estrenar de dos tipos: integrales (con cocina \u2013 comedor \u2013 living), y opci\u00f3n con amplio living separado. Ambas con un solo dormitorio, balc\u00f3n con \u00e1rea semicubierta de 1.4 mtrs, y un ba\u00f1o completo. Las superficies aproximadas son de 60 m<sup>2<\/sup>. Otro dato por destacar es que cuenta con un amplio pulm\u00f3n y que la planta baja es libre con cocheras semi cubiertas, permitiendo siempre la entrada de luz en todos los ambientes y el flujo continuo de aire.<\/p>\n\n\n\n<figure class=\"wp-block-image alignleft size-large is-resized\"><a href=\"https:\/\/cademaprop.com.ar\/blog\/wp-content\/uploads\/2024\/02\/IMG_3008-copia-1-scaled.jpg\"><img decoding=\"async\" width=\"1024\" height=\"768\" src=\"https:\/\/cademaprop.com.ar\/blog\/wp-content\/uploads\/2024\/02\/IMG_3008-copia-1-1024x768.jpg\" alt=\"\" class=\"wp-image-2018\" style=\"width:230px;height:auto\" srcset=\"https:\/\/cademaprop.com.ar\/blog\/wp-content\/uploads\/2024\/02\/IMG_3008-copia-1-1024x768.jpg 1024w, https:\/\/cademaprop.com.ar\/blog\/wp-content\/uploads\/2024\/02\/IMG_3008-copia-1-300x225.jpg 300w, https:\/\/cademaprop.com.ar\/blog\/wp-content\/uploads\/2024\/02\/IMG_3008-copia-1-768x576.jpg 768w, https:\/\/cademaprop.com.ar\/blog\/wp-content\/uploads\/2024\/02\/IMG_3008-copia-1-1536x1152.jpg 1536w, https:\/\/cademaprop.com.ar\/blog\/wp-content\/uploads\/2024\/02\/IMG_3008-copia-1-2048x1536.jpg 2048w\" sizes=\"(max-width: 1024px) 100vw, 1024px\" \/><\/a><\/figure>\n\n\n\n<p style=\"margin-bottom:0\">Por su parte, el \u00faltimo nivel est\u00e1 destinado al uso com\u00fan del edificio, con un sector de bauleras privadas, un laundry general (lavadero de uso compartido), y un excelente S.U.M. extenso con aire acondicionado, parrilla, cocina, dos ba\u00f1os, y dem\u00e1s servicios. Todo esto le otorga un plus al confort general. Adem\u00e1s, cada departamento cuenta con su respectiva cochera y baulera.<\/p>\n\n\n\n<p>Una de sus grandes ventajas es su ubicaci\u00f3n, <a href=\"https:\/\/maps.app.goo.gl\/Goj2sSDKjDQoKYL57\" target=\"_blank\" rel=\"noreferrer noopener\">calle San Mart\u00edn al 500<\/a>, entre Juan B. Alberdi y Luis P. Jacob, con incre\u00edbles vistas a la ciudad y a pasos de todo, como colectivos, negocios comerciales y establecimientos educativos.<\/p>\n\n\n\n<p>En cuanto a la estructura, posee una construcci\u00f3n tradicional compuesta por columnas y vigas de hormig\u00f3n armado. Cerramientos de mamposter\u00edas y losas cer\u00e1micas. Techo de chapa sobre estructura de hierro con desag\u00fce a canaleta oculta para mantener una est\u00e9tica pulcra. Los ba\u00f1os est\u00e1n equipados con sanitarios Ferrum l\u00ednea Bari y grifer\u00edas FV. Muebles de cocina en melanina, mesadas de granito y cocina y termotanque a gas natural.<\/p>\n\n\n\n<p>Si est\u00e1n interesados en esta gran oportunidad en pleno centro de Campana, a\u00fan se encuentran unidades disponibles con posesi\u00f3n inmediata y escriturables. Adem\u00e1s, posibilidad de financiaci\u00f3n con entrega y cuotas en d\u00f3lares o en pesos m\u00e1s CAC.<\/p>\n\n\n\n<p>En <a href=\"http:\/\/www.cademaprop.com.ar\/\" target=\"_blank\" rel=\"noreferrer noopener\">Cadema <\/a>estamos a total disposici\u00f3n para asesorarlos sobre las opciones disponibles en este excepcional edificio. Se pueden comunicar con nosotros mediante los diferentes medios de contacto para agendar una reuni\u00f3n y visita personalizada.<\/p>\n\n\n\n<hr class=\"wp-block-separator has-alpha-channel-opacity is-style-wide\" style=\"margin-top:var(--wp--preset--spacing--50);margin-bottom:var(--wp--preset--spacing--50)\"\/>\n\n\n\n<p>Cadema Bienes Ra\u00edces<\/p>\n\n\n\n<p>Av Varela 420, Campana<\/p>\n\n\n\n<p><a href=\"https:\/\/wa.me\/5493489659742?text=Hola.%20Me%20interesa%20obtener%20mayor%20informaci%C3%B3n%20y%20asesoramiento%20sobre%20inmuebles%20industriales.\" target=\"_blank\" rel=\"noreferrer noopener\">+54 9 3489&nbsp;<\/a><a href=\"https:\/\/wa.me\/5493489659742?text=Hola.%20Me%20interesa%20obtener%20mayor%20informaci%C3%B3n%20y%20asesoramiento%20sobre%20inmuebles.\" target=\"_blank\" rel=\"noreferrer noopener\">659742<\/a><\/p>\n\n\n\n<p><a href=\"https:\/\/instagram.com\/cademabienesraices\" target=\"_blank\" rel=\"noreferrer noopener\">@cademabienesraices<\/a><\/p>\n\n\n\n<p><a href=\"http:\/\/www.cademaprop.com.ar\">www.cademaprop.com.ar<\/a><\/p>\n\n\n\n<p>Corredor responsable Bruno Catardi, CMZC Leg. Col. N 528.<\/p>\n\n\n\n<hr class=\"wp-block-separator has-alpha-channel-opacity is-style-wide\" style=\"margin-top:var(--wp--preset--spacing--50);margin-bottom:var(--wp--preset--spacing--50)\"\/>\n\n\n\n<p><strong>GALER\u00cdA:<\/strong><\/p>\n\n\n\n<figure class=\"wp-block-gallery has-nested-images columns-2 is-cropped wp-block-gallery-1 is-layout-flex wp-block-gallery-is-layout-flex\">\n<figure class=\"wp-block-image size-full\"><a href=\"https:\/\/cademaprop.com.ar\/blog\/wp-content\/uploads\/2024\/02\/20231124_125140-scaled.jpg\"><img decoding=\"async\" width=\"2560\" height=\"1920\" data-id=\"2006\" src=\"https:\/\/cademaprop.com.ar\/blog\/wp-content\/uploads\/2024\/02\/20231124_125140-scaled.jpg\" alt=\"\" class=\"wp-image-2006\" srcset=\"https:\/\/cademaprop.com.ar\/blog\/wp-content\/uploads\/2024\/02\/20231124_125140-scaled.jpg 2560w, https:\/\/cademaprop.com.ar\/blog\/wp-content\/uploads\/2024\/02\/20231124_125140-300x225.jpg 300w, https:\/\/cademaprop.com.ar\/blog\/wp-content\/uploads\/2024\/02\/20231124_125140-1024x768.jpg 1024w, https:\/\/cademaprop.com.ar\/blog\/wp-content\/uploads\/2024\/02\/20231124_125140-768x576.jpg 768w, https:\/\/cademaprop.com.ar\/blog\/wp-content\/uploads\/2024\/02\/20231124_125140-1536x1152.jpg 1536w, https:\/\/cademaprop.com.ar\/blog\/wp-content\/uploads\/2024\/02\/20231124_125140-2048x1536.jpg 2048w\" sizes=\"(max-width: 2560px) 100vw, 2560px\" \/><\/a><\/figure>\n\n\n\n<figure class=\"wp-block-image size-full\"><a href=\"https:\/\/cademaprop.com.ar\/blog\/wp-content\/uploads\/2024\/02\/20231124_125005-scaled.jpg\"><img loading=\"lazy\" decoding=\"async\" width=\"2560\" height=\"1441\" data-id=\"2004\" src=\"https:\/\/cademaprop.com.ar\/blog\/wp-content\/uploads\/2024\/02\/20231124_125005-scaled.jpg\" alt=\"\" class=\"wp-image-2004\" srcset=\"https:\/\/cademaprop.com.ar\/blog\/wp-content\/uploads\/2024\/02\/20231124_125005-scaled.jpg 2560w, https:\/\/cademaprop.com.ar\/blog\/wp-content\/uploads\/2024\/02\/20231124_125005-300x169.jpg 300w, https:\/\/cademaprop.com.ar\/blog\/wp-content\/uploads\/2024\/02\/20231124_125005-1024x577.jpg 1024w, https:\/\/cademaprop.com.ar\/blog\/wp-content\/uploads\/2024\/02\/20231124_125005-768x432.jpg 768w, https:\/\/cademaprop.com.ar\/blog\/wp-content\/uploads\/2024\/02\/20231124_125005-1536x865.jpg 1536w, https:\/\/cademaprop.com.ar\/blog\/wp-content\/uploads\/2024\/02\/20231124_125005-2048x1153.jpg 2048w\" sizes=\"(max-width: 2560px) 100vw, 2560px\" \/><\/a><\/figure>\n\n\n\n<figure class=\"wp-block-image size-full\"><a href=\"https:\/\/cademaprop.com.ar\/blog\/wp-content\/uploads\/2024\/02\/20231124_125153-scaled.jpg\"><img loading=\"lazy\" decoding=\"async\" width=\"2560\" height=\"1920\" data-id=\"2009\" src=\"https:\/\/cademaprop.com.ar\/blog\/wp-content\/uploads\/2024\/02\/20231124_125153-scaled.jpg\" alt=\"\" class=\"wp-image-2009\" srcset=\"https:\/\/cademaprop.com.ar\/blog\/wp-content\/uploads\/2024\/02\/20231124_125153-scaled.jpg 2560w, https:\/\/cademaprop.com.ar\/blog\/wp-content\/uploads\/2024\/02\/20231124_125153-300x225.jpg 300w, https:\/\/cademaprop.com.ar\/blog\/wp-content\/uploads\/2024\/02\/20231124_125153-1024x768.jpg 1024w, https:\/\/cademaprop.com.ar\/blog\/wp-content\/uploads\/2024\/02\/20231124_125153-768x576.jpg 768w, https:\/\/cademaprop.com.ar\/blog\/wp-content\/uploads\/2024\/02\/20231124_125153-1536x1152.jpg 1536w, https:\/\/cademaprop.com.ar\/blog\/wp-content\/uploads\/2024\/02\/20231124_125153-2048x1536.jpg 2048w\" sizes=\"(max-width: 2560px) 100vw, 2560px\" \/><\/a><\/figure>\n\n\n\n<figure class=\"wp-block-image size-full\"><a href=\"https:\/\/cademaprop.com.ar\/blog\/wp-content\/uploads\/2024\/02\/IMG_3008-copia-scaled.jpg\"><img loading=\"lazy\" decoding=\"async\" width=\"2560\" height=\"1920\" data-id=\"2008\" src=\"https:\/\/cademaprop.com.ar\/blog\/wp-content\/uploads\/2024\/02\/IMG_3008-copia-scaled.jpg\" alt=\"\" class=\"wp-image-2008\" srcset=\"https:\/\/cademaprop.com.ar\/blog\/wp-content\/uploads\/2024\/02\/IMG_3008-copia-scaled.jpg 2560w, https:\/\/cademaprop.com.ar\/blog\/wp-content\/uploads\/2024\/02\/IMG_3008-copia-300x225.jpg 300w, https:\/\/cademaprop.com.ar\/blog\/wp-content\/uploads\/2024\/02\/IMG_3008-copia-1024x768.jpg 1024w, https:\/\/cademaprop.com.ar\/blog\/wp-content\/uploads\/2024\/02\/IMG_3008-copia-768x576.jpg 768w, https:\/\/cademaprop.com.ar\/blog\/wp-content\/uploads\/2024\/02\/IMG_3008-copia-1536x1152.jpg 1536w, https:\/\/cademaprop.com.ar\/blog\/wp-content\/uploads\/2024\/02\/IMG_3008-copia-2048x1536.jpg 2048w\" sizes=\"(max-width: 2560px) 100vw, 2560px\" \/><\/a><\/figure>\n\n\n\n<figure class=\"wp-block-image size-full\"><a href=\"https:\/\/cademaprop.com.ar\/blog\/wp-content\/uploads\/2024\/02\/IMG_3140-scaled.jpg\"><img loading=\"lazy\" decoding=\"async\" width=\"1920\" height=\"2560\" data-id=\"2030\" src=\"https:\/\/cademaprop.com.ar\/blog\/wp-content\/uploads\/2024\/02\/IMG_3140-scaled.jpg\" alt=\"\" class=\"wp-image-2030\" srcset=\"https:\/\/cademaprop.com.ar\/blog\/wp-content\/uploads\/2024\/02\/IMG_3140-scaled.jpg 1920w, https:\/\/cademaprop.com.ar\/blog\/wp-content\/uploads\/2024\/02\/IMG_3140-225x300.jpg 225w, https:\/\/cademaprop.com.ar\/blog\/wp-content\/uploads\/2024\/02\/IMG_3140-768x1024.jpg 768w, https:\/\/cademaprop.com.ar\/blog\/wp-content\/uploads\/2024\/02\/IMG_3140-1152x1536.jpg 1152w, https:\/\/cademaprop.com.ar\/blog\/wp-content\/uploads\/2024\/02\/IMG_3140-1536x2048.jpg 1536w\" sizes=\"(max-width: 1920px) 100vw, 1920px\" \/><\/a><\/figure>\n\n\n\n<figure class=\"wp-block-image size-full\"><a href=\"https:\/\/cademaprop.com.ar\/blog\/wp-content\/uploads\/2024\/02\/IMG_3031-scaled.jpg\"><img loading=\"lazy\" decoding=\"async\" width=\"1920\" height=\"2560\" data-id=\"2031\" src=\"https:\/\/cademaprop.com.ar\/blog\/wp-content\/uploads\/2024\/02\/IMG_3031-scaled.jpg\" alt=\"\" class=\"wp-image-2031\" srcset=\"https:\/\/cademaprop.com.ar\/blog\/wp-content\/uploads\/2024\/02\/IMG_3031-scaled.jpg 1920w, https:\/\/cademaprop.com.ar\/blog\/wp-content\/uploads\/2024\/02\/IMG_3031-225x300.jpg 225w, https:\/\/cademaprop.com.ar\/blog\/wp-content\/uploads\/2024\/02\/IMG_3031-768x1024.jpg 768w, https:\/\/cademaprop.com.ar\/blog\/wp-content\/uploads\/2024\/02\/IMG_3031-1152x1536.jpg 1152w, https:\/\/cademaprop.com.ar\/blog\/wp-content\/uploads\/2024\/02\/IMG_3031-1536x2048.jpg 1536w\" sizes=\"(max-width: 1920px) 100vw, 1920px\" \/><\/a><\/figure>\n\n\n\n<figure class=\"wp-block-image size-full\"><a href=\"https:\/\/cademaprop.com.ar\/blog\/wp-content\/uploads\/2024\/02\/IMG_3005-scaled.jpg\"><img loading=\"lazy\" decoding=\"async\" width=\"1920\" height=\"2560\" data-id=\"2033\" src=\"https:\/\/cademaprop.com.ar\/blog\/wp-content\/uploads\/2024\/02\/IMG_3005-scaled.jpg\" alt=\"\" class=\"wp-image-2033\" srcset=\"https:\/\/cademaprop.com.ar\/blog\/wp-content\/uploads\/2024\/02\/IMG_3005-scaled.jpg 1920w, https:\/\/cademaprop.com.ar\/blog\/wp-content\/uploads\/2024\/02\/IMG_3005-225x300.jpg 225w, https:\/\/cademaprop.com.ar\/blog\/wp-content\/uploads\/2024\/02\/IMG_3005-768x1024.jpg 768w, https:\/\/cademaprop.com.ar\/blog\/wp-content\/uploads\/2024\/02\/IMG_3005-1152x1536.jpg 1152w, https:\/\/cademaprop.com.ar\/blog\/wp-content\/uploads\/2024\/02\/IMG_3005-1536x2048.jpg 1536w\" sizes=\"(max-width: 1920px) 100vw, 1920px\" \/><\/a><\/figure>\n\n\n\n<figure class=\"wp-block-image size-full\"><a href=\"https:\/\/cademaprop.com.ar\/blog\/wp-content\/uploads\/2024\/02\/IMG_3025-scaled.jpg\"><img loading=\"lazy\" decoding=\"async\" width=\"1920\" height=\"2560\" data-id=\"2036\" src=\"https:\/\/cademaprop.com.ar\/blog\/wp-content\/uploads\/2024\/02\/IMG_3025-scaled.jpg\" alt=\"\" class=\"wp-image-2036\" srcset=\"https:\/\/cademaprop.com.ar\/blog\/wp-content\/uploads\/2024\/02\/IMG_3025-scaled.jpg 1920w, https:\/\/cademaprop.com.ar\/blog\/wp-content\/uploads\/2024\/02\/IMG_3025-225x300.jpg 225w, https:\/\/cademaprop.com.ar\/blog\/wp-content\/uploads\/2024\/02\/IMG_3025-768x1024.jpg 768w, https:\/\/cademaprop.com.ar\/blog\/wp-content\/uploads\/2024\/02\/IMG_3025-1152x1536.jpg 1152w, https:\/\/cademaprop.com.ar\/blog\/wp-content\/uploads\/2024\/02\/IMG_3025-1536x2048.jpg 1536w\" sizes=\"(max-width: 1920px) 100vw, 1920px\" \/><\/a><\/figure>\n\n\n\n<figure class=\"wp-block-image size-full\"><a href=\"https:\/\/cademaprop.com.ar\/blog\/wp-content\/uploads\/2024\/02\/IMG_3151-scaled.jpg\"><img loading=\"lazy\" decoding=\"async\" width=\"1920\" height=\"2560\" data-id=\"2034\" src=\"https:\/\/cademaprop.com.ar\/blog\/wp-content\/uploads\/2024\/02\/IMG_3151-scaled.jpg\" alt=\"\" class=\"wp-image-2034\" srcset=\"https:\/\/cademaprop.com.ar\/blog\/wp-content\/uploads\/2024\/02\/IMG_3151-scaled.jpg 1920w, https:\/\/cademaprop.com.ar\/blog\/wp-content\/uploads\/2024\/02\/IMG_3151-225x300.jpg 225w, https:\/\/cademaprop.com.ar\/blog\/wp-content\/uploads\/2024\/02\/IMG_3151-768x1024.jpg 768w, https:\/\/cademaprop.com.ar\/blog\/wp-content\/uploads\/2024\/02\/IMG_3151-1152x1536.jpg 1152w, https:\/\/cademaprop.com.ar\/blog\/wp-content\/uploads\/2024\/02\/IMG_3151-1536x2048.jpg 1536w\" sizes=\"(max-width: 1920px) 100vw, 1920px\" \/><\/a><\/figure>\n\n\n\n<figure class=\"wp-block-image size-full\"><a href=\"https:\/\/cademaprop.com.ar\/blog\/wp-content\/uploads\/2024\/02\/IMG_3140-1-scaled.jpg\"><img loading=\"lazy\" decoding=\"async\" width=\"1920\" height=\"2560\" data-id=\"2035\" src=\"https:\/\/cademaprop.com.ar\/blog\/wp-content\/uploads\/2024\/02\/IMG_3140-1-scaled.jpg\" alt=\"\" class=\"wp-image-2035\" srcset=\"https:\/\/cademaprop.com.ar\/blog\/wp-content\/uploads\/2024\/02\/IMG_3140-1-scaled.jpg 1920w, https:\/\/cademaprop.com.ar\/blog\/wp-content\/uploads\/2024\/02\/IMG_3140-1-225x300.jpg 225w, https:\/\/cademaprop.com.ar\/blog\/wp-content\/uploads\/2024\/02\/IMG_3140-1-768x1024.jpg 768w, https:\/\/cademaprop.com.ar\/blog\/wp-content\/uploads\/2024\/02\/IMG_3140-1-1152x1536.jpg 1152w, https:\/\/cademaprop.com.ar\/blog\/wp-content\/uploads\/2024\/02\/IMG_3140-1-1536x2048.jpg 1536w\" sizes=\"(max-width: 1920px) 100vw, 1920px\" \/><\/a><\/figure>\n<\/figure>\n","protected":false},"excerpt":{"rendered":"<p>En el casco c\u00e9ntrico de la ciudad de Campana, a tan solo cuatro cuadras de la plaza principal Eduardo Costa, se encuentra una excelente oportunidad de vivienda e inversi\u00f3n: Edificio San Mart\u00edn 562 \u201cAconcaza\u201d. Desde su concepci\u00f3n y proyecci\u00f3n se busc\u00f3 que sea \u00fanico en su dise\u00f1o, tanto en su exterior como en la distribuci\u00f3n [&hellip;]<\/p>\n","protected":false},"author":2,"featured_media":2023,"comment_status":"closed","ping_status":"closed","sticky":false,"template":"","format":"standard","meta":{"site-sidebar-layout":"default","site-content-layout":"","ast-site-content-layout":"default","site-content-style":"default","site-sidebar-style":"default","ast-global-header-display":"","ast-banner-title-visibility":"","ast-main-header-display":"","ast-hfb-above-header-display":"","ast-hfb-below-header-display":"","ast-hfb-mobile-header-display":"","site-post-title":"","ast-breadcrumbs-content":"","ast-featured-img":"","footer-sml-layout":"","theme-transparent-header-meta":"","adv-header-id-meta":"","stick-header-meta":"","header-above-stick-meta":"","header-main-stick-meta":"","header-below-stick-meta":"","astra-migrate-meta-layouts":"default","ast-page-background-enabled":"default","ast-page-background-meta":{"desktop":{"background-color":"","background-image":"","background-repeat":"repeat","background-position":"center center","background-size":"auto","background-attachment":"scroll","background-type":"","background-media":"","overlay-type":"","overlay-color":"","overlay-opacity":"","overlay-gradient":""},"tablet":{"background-color":"","background-image":"","background-repeat":"repeat","background-position":"center center","background-size":"auto","background-attachment":"scroll","background-type":"","background-media":"","overlay-type":"","overlay-color":"","overlay-opacity":"","overlay-gradient":""},"mobile":{"background-color":"","background-image":"","background-repeat":"repeat","background-position":"center center","background-size":"auto","background-attachment":"scroll","background-type":"","background-media":"","overlay-type":"","overlay-color":"","overlay-opacity":"","overlay-gradient":""}},"ast-content-background-meta":{"desktop":{"background-color":"var(--ast-global-color-5)","background-image":"","background-repeat":"repeat","background-position":"center center","background-size":"auto","background-attachment":"scroll","background-type":"","background-media":"","overlay-type":"","overlay-color":"","overlay-opacity":"","overlay-gradient":""},"tablet":{"background-color":"var(--ast-global-color-5)","background-image":"","background-repeat":"repeat","background-position":"center center","background-size":"auto","background-attachment":"scroll","background-type":"","background-media":"","overlay-type":"","overlay-color":"","overlay-opacity":"","overlay-gradient":""},"mobile":{"background-color":"var(--ast-global-color-5)","background-image":"","background-repeat":"repeat","background-position":"center center","background-size":"auto","background-attachment":"scroll","background-type":"","background-media":"","overlay-type":"","overlay-color":"","overlay-opacity":"","overlay-gradient":""}},"_joinchat":[],"footnotes":""},"categories":[31,29,21],"tags":[],"class_list":["post-1990","post","type-post","status-publish","format-standard","has-post-thumbnail","hentry","category-campana","category-departamentos","category-oportunidades"],"yoast_head":"<!-- This site is optimized with the Yoast SEO plugin v27.5 - https:\/\/yoast.com\/product\/yoast-seo-wordpress\/ -->\n<title>EDIFICIO SAN MART\u00cdN 562: TU VIVIENDA IDEAL DENTRO DEL CASCO C\u00c9NTRICO - NEWS<\/title>\n<meta name=\"robots\" content=\"index, follow, max-snippet:-1, max-image-preview:large, max-video-preview:-1\" \/>\n<link rel=\"canonical\" href=\"https:\/\/cademaprop.com.ar\/blog\/edificio-san-martin-562-tu-vivienda-ideal-dentro-del-casco-centrico\/\" \/>\n<meta property=\"og:locale\" content=\"es_MX\" \/>\n<meta property=\"og:type\" content=\"article\" \/>\n<meta property=\"og:title\" content=\"EDIFICIO SAN MART\u00cdN 562: TU VIVIENDA IDEAL DENTRO DEL CASCO C\u00c9NTRICO - NEWS\" \/>\n<meta property=\"og:description\" content=\"En el casco c\u00e9ntrico de la ciudad de Campana, a tan solo cuatro cuadras de la plaza principal Eduardo Costa, se encuentra una excelente oportunidad de vivienda e inversi\u00f3n: Edificio San Mart\u00edn 562 \u201cAconcaza\u201d. Desde su concepci\u00f3n y proyecci\u00f3n se busc\u00f3 que sea \u00fanico en su dise\u00f1o, tanto en su exterior como en la distribuci\u00f3n [&hellip;]\" \/>\n<meta property=\"og:url\" content=\"https:\/\/cademaprop.com.ar\/blog\/edificio-san-martin-562-tu-vivienda-ideal-dentro-del-casco-centrico\/\" \/>\n<meta property=\"og:site_name\" content=\"NEWS\" \/>\n<meta property=\"article:publisher\" content=\"https:\/\/www.facebook.com\/inmobiliariacadema\" \/>\n<meta property=\"article:published_time\" content=\"2024-02-16T12:00:00+00:00\" \/>\n<meta property=\"article:modified_time\" content=\"2024-11-22T22:52:20+00:00\" \/>\n<meta property=\"og:image\" content=\"https:\/\/cademaprop.com.ar\/blog\/wp-content\/uploads\/2024\/02\/IMG_3164-scaled-e1708103472109.jpg\" \/>\n\t<meta property=\"og:image:width\" content=\"1920\" \/>\n\t<meta property=\"og:image:height\" content=\"1437\" \/>\n\t<meta property=\"og:image:type\" content=\"image\/jpeg\" \/>\n<meta name=\"author\" content=\"Cadema Bienes Ra\u00edces\" \/>\n<meta name=\"twitter:card\" content=\"summary_large_image\" \/>\n<meta name=\"twitter:creator\" content=\"@InmoCadema\" \/>\n<meta name=\"twitter:site\" content=\"@InmoCadema\" \/>\n<meta name=\"twitter:label1\" content=\"Escrito por\" \/>\n\t<meta name=\"twitter:data1\" content=\"Cadema Bienes Ra\u00edces\" \/>\n\t<meta name=\"twitter:label2\" content=\"Tiempo de lectura\" \/>\n\t<meta name=\"twitter:data2\" content=\"5 minutos\" \/>\n<script type=\"application\/ld+json\" class=\"yoast-schema-graph\">{\"@context\":\"https:\\\/\\\/schema.org\",\"@graph\":[{\"@type\":\"Article\",\"@id\":\"https:\\\/\\\/cademaprop.com.ar\\\/blog\\\/edificio-san-martin-562-tu-vivienda-ideal-dentro-del-casco-centrico\\\/#article\",\"isPartOf\":{\"@id\":\"https:\\\/\\\/cademaprop.com.ar\\\/blog\\\/edificio-san-martin-562-tu-vivienda-ideal-dentro-del-casco-centrico\\\/\"},\"author\":{\"name\":\"Cadema Bienes Ra\u00edces\",\"@id\":\"https:\\\/\\\/cademaprop.com.ar\\\/blog\\\/#\\\/schema\\\/person\\\/bf1e8554d62db91bc0110bd8b2c68625\"},\"headline\":\"EDIFICIO SAN MART\u00cdN 562: TU VIVIENDA IDEAL DENTRO DEL CASCO C\u00c9NTRICO\",\"datePublished\":\"2024-02-16T12:00:00+00:00\",\"dateModified\":\"2024-11-22T22:52:20+00:00\",\"mainEntityOfPage\":{\"@id\":\"https:\\\/\\\/cademaprop.com.ar\\\/blog\\\/edificio-san-martin-562-tu-vivienda-ideal-dentro-del-casco-centrico\\\/\"},\"wordCount\":477,\"publisher\":{\"@id\":\"https:\\\/\\\/cademaprop.com.ar\\\/blog\\\/#organization\"},\"image\":{\"@id\":\"https:\\\/\\\/cademaprop.com.ar\\\/blog\\\/edificio-san-martin-562-tu-vivienda-ideal-dentro-del-casco-centrico\\\/#primaryimage\"},\"thumbnailUrl\":\"https:\\\/\\\/cademaprop.com.ar\\\/blog\\\/wp-content\\\/uploads\\\/2024\\\/02\\\/IMG_3164-scaled-e1708103472109.jpg\",\"articleSection\":[\"Campana\",\"Departamentos\",\"Oportunidades\"],\"inLanguage\":\"es\"},{\"@type\":\"WebPage\",\"@id\":\"https:\\\/\\\/cademaprop.com.ar\\\/blog\\\/edificio-san-martin-562-tu-vivienda-ideal-dentro-del-casco-centrico\\\/\",\"url\":\"https:\\\/\\\/cademaprop.com.ar\\\/blog\\\/edificio-san-martin-562-tu-vivienda-ideal-dentro-del-casco-centrico\\\/\",\"name\":\"EDIFICIO SAN MART\u00cdN 562: TU VIVIENDA IDEAL DENTRO DEL CASCO C\u00c9NTRICO - NEWS\",\"isPartOf\":{\"@id\":\"https:\\\/\\\/cademaprop.com.ar\\\/blog\\\/#website\"},\"primaryImageOfPage\":{\"@id\":\"https:\\\/\\\/cademaprop.com.ar\\\/blog\\\/edificio-san-martin-562-tu-vivienda-ideal-dentro-del-casco-centrico\\\/#primaryimage\"},\"image\":{\"@id\":\"https:\\\/\\\/cademaprop.com.ar\\\/blog\\\/edificio-san-martin-562-tu-vivienda-ideal-dentro-del-casco-centrico\\\/#primaryimage\"},\"thumbnailUrl\":\"https:\\\/\\\/cademaprop.com.ar\\\/blog\\\/wp-content\\\/uploads\\\/2024\\\/02\\\/IMG_3164-scaled-e1708103472109.jpg\",\"datePublished\":\"2024-02-16T12:00:00+00:00\",\"dateModified\":\"2024-11-22T22:52:20+00:00\",\"breadcrumb\":{\"@id\":\"https:\\\/\\\/cademaprop.com.ar\\\/blog\\\/edificio-san-martin-562-tu-vivienda-ideal-dentro-del-casco-centrico\\\/#breadcrumb\"},\"inLanguage\":\"es\",\"potentialAction\":[{\"@type\":\"ReadAction\",\"target\":[\"https:\\\/\\\/cademaprop.com.ar\\\/blog\\\/edificio-san-martin-562-tu-vivienda-ideal-dentro-del-casco-centrico\\\/\"]}]},{\"@type\":\"ImageObject\",\"inLanguage\":\"es\",\"@id\":\"https:\\\/\\\/cademaprop.com.ar\\\/blog\\\/edificio-san-martin-562-tu-vivienda-ideal-dentro-del-casco-centrico\\\/#primaryimage\",\"url\":\"https:\\\/\\\/cademaprop.com.ar\\\/blog\\\/wp-content\\\/uploads\\\/2024\\\/02\\\/IMG_3164-scaled-e1708103472109.jpg\",\"contentUrl\":\"https:\\\/\\\/cademaprop.com.ar\\\/blog\\\/wp-content\\\/uploads\\\/2024\\\/02\\\/IMG_3164-scaled-e1708103472109.jpg\",\"width\":1920,\"height\":1437},{\"@type\":\"BreadcrumbList\",\"@id\":\"https:\\\/\\\/cademaprop.com.ar\\\/blog\\\/edificio-san-martin-562-tu-vivienda-ideal-dentro-del-casco-centrico\\\/#breadcrumb\",\"itemListElement\":[{\"@type\":\"ListItem\",\"position\":1,\"name\":\"Inicio\",\"item\":\"https:\\\/\\\/cademaprop.com.ar\\\/blog\\\/\"},{\"@type\":\"ListItem\",\"position\":2,\"name\":\"EDIFICIO SAN MART\u00cdN 562: TU VIVIENDA IDEAL DENTRO DEL CASCO C\u00c9NTRICO\"}]},{\"@type\":\"WebSite\",\"@id\":\"https:\\\/\\\/cademaprop.com.ar\\\/blog\\\/#website\",\"url\":\"https:\\\/\\\/cademaprop.com.ar\\\/blog\\\/\",\"name\":\"CADEMA NEWS\",\"description\":\"\",\"publisher\":{\"@id\":\"https:\\\/\\\/cademaprop.com.ar\\\/blog\\\/#organization\"},\"potentialAction\":[{\"@type\":\"SearchAction\",\"target\":{\"@type\":\"EntryPoint\",\"urlTemplate\":\"https:\\\/\\\/cademaprop.com.ar\\\/blog\\\/?s={search_term_string}\"},\"query-input\":{\"@type\":\"PropertyValueSpecification\",\"valueRequired\":true,\"valueName\":\"search_term_string\"}}],\"inLanguage\":\"es\"},{\"@type\":\"Organization\",\"@id\":\"https:\\\/\\\/cademaprop.com.ar\\\/blog\\\/#organization\",\"name\":\"INMOBILIARIA CADEMA\",\"url\":\"https:\\\/\\\/cademaprop.com.ar\\\/blog\\\/\",\"logo\":{\"@type\":\"ImageObject\",\"inLanguage\":\"es\",\"@id\":\"https:\\\/\\\/cademaprop.com.ar\\\/blog\\\/#\\\/schema\\\/logo\\\/image\\\/\",\"url\":\"https:\\\/\\\/cademaprop.com.ar\\\/blog\\\/wp-content\\\/uploads\\\/2024\\\/01\\\/CDN-Logo-Full-Color.png\",\"contentUrl\":\"https:\\\/\\\/cademaprop.com.ar\\\/blog\\\/wp-content\\\/uploads\\\/2024\\\/01\\\/CDN-Logo-Full-Color.png\",\"width\":4410,\"height\":1418,\"caption\":\"INMOBILIARIA CADEMA\"},\"image\":{\"@id\":\"https:\\\/\\\/cademaprop.com.ar\\\/blog\\\/#\\\/schema\\\/logo\\\/image\\\/\"},\"sameAs\":[\"https:\\\/\\\/www.facebook.com\\\/inmobiliariacadema\",\"https:\\\/\\\/x.com\\\/InmoCadema\",\"https:\\\/\\\/www.instagram.com\\\/inmobiliariacadema\",\"https:\\\/\\\/www.threads.net\\\/@inmobiliariacadema\",\"https:\\\/\\\/www.tiktok.com\\\/@inmobiliariacadema\"]},{\"@type\":\"Person\",\"@id\":\"https:\\\/\\\/cademaprop.com.ar\\\/blog\\\/#\\\/schema\\\/person\\\/bf1e8554d62db91bc0110bd8b2c68625\",\"name\":\"Cadema Bienes Ra\u00edces\",\"image\":{\"@type\":\"ImageObject\",\"inLanguage\":\"es\",\"@id\":\"https:\\\/\\\/secure.gravatar.com\\\/avatar\\\/dcf94633e3fe61607b8d5ead2fbb04c595474c581edee9a1c8c801464d64e4af?s=96&r=g\",\"url\":\"https:\\\/\\\/secure.gravatar.com\\\/avatar\\\/dcf94633e3fe61607b8d5ead2fbb04c595474c581edee9a1c8c801464d64e4af?s=96&r=g\",\"contentUrl\":\"https:\\\/\\\/secure.gravatar.com\\\/avatar\\\/dcf94633e3fe61607b8d5ead2fbb04c595474c581edee9a1c8c801464d64e4af?s=96&r=g\",\"caption\":\"Cadema Bienes Ra\u00edces\"},\"description\":\"Nuestra prioridad es lograr una s\u00edntesis equilibrada entre las necesidades del comprador y los requerimientos del vendedor. Con m\u00e1s de seis d\u00e9cadas de experiencia, nos enorgullece ser la empresa l\u00edder en el \u00e1mbito inmobiliario de la ciudad de Campana. Especializados en la venta de inmuebles y desarrollos urbanos e industriales, hemos marcado nuestro camino con dedicaci\u00f3n y excelencia. En el a\u00f1o 2024 celebramos nuestro 60\u00ba aniversario, reflejando nuestra constante b\u00fasqueda de vanguardia tecnol\u00f3gica para enfrentar los desaf\u00edos del mercado.\",\"sameAs\":[\"https:\\\/\\\/www.cademaprop.com.ar\\\/\"],\"url\":\"https:\\\/\\\/cademaprop.com.ar\\\/blog\\\/author\\\/mar0015\\\/\"}]}<\/script>\n<!-- \/ Yoast SEO plugin. -->","yoast_head_json":{"title":"EDIFICIO SAN MART\u00cdN 562: TU VIVIENDA IDEAL DENTRO DEL CASCO C\u00c9NTRICO - NEWS","robots":{"index":"index","follow":"follow","max-snippet":"max-snippet:-1","max-image-preview":"max-image-preview:large","max-video-preview":"max-video-preview:-1"},"canonical":"https:\/\/cademaprop.com.ar\/blog\/edificio-san-martin-562-tu-vivienda-ideal-dentro-del-casco-centrico\/","og_locale":"es_MX","og_type":"article","og_title":"EDIFICIO SAN MART\u00cdN 562: TU VIVIENDA IDEAL DENTRO DEL CASCO C\u00c9NTRICO - NEWS","og_description":"En el casco c\u00e9ntrico de la ciudad de Campana, a tan solo cuatro cuadras de la plaza principal Eduardo Costa, se encuentra una excelente oportunidad de vivienda e inversi\u00f3n: Edificio San Mart\u00edn 562 \u201cAconcaza\u201d. Desde su concepci\u00f3n y proyecci\u00f3n se busc\u00f3 que sea \u00fanico en su dise\u00f1o, tanto en su exterior como en la distribuci\u00f3n [&hellip;]","og_url":"https:\/\/cademaprop.com.ar\/blog\/edificio-san-martin-562-tu-vivienda-ideal-dentro-del-casco-centrico\/","og_site_name":"NEWS","article_publisher":"https:\/\/www.facebook.com\/inmobiliariacadema","article_published_time":"2024-02-16T12:00:00+00:00","article_modified_time":"2024-11-22T22:52:20+00:00","og_image":[{"width":1920,"height":1437,"url":"https:\/\/cademaprop.com.ar\/blog\/wp-content\/uploads\/2024\/02\/IMG_3164-scaled-e1708103472109.jpg","type":"image\/jpeg"}],"author":"Cadema Bienes Ra\u00edces","twitter_card":"summary_large_image","twitter_creator":"@InmoCadema","twitter_site":"@InmoCadema","twitter_misc":{"Escrito por":"Cadema Bienes Ra\u00edces","Tiempo de lectura":"5 minutos"},"schema":{"@context":"https:\/\/schema.org","@graph":[{"@type":"Article","@id":"https:\/\/cademaprop.com.ar\/blog\/edificio-san-martin-562-tu-vivienda-ideal-dentro-del-casco-centrico\/#article","isPartOf":{"@id":"https:\/\/cademaprop.com.ar\/blog\/edificio-san-martin-562-tu-vivienda-ideal-dentro-del-casco-centrico\/"},"author":{"name":"Cadema Bienes Ra\u00edces","@id":"https:\/\/cademaprop.com.ar\/blog\/#\/schema\/person\/bf1e8554d62db91bc0110bd8b2c68625"},"headline":"EDIFICIO SAN MART\u00cdN 562: TU VIVIENDA IDEAL DENTRO DEL CASCO C\u00c9NTRICO","datePublished":"2024-02-16T12:00:00+00:00","dateModified":"2024-11-22T22:52:20+00:00","mainEntityOfPage":{"@id":"https:\/\/cademaprop.com.ar\/blog\/edificio-san-martin-562-tu-vivienda-ideal-dentro-del-casco-centrico\/"},"wordCount":477,"publisher":{"@id":"https:\/\/cademaprop.com.ar\/blog\/#organization"},"image":{"@id":"https:\/\/cademaprop.com.ar\/blog\/edificio-san-martin-562-tu-vivienda-ideal-dentro-del-casco-centrico\/#primaryimage"},"thumbnailUrl":"https:\/\/cademaprop.com.ar\/blog\/wp-content\/uploads\/2024\/02\/IMG_3164-scaled-e1708103472109.jpg","articleSection":["Campana","Departamentos","Oportunidades"],"inLanguage":"es"},{"@type":"WebPage","@id":"https:\/\/cademaprop.com.ar\/blog\/edificio-san-martin-562-tu-vivienda-ideal-dentro-del-casco-centrico\/","url":"https:\/\/cademaprop.com.ar\/blog\/edificio-san-martin-562-tu-vivienda-ideal-dentro-del-casco-centrico\/","name":"EDIFICIO SAN MART\u00cdN 562: TU VIVIENDA IDEAL DENTRO DEL CASCO C\u00c9NTRICO - NEWS","isPartOf":{"@id":"https:\/\/cademaprop.com.ar\/blog\/#website"},"primaryImageOfPage":{"@id":"https:\/\/cademaprop.com.ar\/blog\/edificio-san-martin-562-tu-vivienda-ideal-dentro-del-casco-centrico\/#primaryimage"},"image":{"@id":"https:\/\/cademaprop.com.ar\/blog\/edificio-san-martin-562-tu-vivienda-ideal-dentro-del-casco-centrico\/#primaryimage"},"thumbnailUrl":"https:\/\/cademaprop.com.ar\/blog\/wp-content\/uploads\/2024\/02\/IMG_3164-scaled-e1708103472109.jpg","datePublished":"2024-02-16T12:00:00+00:00","dateModified":"2024-11-22T22:52:20+00:00","breadcrumb":{"@id":"https:\/\/cademaprop.com.ar\/blog\/edificio-san-martin-562-tu-vivienda-ideal-dentro-del-casco-centrico\/#breadcrumb"},"inLanguage":"es","potentialAction":[{"@type":"ReadAction","target":["https:\/\/cademaprop.com.ar\/blog\/edificio-san-martin-562-tu-vivienda-ideal-dentro-del-casco-centrico\/"]}]},{"@type":"ImageObject","inLanguage":"es","@id":"https:\/\/cademaprop.com.ar\/blog\/edificio-san-martin-562-tu-vivienda-ideal-dentro-del-casco-centrico\/#primaryimage","url":"https:\/\/cademaprop.com.ar\/blog\/wp-content\/uploads\/2024\/02\/IMG_3164-scaled-e1708103472109.jpg","contentUrl":"https:\/\/cademaprop.com.ar\/blog\/wp-content\/uploads\/2024\/02\/IMG_3164-scaled-e1708103472109.jpg","width":1920,"height":1437},{"@type":"BreadcrumbList","@id":"https:\/\/cademaprop.com.ar\/blog\/edificio-san-martin-562-tu-vivienda-ideal-dentro-del-casco-centrico\/#breadcrumb","itemListElement":[{"@type":"ListItem","position":1,"name":"Inicio","item":"https:\/\/cademaprop.com.ar\/blog\/"},{"@type":"ListItem","position":2,"name":"EDIFICIO SAN MART\u00cdN 562: TU VIVIENDA IDEAL DENTRO DEL CASCO C\u00c9NTRICO"}]},{"@type":"WebSite","@id":"https:\/\/cademaprop.com.ar\/blog\/#website","url":"https:\/\/cademaprop.com.ar\/blog\/","name":"CADEMA NEWS","description":"","publisher":{"@id":"https:\/\/cademaprop.com.ar\/blog\/#organization"},"potentialAction":[{"@type":"SearchAction","target":{"@type":"EntryPoint","urlTemplate":"https:\/\/cademaprop.com.ar\/blog\/?s={search_term_string}"},"query-input":{"@type":"PropertyValueSpecification","valueRequired":true,"valueName":"search_term_string"}}],"inLanguage":"es"},{"@type":"Organization","@id":"https:\/\/cademaprop.com.ar\/blog\/#organization","name":"INMOBILIARIA CADEMA","url":"https:\/\/cademaprop.com.ar\/blog\/","logo":{"@type":"ImageObject","inLanguage":"es","@id":"https:\/\/cademaprop.com.ar\/blog\/#\/schema\/logo\/image\/","url":"https:\/\/cademaprop.com.ar\/blog\/wp-content\/uploads\/2024\/01\/CDN-Logo-Full-Color.png","contentUrl":"https:\/\/cademaprop.com.ar\/blog\/wp-content\/uploads\/2024\/01\/CDN-Logo-Full-Color.png","width":4410,"height":1418,"caption":"INMOBILIARIA CADEMA"},"image":{"@id":"https:\/\/cademaprop.com.ar\/blog\/#\/schema\/logo\/image\/"},"sameAs":["https:\/\/www.facebook.com\/inmobiliariacadema","https:\/\/x.com\/InmoCadema","https:\/\/www.instagram.com\/inmobiliariacadema","https:\/\/www.threads.net\/@inmobiliariacadema","https:\/\/www.tiktok.com\/@inmobiliariacadema"]},{"@type":"Person","@id":"https:\/\/cademaprop.com.ar\/blog\/#\/schema\/person\/bf1e8554d62db91bc0110bd8b2c68625","name":"Cadema Bienes Ra\u00edces","image":{"@type":"ImageObject","inLanguage":"es","@id":"https:\/\/secure.gravatar.com\/avatar\/dcf94633e3fe61607b8d5ead2fbb04c595474c581edee9a1c8c801464d64e4af?s=96&r=g","url":"https:\/\/secure.gravatar.com\/avatar\/dcf94633e3fe61607b8d5ead2fbb04c595474c581edee9a1c8c801464d64e4af?s=96&r=g","contentUrl":"https:\/\/secure.gravatar.com\/avatar\/dcf94633e3fe61607b8d5ead2fbb04c595474c581edee9a1c8c801464d64e4af?s=96&r=g","caption":"Cadema Bienes Ra\u00edces"},"description":"Nuestra prioridad es lograr una s\u00edntesis equilibrada entre las necesidades del comprador y los requerimientos del vendedor. Con m\u00e1s de seis d\u00e9cadas de experiencia, nos enorgullece ser la empresa l\u00edder en el \u00e1mbito inmobiliario de la ciudad de Campana. Especializados en la venta de inmuebles y desarrollos urbanos e industriales, hemos marcado nuestro camino con dedicaci\u00f3n y excelencia. En el a\u00f1o 2024 celebramos nuestro 60\u00ba aniversario, reflejando nuestra constante b\u00fasqueda de vanguardia tecnol\u00f3gica para enfrentar los desaf\u00edos del mercado.","sameAs":["https:\/\/www.cademaprop.com.ar\/"],"url":"https:\/\/cademaprop.com.ar\/blog\/author\/mar0015\/"}]}},"_links":{"self":[{"href":"https:\/\/cademaprop.com.ar\/blog\/wp-json\/wp\/v2\/posts\/1990","targetHints":{"allow":["GET"]}}],"collection":[{"href":"https:\/\/cademaprop.com.ar\/blog\/wp-json\/wp\/v2\/posts"}],"about":[{"href":"https:\/\/cademaprop.com.ar\/blog\/wp-json\/wp\/v2\/types\/post"}],"author":[{"embeddable":true,"href":"https:\/\/cademaprop.com.ar\/blog\/wp-json\/wp\/v2\/users\/2"}],"replies":[{"embeddable":true,"href":"https:\/\/cademaprop.com.ar\/blog\/wp-json\/wp\/v2\/comments?post=1990"}],"version-history":[{"count":0,"href":"https:\/\/cademaprop.com.ar\/blog\/wp-json\/wp\/v2\/posts\/1990\/revisions"}],"wp:featuredmedia":[{"embeddable":true,"href":"https:\/\/cademaprop.com.ar\/blog\/wp-json\/wp\/v2\/media\/2023"}],"wp:attachment":[{"href":"https:\/\/cademaprop.com.ar\/blog\/wp-json\/wp\/v2\/media?parent=1990"}],"wp:term":[{"taxonomy":"category","embeddable":true,"href":"https:\/\/cademaprop.com.ar\/blog\/wp-json\/wp\/v2\/categories?post=1990"},{"taxonomy":"post_tag","embeddable":true,"href":"https:\/\/cademaprop.com.ar\/blog\/wp-json\/wp\/v2\/tags?post=1990"}],"curies":[{"name":"wp","href":"https:\/\/api.w.org\/{rel}","templated":true}]}}