{"id":2536,"date":"2024-11-28T12:02:33","date_gmt":"2024-11-28T15:02:33","guid":{"rendered":"https:\/\/cademaprop.com.ar\/blog\/?p=2536"},"modified":"2024-11-27T22:09:58","modified_gmt":"2024-11-28T01:09:58","slug":"paseo-gavazzi-la-torre-empieza-a-crecer-y-deja-su-marca-en-la-ciudad","status":"publish","type":"post","link":"https:\/\/cademaprop.com.ar\/blog\/paseo-gavazzi-la-torre-empieza-a-crecer-y-deja-su-marca-en-la-ciudad\/","title":{"rendered":"PASEO GAVAZZI: LA TORRE EMPIEZA A CRECER Y DEJAR SU MARCA EN LA CIUDAD"},"content":{"rendered":"\n<p>El horizonte edilicio de Campana est\u00e1 cambiando, y <strong><a href=\"https:\/\/cademaprop.com.ar\/paseogavazzi\/\">Paseo Gavazzi<\/a><\/strong> es protagonista. Esta semana, la <strong>obra alcanz\u00f3 un nuevo hito<\/strong>: el hormigonado del primer piso tras superar la cota cero, marcando el inicio del crecimiento visible de la torre. Con <a href=\"https:\/\/cademaprop.com.ar\/blog\/paseo-gavazzi-concluye-2023-con-obras-en-tiempo-y-forma\/\">las excavaciones y los dos subsuelos de cocheras ya finalizados<\/a> (etapas cruciales), el <strong>ritmo de la construcci\u00f3n<\/strong> venidera avanzar\u00e1 con <strong>mayor velocidad<\/strong>, y cada nueva planta ser\u00e1 un testimonio del progreso de este ambicioso proyecto.<\/p>\n\n\n\n<p>Acompa\u00f1ando este avance, la gr\u00faa azul de gran magnitud instalada en el predio se ha convertido en un <strong>punto de referencia<\/strong> para todos los que transitan por la zona, simbolizando el esfuerzo y la precisi\u00f3n que caracterizan esta obra.<\/p>\n\n\n\n<h3 class=\"wp-block-heading\"><strong>Por qu\u00e9 invertir en Paseo Gavazzi es una oportunidad \u00fanica<\/strong><\/h3>\n\n\n\n<p>Los avances en la obra reafirman a los<a href=\"https:\/\/cademaprop.com.ar\/blog\/inversion-de-pozo-una-de-las-mejores-maneras-de-invertir-en-bienes-raices\/\"> <strong>beneficios de invertir en pozo<\/strong><\/a>, una de las formas m\u00e1s rentables de adquirir inmuebles y m\u00e1s seguras de inversi\u00f3n. Este modelo permite a los compradores acceder a precios significativamente m\u00e1s bajos durante la construcci\u00f3n, lo que se traduce en una excelente revalorizaci\u00f3n al finalizar el proyecto. Adem\u00e1s, las <strong>condiciones flexibles<\/strong> de pago lo hacen accesible tanto para inversores experimentados como para quienes buscan una nueva vivienda.<\/p>\n\n\n\n<p>En este sentido, Paseo Gavazzi ya signific\u00f3 una<strong> importante revalorizaci\u00f3n de capital<\/strong> para quienes adquirieron el <strong>45% de unidades ya vendidas<\/strong> en las etapas tempranas de la obra, potenci\u00e1ndose al considerar las variaciones del d\u00f3lar y del valor del metro cuadrado de construcci\u00f3n de los \u00faltimos 12 meses.<\/p>\n\n\n\n<h3 class=\"wp-block-heading\"><strong>Un contexto favorable con nuevas herramientas hipotecarias<\/strong><\/h3>\n\n\n\n<p>Otra novedad relevante para los interesados en adquirir un departamento en <strong>Paseo Gavazzi<\/strong> de ahora en adelante es la reaparici\u00f3n de herramientas hipotecarias en Argentina:<strong> <a href=\"https:\/\/cademaprop.com.ar\/blog\/nuevas-herramientas-hipotecarias-hipotecas-divisibles-y-de-bien-futuro\/\">hipotecas divisibles y de bien futuro<\/a><\/strong>. Estas iniciativas est\u00e1n abriendo nuevas posibilidades para quienes desean acceder a un inmueble financiado, <strong>adapt\u00e1ndose a las necesidades<\/strong> del mercado actual.<\/p>\n\n\n\n<h3 class=\"wp-block-heading\"><strong>Un proyecto que cumple y genera confianza<\/strong><\/h3>\n\n\n\n<p>Conforme las obras avanzan en tiempo y forma, <strong><a href=\"https:\/\/cademaprop.com.ar\/paseogavazzi\/\">Paseo Gavazzi<\/a><\/strong> reafirma su compromiso con los inversores y futuros propietarios. Este proyecto combina <strong>dise\u00f1o de vanguardia, ubicaci\u00f3n estrat\u00e9gica<\/strong> y el cumplimiento riguroso de<strong> calidad y seguridad<\/strong>, consolid\u00e1ndose como una excelente oportunidad de inversi\u00f3n en Campana.<\/p>\n\n\n\n<hr class=\"wp-block-separator has-alpha-channel-opacity is-style-wide\"\/>\n\n\n\n<p>Cadema Bienes Ra\u00edces<\/p>\n\n\n\n<p>Av Varela 420, Campana<\/p>\n\n\n\n<p><a href=\"https:\/\/wa.me\/5493489659742?text=Hola.%20Me%20interesa%20obtener%20mayor%20informaci%C3%B3n%20y%20asesoramiento%20sobre%20inmuebles%20industriales.\" target=\"_blank\" rel=\"noreferrer noopener\">+54 9 3489&nbsp;<\/a><a href=\"https:\/\/wa.me\/5493489659742?text=Hola.%20Me%20interesa%20obtener%20mayor%20informaci%C3%B3n%20y%20asesoramiento%20sobre%20inmuebles.\" target=\"_blank\" rel=\"noreferrer noopener\">659742<\/a><\/p>\n\n\n\n<p><a href=\"https:\/\/instagram.com\/cademabienesraices\" target=\"_blank\" rel=\"noreferrer noopener\">@cademabienesraices<\/a><\/p>\n\n\n\n<p><a href=\"http:\/\/www.cademaprop.com.ar\">www.cademaprop.com.ar<\/a><\/p>\n\n\n\n<p>Corredor responsable Bruno Catardi, CMZC Leg. Col. N 528.<\/p>\n\n\n\n<hr class=\"wp-block-separator has-alpha-channel-opacity is-style-wide\"\/>\n\n\n\n<h5 class=\"wp-block-heading\"><strong>GALER\u00cdA DE FOTOS:<\/strong><\/h5>\n\n\n\n<figure class=\"wp-block-gallery has-nested-images columns-2 is-cropped wp-block-gallery-1 is-layout-flex wp-block-gallery-is-layout-flex\">\n<figure class=\"wp-block-image size-large\"><a href=\"https:\/\/cademaprop.com.ar\/blog\/wp-content\/uploads\/2024\/11\/Imagen.jpg\"><img fetchpriority=\"high\" decoding=\"async\" width=\"572\" height=\"1024\" data-id=\"2548\" src=\"https:\/\/cademaprop.com.ar\/blog\/wp-content\/uploads\/2024\/11\/Imagen-572x1024.jpg\" alt=\"Paseo Gavazzi alcanz\u00f3 un nuevo hito: el hormigonado del primer piso tras superar la cota cero, marcando el inicio del crecimiento visible de la torre\" class=\"wp-image-2548\" srcset=\"https:\/\/cademaprop.com.ar\/blog\/wp-content\/uploads\/2024\/11\/Imagen-572x1024.jpg 572w, https:\/\/cademaprop.com.ar\/blog\/wp-content\/uploads\/2024\/11\/Imagen-168x300.jpg 168w, https:\/\/cademaprop.com.ar\/blog\/wp-content\/uploads\/2024\/11\/Imagen-768x1375.jpg 768w, https:\/\/cademaprop.com.ar\/blog\/wp-content\/uploads\/2024\/11\/Imagen-858x1536.jpg 858w, https:\/\/cademaprop.com.ar\/blog\/wp-content\/uploads\/2024\/11\/Imagen.jpg 866w\" sizes=\"(max-width: 572px) 100vw, 572px\" \/><\/a><\/figure>\n\n\n\n<figure class=\"wp-block-image size-large\"><a href=\"https:\/\/cademaprop.com.ar\/blog\/wp-content\/uploads\/2024\/11\/Imagen-2.jpg\"><img decoding=\"async\" width=\"566\" height=\"1024\" data-id=\"2547\" src=\"https:\/\/cademaprop.com.ar\/blog\/wp-content\/uploads\/2024\/11\/Imagen-2-566x1024.jpg\" alt=\"Paseo Gavazzi alcanz\u00f3 un nuevo hito: el hormigonado del primer piso tras superar la cota cero, marcando el inicio del crecimiento visible de la torre\" class=\"wp-image-2547\" srcset=\"https:\/\/cademaprop.com.ar\/blog\/wp-content\/uploads\/2024\/11\/Imagen-2-566x1024.jpg 566w, https:\/\/cademaprop.com.ar\/blog\/wp-content\/uploads\/2024\/11\/Imagen-2-166x300.jpg 166w, https:\/\/cademaprop.com.ar\/blog\/wp-content\/uploads\/2024\/11\/Imagen-2-768x1389.jpg 768w, https:\/\/cademaprop.com.ar\/blog\/wp-content\/uploads\/2024\/11\/Imagen-2-849x1536.jpg 849w, https:\/\/cademaprop.com.ar\/blog\/wp-content\/uploads\/2024\/11\/Imagen-2.jpg 857w\" sizes=\"(max-width: 566px) 100vw, 566px\" \/><\/a><\/figure>\n\n\n\n<figure class=\"wp-block-image size-large\"><a href=\"https:\/\/cademaprop.com.ar\/blog\/wp-content\/uploads\/2024\/11\/Imagen-3.jpg\"><img decoding=\"async\" width=\"568\" height=\"1024\" data-id=\"2549\" src=\"https:\/\/cademaprop.com.ar\/blog\/wp-content\/uploads\/2024\/11\/Imagen-3-568x1024.jpg\" alt=\"Paseo Gavazzi alcanz\u00f3 un nuevo hito: el hormigonado del primer piso tras superar la cota cero, marcando el inicio del crecimiento visible de la torre\" class=\"wp-image-2549\" srcset=\"https:\/\/cademaprop.com.ar\/blog\/wp-content\/uploads\/2024\/11\/Imagen-3-568x1024.jpg 568w, https:\/\/cademaprop.com.ar\/blog\/wp-content\/uploads\/2024\/11\/Imagen-3-166x300.jpg 166w, https:\/\/cademaprop.com.ar\/blog\/wp-content\/uploads\/2024\/11\/Imagen-3-768x1384.jpg 768w, https:\/\/cademaprop.com.ar\/blog\/wp-content\/uploads\/2024\/11\/Imagen-3-852x1536.jpg 852w, https:\/\/cademaprop.com.ar\/blog\/wp-content\/uploads\/2024\/11\/Imagen-3.jpg 860w\" sizes=\"(max-width: 568px) 100vw, 568px\" \/><\/a><\/figure>\n\n\n\n<figure class=\"wp-block-image size-large\"><a href=\"https:\/\/cademaprop.com.ar\/blog\/wp-content\/uploads\/2024\/11\/vlcsnap-2024-11-27-21h53m05s858.png\"><img loading=\"lazy\" decoding=\"async\" width=\"576\" height=\"1024\" data-id=\"2551\" src=\"https:\/\/cademaprop.com.ar\/blog\/wp-content\/uploads\/2024\/11\/vlcsnap-2024-11-27-21h53m05s858-576x1024.png\" alt=\"Paseo Gavazzi alcanz\u00f3 un nuevo hito: el hormigonado del primer piso tras superar la cota cero, marcando el inicio del crecimiento visible de la torre\" class=\"wp-image-2551\" srcset=\"https:\/\/cademaprop.com.ar\/blog\/wp-content\/uploads\/2024\/11\/vlcsnap-2024-11-27-21h53m05s858-576x1024.png 576w, https:\/\/cademaprop.com.ar\/blog\/wp-content\/uploads\/2024\/11\/vlcsnap-2024-11-27-21h53m05s858-169x300.png 169w, https:\/\/cademaprop.com.ar\/blog\/wp-content\/uploads\/2024\/11\/vlcsnap-2024-11-27-21h53m05s858-768x1365.png 768w, https:\/\/cademaprop.com.ar\/blog\/wp-content\/uploads\/2024\/11\/vlcsnap-2024-11-27-21h53m05s858-864x1536.png 864w, https:\/\/cademaprop.com.ar\/blog\/wp-content\/uploads\/2024\/11\/vlcsnap-2024-11-27-21h53m05s858.png 1080w\" sizes=\"(max-width: 576px) 100vw, 576px\" \/><\/a><\/figure>\n<\/figure>\n\n\n\n<p><\/p>\n","protected":false},"excerpt":{"rendered":"<p>El horizonte edilicio de Campana est\u00e1 cambiando, y Paseo Gavazzi es protagonista. Esta semana, la obra alcanz\u00f3 un nuevo hito: el hormigonado del primer piso tras superar la cota cero, marcando el inicio del crecimiento visible de la torre. Con las excavaciones y los dos subsuelos de cocheras ya finalizados (etapas cruciales), el ritmo de [&hellip;]<\/p>\n","protected":false},"author":2,"featured_media":2552,"comment_status":"closed","ping_status":"closed","sticky":false,"template":"","format":"standard","meta":{"site-sidebar-layout":"default","site-content-layout":"","ast-site-content-layout":"default","site-content-style":"default","site-sidebar-style":"default","ast-global-header-display":"","ast-banner-title-visibility":"","ast-main-header-display":"","ast-hfb-above-header-display":"","ast-hfb-below-header-display":"","ast-hfb-mobile-header-display":"","site-post-title":"","ast-breadcrumbs-content":"","ast-featured-img":"","footer-sml-layout":"","theme-transparent-header-meta":"","adv-header-id-meta":"","stick-header-meta":"","header-above-stick-meta":"","header-main-stick-meta":"","header-below-stick-meta":"","astra-migrate-meta-layouts":"default","ast-page-background-enabled":"default","ast-page-background-meta":{"desktop":{"background-color":"","background-image":"","background-repeat":"repeat","background-position":"center center","background-size":"auto","background-attachment":"scroll","background-type":"","background-media":"","overlay-type":"","overlay-color":"","overlay-opacity":"","overlay-gradient":""},"tablet":{"background-color":"","background-image":"","background-repeat":"repeat","background-position":"center center","background-size":"auto","background-attachment":"scroll","background-type":"","background-media":"","overlay-type":"","overlay-color":"","overlay-opacity":"","overlay-gradient":""},"mobile":{"background-color":"","background-image":"","background-repeat":"repeat","background-position":"center center","background-size":"auto","background-attachment":"scroll","background-type":"","background-media":"","overlay-type":"","overlay-color":"","overlay-opacity":"","overlay-gradient":""}},"ast-content-background-meta":{"desktop":{"background-color":"var(--ast-global-color-5)","background-image":"","background-repeat":"repeat","background-position":"center center","background-size":"auto","background-attachment":"scroll","background-type":"","background-media":"","overlay-type":"","overlay-color":"","overlay-opacity":"","overlay-gradient":""},"tablet":{"background-color":"var(--ast-global-color-5)","background-image":"","background-repeat":"repeat","background-position":"center center","background-size":"auto","background-attachment":"scroll","background-type":"","background-media":"","overlay-type":"","overlay-color":"","overlay-opacity":"","overlay-gradient":""},"mobile":{"background-color":"var(--ast-global-color-5)","background-image":"","background-repeat":"repeat","background-position":"center center","background-size":"auto","background-attachment":"scroll","background-type":"","background-media":"","overlay-type":"","overlay-color":"","overlay-opacity":"","overlay-gradient":""}},"_joinchat":[],"footnotes":""},"categories":[31,34,29,9,10],"tags":[],"class_list":["post-2536","post","type-post","status-publish","format-standard","has-post-thumbnail","hentry","category-campana","category-credito-hipotecario","category-departamentos","category-emprendimientos","category-paseo-gavazzi"],"yoast_head":"<!-- This site is optimized with the Yoast SEO plugin v27.5 - https:\/\/yoast.com\/product\/yoast-seo-wordpress\/ -->\n<title>PASEO GAVAZZI: LA TORRE EMPIEZA A CRECER Y DEJAR MARCA<\/title>\n<meta name=\"description\" content=\"Paseo Gavazzi avanza y reafirma su compromiso con los inversores y futuros propietarios. Este proyecto combina dise\u00f1o de vanguardia, ubicaci\u00f3n estrat\u00e9gica y el cumplimiento riguroso de calidad y seguridad, consolid\u00e1ndose como una excelente oportunidad de inversi\u00f3n en Campana.\" \/>\n<meta name=\"robots\" content=\"index, follow, max-snippet:-1, max-image-preview:large, max-video-preview:-1\" \/>\n<link rel=\"canonical\" href=\"https:\/\/cademaprop.com.ar\/blog\/paseo-gavazzi-la-torre-empieza-a-crecer-y-deja-su-marca-en-la-ciudad\/\" \/>\n<meta property=\"og:locale\" content=\"es_MX\" \/>\n<meta property=\"og:type\" content=\"article\" \/>\n<meta property=\"og:title\" content=\"PASEO GAVAZZI: LA TORRE EMPIEZA A CRECER Y DEJAR MARCA\" \/>\n<meta property=\"og:description\" content=\"Paseo Gavazzi avanza y reafirma su compromiso con los inversores y futuros propietarios. Este proyecto combina dise\u00f1o de vanguardia, ubicaci\u00f3n estrat\u00e9gica y el cumplimiento riguroso de calidad y seguridad, consolid\u00e1ndose como una excelente oportunidad de inversi\u00f3n en Campana.\" \/>\n<meta property=\"og:url\" content=\"https:\/\/cademaprop.com.ar\/blog\/paseo-gavazzi-la-torre-empieza-a-crecer-y-deja-su-marca-en-la-ciudad\/\" \/>\n<meta property=\"og:site_name\" content=\"NEWS\" \/>\n<meta property=\"article:publisher\" content=\"https:\/\/www.facebook.com\/inmobiliariacadema\" \/>\n<meta property=\"article:published_time\" content=\"2024-11-28T15:02:33+00:00\" \/>\n<meta property=\"og:image\" content=\"https:\/\/cademaprop.com.ar\/blog\/wp-content\/uploads\/2024\/11\/vlcsnap-2024-11-27-21h53m05s858-2.png\" \/>\n\t<meta property=\"og:image:width\" content=\"1080\" \/>\n\t<meta property=\"og:image:height\" content=\"1416\" \/>\n\t<meta property=\"og:image:type\" content=\"image\/png\" \/>\n<meta name=\"author\" content=\"Cadema Bienes Ra\u00edces\" \/>\n<meta name=\"twitter:card\" content=\"summary_large_image\" \/>\n<meta name=\"twitter:creator\" content=\"@InmoCadema\" \/>\n<meta name=\"twitter:site\" content=\"@InmoCadema\" \/>\n<meta name=\"twitter:label1\" content=\"Escrito por\" \/>\n\t<meta name=\"twitter:data1\" content=\"Cadema Bienes Ra\u00edces\" \/>\n\t<meta name=\"twitter:label2\" content=\"Tiempo de lectura\" \/>\n\t<meta name=\"twitter:data2\" content=\"3 minutos\" \/>\n<script type=\"application\/ld+json\" class=\"yoast-schema-graph\">{\"@context\":\"https:\\\/\\\/schema.org\",\"@graph\":[{\"@type\":\"Article\",\"@id\":\"https:\\\/\\\/cademaprop.com.ar\\\/blog\\\/paseo-gavazzi-la-torre-empieza-a-crecer-y-deja-su-marca-en-la-ciudad\\\/#article\",\"isPartOf\":{\"@id\":\"https:\\\/\\\/cademaprop.com.ar\\\/blog\\\/paseo-gavazzi-la-torre-empieza-a-crecer-y-deja-su-marca-en-la-ciudad\\\/\"},\"author\":{\"name\":\"Cadema Bienes Ra\u00edces\",\"@id\":\"https:\\\/\\\/cademaprop.com.ar\\\/blog\\\/#\\\/schema\\\/person\\\/bf1e8554d62db91bc0110bd8b2c68625\"},\"headline\":\"PASEO GAVAZZI: LA TORRE EMPIEZA A CRECER Y DEJAR SU MARCA EN LA CIUDAD\",\"datePublished\":\"2024-11-28T15:02:33+00:00\",\"mainEntityOfPage\":{\"@id\":\"https:\\\/\\\/cademaprop.com.ar\\\/blog\\\/paseo-gavazzi-la-torre-empieza-a-crecer-y-deja-su-marca-en-la-ciudad\\\/\"},\"wordCount\":416,\"publisher\":{\"@id\":\"https:\\\/\\\/cademaprop.com.ar\\\/blog\\\/#organization\"},\"image\":{\"@id\":\"https:\\\/\\\/cademaprop.com.ar\\\/blog\\\/paseo-gavazzi-la-torre-empieza-a-crecer-y-deja-su-marca-en-la-ciudad\\\/#primaryimage\"},\"thumbnailUrl\":\"https:\\\/\\\/cademaprop.com.ar\\\/blog\\\/wp-content\\\/uploads\\\/2024\\\/11\\\/vlcsnap-2024-11-27-21h53m05s858-2.png\",\"articleSection\":[\"Campana\",\"Cr\u00e9dito Hipotecario\",\"Departamentos\",\"Emprendimientos\",\"Paseo Gavazzi\"],\"inLanguage\":\"es\"},{\"@type\":\"WebPage\",\"@id\":\"https:\\\/\\\/cademaprop.com.ar\\\/blog\\\/paseo-gavazzi-la-torre-empieza-a-crecer-y-deja-su-marca-en-la-ciudad\\\/\",\"url\":\"https:\\\/\\\/cademaprop.com.ar\\\/blog\\\/paseo-gavazzi-la-torre-empieza-a-crecer-y-deja-su-marca-en-la-ciudad\\\/\",\"name\":\"PASEO GAVAZZI: LA TORRE EMPIEZA A CRECER Y DEJAR MARCA\",\"isPartOf\":{\"@id\":\"https:\\\/\\\/cademaprop.com.ar\\\/blog\\\/#website\"},\"primaryImageOfPage\":{\"@id\":\"https:\\\/\\\/cademaprop.com.ar\\\/blog\\\/paseo-gavazzi-la-torre-empieza-a-crecer-y-deja-su-marca-en-la-ciudad\\\/#primaryimage\"},\"image\":{\"@id\":\"https:\\\/\\\/cademaprop.com.ar\\\/blog\\\/paseo-gavazzi-la-torre-empieza-a-crecer-y-deja-su-marca-en-la-ciudad\\\/#primaryimage\"},\"thumbnailUrl\":\"https:\\\/\\\/cademaprop.com.ar\\\/blog\\\/wp-content\\\/uploads\\\/2024\\\/11\\\/vlcsnap-2024-11-27-21h53m05s858-2.png\",\"datePublished\":\"2024-11-28T15:02:33+00:00\",\"description\":\"Paseo Gavazzi avanza y reafirma su compromiso con los inversores y futuros propietarios. Este proyecto combina dise\u00f1o de vanguardia, ubicaci\u00f3n estrat\u00e9gica y el cumplimiento riguroso de calidad y seguridad, consolid\u00e1ndose como una excelente oportunidad de inversi\u00f3n en Campana.\",\"breadcrumb\":{\"@id\":\"https:\\\/\\\/cademaprop.com.ar\\\/blog\\\/paseo-gavazzi-la-torre-empieza-a-crecer-y-deja-su-marca-en-la-ciudad\\\/#breadcrumb\"},\"inLanguage\":\"es\",\"potentialAction\":[{\"@type\":\"ReadAction\",\"target\":[\"https:\\\/\\\/cademaprop.com.ar\\\/blog\\\/paseo-gavazzi-la-torre-empieza-a-crecer-y-deja-su-marca-en-la-ciudad\\\/\"]}]},{\"@type\":\"ImageObject\",\"inLanguage\":\"es\",\"@id\":\"https:\\\/\\\/cademaprop.com.ar\\\/blog\\\/paseo-gavazzi-la-torre-empieza-a-crecer-y-deja-su-marca-en-la-ciudad\\\/#primaryimage\",\"url\":\"https:\\\/\\\/cademaprop.com.ar\\\/blog\\\/wp-content\\\/uploads\\\/2024\\\/11\\\/vlcsnap-2024-11-27-21h53m05s858-2.png\",\"contentUrl\":\"https:\\\/\\\/cademaprop.com.ar\\\/blog\\\/wp-content\\\/uploads\\\/2024\\\/11\\\/vlcsnap-2024-11-27-21h53m05s858-2.png\",\"width\":1080,\"height\":1416},{\"@type\":\"BreadcrumbList\",\"@id\":\"https:\\\/\\\/cademaprop.com.ar\\\/blog\\\/paseo-gavazzi-la-torre-empieza-a-crecer-y-deja-su-marca-en-la-ciudad\\\/#breadcrumb\",\"itemListElement\":[{\"@type\":\"ListItem\",\"position\":1,\"name\":\"Inicio\",\"item\":\"https:\\\/\\\/cademaprop.com.ar\\\/blog\\\/\"},{\"@type\":\"ListItem\",\"position\":2,\"name\":\"PASEO GAVAZZI: LA TORRE EMPIEZA A CRECER Y DEJAR SU MARCA EN LA CIUDAD\"}]},{\"@type\":\"WebSite\",\"@id\":\"https:\\\/\\\/cademaprop.com.ar\\\/blog\\\/#website\",\"url\":\"https:\\\/\\\/cademaprop.com.ar\\\/blog\\\/\",\"name\":\"CADEMA NEWS\",\"description\":\"\",\"publisher\":{\"@id\":\"https:\\\/\\\/cademaprop.com.ar\\\/blog\\\/#organization\"},\"potentialAction\":[{\"@type\":\"SearchAction\",\"target\":{\"@type\":\"EntryPoint\",\"urlTemplate\":\"https:\\\/\\\/cademaprop.com.ar\\\/blog\\\/?s={search_term_string}\"},\"query-input\":{\"@type\":\"PropertyValueSpecification\",\"valueRequired\":true,\"valueName\":\"search_term_string\"}}],\"inLanguage\":\"es\"},{\"@type\":\"Organization\",\"@id\":\"https:\\\/\\\/cademaprop.com.ar\\\/blog\\\/#organization\",\"name\":\"INMOBILIARIA CADEMA\",\"url\":\"https:\\\/\\\/cademaprop.com.ar\\\/blog\\\/\",\"logo\":{\"@type\":\"ImageObject\",\"inLanguage\":\"es\",\"@id\":\"https:\\\/\\\/cademaprop.com.ar\\\/blog\\\/#\\\/schema\\\/logo\\\/image\\\/\",\"url\":\"https:\\\/\\\/cademaprop.com.ar\\\/blog\\\/wp-content\\\/uploads\\\/2024\\\/01\\\/CDN-Logo-Full-Color.png\",\"contentUrl\":\"https:\\\/\\\/cademaprop.com.ar\\\/blog\\\/wp-content\\\/uploads\\\/2024\\\/01\\\/CDN-Logo-Full-Color.png\",\"width\":4410,\"height\":1418,\"caption\":\"INMOBILIARIA CADEMA\"},\"image\":{\"@id\":\"https:\\\/\\\/cademaprop.com.ar\\\/blog\\\/#\\\/schema\\\/logo\\\/image\\\/\"},\"sameAs\":[\"https:\\\/\\\/www.facebook.com\\\/inmobiliariacadema\",\"https:\\\/\\\/x.com\\\/InmoCadema\",\"https:\\\/\\\/www.instagram.com\\\/inmobiliariacadema\",\"https:\\\/\\\/www.threads.net\\\/@inmobiliariacadema\",\"https:\\\/\\\/www.tiktok.com\\\/@inmobiliariacadema\"]},{\"@type\":\"Person\",\"@id\":\"https:\\\/\\\/cademaprop.com.ar\\\/blog\\\/#\\\/schema\\\/person\\\/bf1e8554d62db91bc0110bd8b2c68625\",\"name\":\"Cadema Bienes Ra\u00edces\",\"image\":{\"@type\":\"ImageObject\",\"inLanguage\":\"es\",\"@id\":\"https:\\\/\\\/secure.gravatar.com\\\/avatar\\\/dcf94633e3fe61607b8d5ead2fbb04c595474c581edee9a1c8c801464d64e4af?s=96&r=g\",\"url\":\"https:\\\/\\\/secure.gravatar.com\\\/avatar\\\/dcf94633e3fe61607b8d5ead2fbb04c595474c581edee9a1c8c801464d64e4af?s=96&r=g\",\"contentUrl\":\"https:\\\/\\\/secure.gravatar.com\\\/avatar\\\/dcf94633e3fe61607b8d5ead2fbb04c595474c581edee9a1c8c801464d64e4af?s=96&r=g\",\"caption\":\"Cadema Bienes Ra\u00edces\"},\"description\":\"Nuestra prioridad es lograr una s\u00edntesis equilibrada entre las necesidades del comprador y los requerimientos del vendedor. Con m\u00e1s de seis d\u00e9cadas de experiencia, nos enorgullece ser la empresa l\u00edder en el \u00e1mbito inmobiliario de la ciudad de Campana. Especializados en la venta de inmuebles y desarrollos urbanos e industriales, hemos marcado nuestro camino con dedicaci\u00f3n y excelencia. En el a\u00f1o 2024 celebramos nuestro 60\u00ba aniversario, reflejando nuestra constante b\u00fasqueda de vanguardia tecnol\u00f3gica para enfrentar los desaf\u00edos del mercado.\",\"sameAs\":[\"https:\\\/\\\/www.cademaprop.com.ar\\\/\"],\"url\":\"https:\\\/\\\/cademaprop.com.ar\\\/blog\\\/author\\\/mar0015\\\/\"}]}<\/script>\n<!-- \/ Yoast SEO plugin. -->","yoast_head_json":{"title":"PASEO GAVAZZI: LA TORRE EMPIEZA A CRECER Y DEJAR MARCA","description":"Paseo Gavazzi avanza y reafirma su compromiso con los inversores y futuros propietarios. Este proyecto combina dise\u00f1o de vanguardia, ubicaci\u00f3n estrat\u00e9gica y el cumplimiento riguroso de calidad y seguridad, consolid\u00e1ndose como una excelente oportunidad de inversi\u00f3n en Campana.","robots":{"index":"index","follow":"follow","max-snippet":"max-snippet:-1","max-image-preview":"max-image-preview:large","max-video-preview":"max-video-preview:-1"},"canonical":"https:\/\/cademaprop.com.ar\/blog\/paseo-gavazzi-la-torre-empieza-a-crecer-y-deja-su-marca-en-la-ciudad\/","og_locale":"es_MX","og_type":"article","og_title":"PASEO GAVAZZI: LA TORRE EMPIEZA A CRECER Y DEJAR MARCA","og_description":"Paseo Gavazzi avanza y reafirma su compromiso con los inversores y futuros propietarios. Este proyecto combina dise\u00f1o de vanguardia, ubicaci\u00f3n estrat\u00e9gica y el cumplimiento riguroso de calidad y seguridad, consolid\u00e1ndose como una excelente oportunidad de inversi\u00f3n en Campana.","og_url":"https:\/\/cademaprop.com.ar\/blog\/paseo-gavazzi-la-torre-empieza-a-crecer-y-deja-su-marca-en-la-ciudad\/","og_site_name":"NEWS","article_publisher":"https:\/\/www.facebook.com\/inmobiliariacadema","article_published_time":"2024-11-28T15:02:33+00:00","og_image":[{"width":1080,"height":1416,"url":"https:\/\/cademaprop.com.ar\/blog\/wp-content\/uploads\/2024\/11\/vlcsnap-2024-11-27-21h53m05s858-2.png","type":"image\/png"}],"author":"Cadema Bienes Ra\u00edces","twitter_card":"summary_large_image","twitter_creator":"@InmoCadema","twitter_site":"@InmoCadema","twitter_misc":{"Escrito por":"Cadema Bienes Ra\u00edces","Tiempo de lectura":"3 minutos"},"schema":{"@context":"https:\/\/schema.org","@graph":[{"@type":"Article","@id":"https:\/\/cademaprop.com.ar\/blog\/paseo-gavazzi-la-torre-empieza-a-crecer-y-deja-su-marca-en-la-ciudad\/#article","isPartOf":{"@id":"https:\/\/cademaprop.com.ar\/blog\/paseo-gavazzi-la-torre-empieza-a-crecer-y-deja-su-marca-en-la-ciudad\/"},"author":{"name":"Cadema Bienes Ra\u00edces","@id":"https:\/\/cademaprop.com.ar\/blog\/#\/schema\/person\/bf1e8554d62db91bc0110bd8b2c68625"},"headline":"PASEO GAVAZZI: LA TORRE EMPIEZA A CRECER Y DEJAR SU MARCA EN LA CIUDAD","datePublished":"2024-11-28T15:02:33+00:00","mainEntityOfPage":{"@id":"https:\/\/cademaprop.com.ar\/blog\/paseo-gavazzi-la-torre-empieza-a-crecer-y-deja-su-marca-en-la-ciudad\/"},"wordCount":416,"publisher":{"@id":"https:\/\/cademaprop.com.ar\/blog\/#organization"},"image":{"@id":"https:\/\/cademaprop.com.ar\/blog\/paseo-gavazzi-la-torre-empieza-a-crecer-y-deja-su-marca-en-la-ciudad\/#primaryimage"},"thumbnailUrl":"https:\/\/cademaprop.com.ar\/blog\/wp-content\/uploads\/2024\/11\/vlcsnap-2024-11-27-21h53m05s858-2.png","articleSection":["Campana","Cr\u00e9dito Hipotecario","Departamentos","Emprendimientos","Paseo Gavazzi"],"inLanguage":"es"},{"@type":"WebPage","@id":"https:\/\/cademaprop.com.ar\/blog\/paseo-gavazzi-la-torre-empieza-a-crecer-y-deja-su-marca-en-la-ciudad\/","url":"https:\/\/cademaprop.com.ar\/blog\/paseo-gavazzi-la-torre-empieza-a-crecer-y-deja-su-marca-en-la-ciudad\/","name":"PASEO GAVAZZI: LA TORRE EMPIEZA A CRECER Y DEJAR MARCA","isPartOf":{"@id":"https:\/\/cademaprop.com.ar\/blog\/#website"},"primaryImageOfPage":{"@id":"https:\/\/cademaprop.com.ar\/blog\/paseo-gavazzi-la-torre-empieza-a-crecer-y-deja-su-marca-en-la-ciudad\/#primaryimage"},"image":{"@id":"https:\/\/cademaprop.com.ar\/blog\/paseo-gavazzi-la-torre-empieza-a-crecer-y-deja-su-marca-en-la-ciudad\/#primaryimage"},"thumbnailUrl":"https:\/\/cademaprop.com.ar\/blog\/wp-content\/uploads\/2024\/11\/vlcsnap-2024-11-27-21h53m05s858-2.png","datePublished":"2024-11-28T15:02:33+00:00","description":"Paseo Gavazzi avanza y reafirma su compromiso con los inversores y futuros propietarios. Este proyecto combina dise\u00f1o de vanguardia, ubicaci\u00f3n estrat\u00e9gica y el cumplimiento riguroso de calidad y seguridad, consolid\u00e1ndose como una excelente oportunidad de inversi\u00f3n en Campana.","breadcrumb":{"@id":"https:\/\/cademaprop.com.ar\/blog\/paseo-gavazzi-la-torre-empieza-a-crecer-y-deja-su-marca-en-la-ciudad\/#breadcrumb"},"inLanguage":"es","potentialAction":[{"@type":"ReadAction","target":["https:\/\/cademaprop.com.ar\/blog\/paseo-gavazzi-la-torre-empieza-a-crecer-y-deja-su-marca-en-la-ciudad\/"]}]},{"@type":"ImageObject","inLanguage":"es","@id":"https:\/\/cademaprop.com.ar\/blog\/paseo-gavazzi-la-torre-empieza-a-crecer-y-deja-su-marca-en-la-ciudad\/#primaryimage","url":"https:\/\/cademaprop.com.ar\/blog\/wp-content\/uploads\/2024\/11\/vlcsnap-2024-11-27-21h53m05s858-2.png","contentUrl":"https:\/\/cademaprop.com.ar\/blog\/wp-content\/uploads\/2024\/11\/vlcsnap-2024-11-27-21h53m05s858-2.png","width":1080,"height":1416},{"@type":"BreadcrumbList","@id":"https:\/\/cademaprop.com.ar\/blog\/paseo-gavazzi-la-torre-empieza-a-crecer-y-deja-su-marca-en-la-ciudad\/#breadcrumb","itemListElement":[{"@type":"ListItem","position":1,"name":"Inicio","item":"https:\/\/cademaprop.com.ar\/blog\/"},{"@type":"ListItem","position":2,"name":"PASEO GAVAZZI: LA TORRE EMPIEZA A CRECER Y DEJAR SU MARCA EN LA CIUDAD"}]},{"@type":"WebSite","@id":"https:\/\/cademaprop.com.ar\/blog\/#website","url":"https:\/\/cademaprop.com.ar\/blog\/","name":"CADEMA NEWS","description":"","publisher":{"@id":"https:\/\/cademaprop.com.ar\/blog\/#organization"},"potentialAction":[{"@type":"SearchAction","target":{"@type":"EntryPoint","urlTemplate":"https:\/\/cademaprop.com.ar\/blog\/?s={search_term_string}"},"query-input":{"@type":"PropertyValueSpecification","valueRequired":true,"valueName":"search_term_string"}}],"inLanguage":"es"},{"@type":"Organization","@id":"https:\/\/cademaprop.com.ar\/blog\/#organization","name":"INMOBILIARIA CADEMA","url":"https:\/\/cademaprop.com.ar\/blog\/","logo":{"@type":"ImageObject","inLanguage":"es","@id":"https:\/\/cademaprop.com.ar\/blog\/#\/schema\/logo\/image\/","url":"https:\/\/cademaprop.com.ar\/blog\/wp-content\/uploads\/2024\/01\/CDN-Logo-Full-Color.png","contentUrl":"https:\/\/cademaprop.com.ar\/blog\/wp-content\/uploads\/2024\/01\/CDN-Logo-Full-Color.png","width":4410,"height":1418,"caption":"INMOBILIARIA CADEMA"},"image":{"@id":"https:\/\/cademaprop.com.ar\/blog\/#\/schema\/logo\/image\/"},"sameAs":["https:\/\/www.facebook.com\/inmobiliariacadema","https:\/\/x.com\/InmoCadema","https:\/\/www.instagram.com\/inmobiliariacadema","https:\/\/www.threads.net\/@inmobiliariacadema","https:\/\/www.tiktok.com\/@inmobiliariacadema"]},{"@type":"Person","@id":"https:\/\/cademaprop.com.ar\/blog\/#\/schema\/person\/bf1e8554d62db91bc0110bd8b2c68625","name":"Cadema Bienes Ra\u00edces","image":{"@type":"ImageObject","inLanguage":"es","@id":"https:\/\/secure.gravatar.com\/avatar\/dcf94633e3fe61607b8d5ead2fbb04c595474c581edee9a1c8c801464d64e4af?s=96&r=g","url":"https:\/\/secure.gravatar.com\/avatar\/dcf94633e3fe61607b8d5ead2fbb04c595474c581edee9a1c8c801464d64e4af?s=96&r=g","contentUrl":"https:\/\/secure.gravatar.com\/avatar\/dcf94633e3fe61607b8d5ead2fbb04c595474c581edee9a1c8c801464d64e4af?s=96&r=g","caption":"Cadema Bienes Ra\u00edces"},"description":"Nuestra prioridad es lograr una s\u00edntesis equilibrada entre las necesidades del comprador y los requerimientos del vendedor. Con m\u00e1s de seis d\u00e9cadas de experiencia, nos enorgullece ser la empresa l\u00edder en el \u00e1mbito inmobiliario de la ciudad de Campana. Especializados en la venta de inmuebles y desarrollos urbanos e industriales, hemos marcado nuestro camino con dedicaci\u00f3n y excelencia. En el a\u00f1o 2024 celebramos nuestro 60\u00ba aniversario, reflejando nuestra constante b\u00fasqueda de vanguardia tecnol\u00f3gica para enfrentar los desaf\u00edos del mercado.","sameAs":["https:\/\/www.cademaprop.com.ar\/"],"url":"https:\/\/cademaprop.com.ar\/blog\/author\/mar0015\/"}]}},"_links":{"self":[{"href":"https:\/\/cademaprop.com.ar\/blog\/wp-json\/wp\/v2\/posts\/2536","targetHints":{"allow":["GET"]}}],"collection":[{"href":"https:\/\/cademaprop.com.ar\/blog\/wp-json\/wp\/v2\/posts"}],"about":[{"href":"https:\/\/cademaprop.com.ar\/blog\/wp-json\/wp\/v2\/types\/post"}],"author":[{"embeddable":true,"href":"https:\/\/cademaprop.com.ar\/blog\/wp-json\/wp\/v2\/users\/2"}],"replies":[{"embeddable":true,"href":"https:\/\/cademaprop.com.ar\/blog\/wp-json\/wp\/v2\/comments?post=2536"}],"version-history":[{"count":0,"href":"https:\/\/cademaprop.com.ar\/blog\/wp-json\/wp\/v2\/posts\/2536\/revisions"}],"wp:featuredmedia":[{"embeddable":true,"href":"https:\/\/cademaprop.com.ar\/blog\/wp-json\/wp\/v2\/media\/2552"}],"wp:attachment":[{"href":"https:\/\/cademaprop.com.ar\/blog\/wp-json\/wp\/v2\/media?parent=2536"}],"wp:term":[{"taxonomy":"category","embeddable":true,"href":"https:\/\/cademaprop.com.ar\/blog\/wp-json\/wp\/v2\/categories?post=2536"},{"taxonomy":"post_tag","embeddable":true,"href":"https:\/\/cademaprop.com.ar\/blog\/wp-json\/wp\/v2\/tags?post=2536"}],"curies":[{"name":"wp","href":"https:\/\/api.w.org\/{rel}","templated":true}]}}