{"id":2567,"date":"2024-12-09T23:00:00","date_gmt":"2024-12-10T02:00:00","guid":{"rendered":"https:\/\/cademaprop.com.ar\/blog\/?p=2567"},"modified":"2024-12-18T22:57:58","modified_gmt":"2024-12-19T01:57:58","slug":"ayres-de-cardales-un-refugio-exclusivo-en-plena-naturaleza","status":"publish","type":"post","link":"https:\/\/cademaprop.com.ar\/blog\/ayres-de-cardales-un-refugio-exclusivo-en-plena-naturaleza\/","title":{"rendered":"AYRES DE CARDALES: UN REFUGIO EXCLUSIVO EN PLENA NATURALEZA"},"content":{"rendered":"\n<p>En un entorno natural inigualable, <strong><a href=\"https:\/\/www.cademaprop.com.ar\/ayresdecardales\/\">Ayres de Cardales<\/a><\/strong> ofrece un desarrollo inmobiliario de alta gama dise\u00f1ado para quienes buscan privacidad, confort y acceso a la naturaleza sin renunciar a las comodidades de la vida moderna. Este exclusivo barrio cerrado, ubicada en <strong><a href=\"https:\/\/cademaprop.com.ar\/blog\/los-cardales-una-localidad-rebosante-de-vida\/\">Los Cardales<\/a><\/strong>, provincia de Buenos Aires, destaca por sus amplios lotes, que var\u00edan entre los <strong>2.300 y 3.900 m\u00b2<\/strong>, brindando a sus residentes la posibilidad de construir su hogar en un espacio \u00fanico.<\/p>\n\n\n\n<h3 class=\"wp-block-heading\"><strong>Un Entorno Natural Privilegiado<\/strong><\/h3>\n\n\n\n<p>El desarrollo se extiende por <strong>170 hect\u00e1reas<\/strong> de terreno, donde la naturaleza es la protagonista. En Ayres de Cardales, los residentes podr\u00e1n disfrutar de un entorno que fusiona la belleza natural con el dise\u00f1o pensado para preservar el paisaje. Entre sus caracter\u00edsticas m\u00e1s destacadas se encuentran los <strong>m\u00e1s de 10 kil\u00f3metros de senderos ecol\u00f3gicos<\/strong>, ideales para caminatas, paseos en bicicleta o cabalgatas, y la <strong>laguna privada<\/strong> que a\u00f1ade su serenidad al ambiente. Estos espacios est\u00e1n dise\u00f1ados para integrarse con el entorno y promover una vida tranquila y saludable.<\/p>\n\n\n\n<h3 class=\"wp-block-heading\"><strong>Amenidades Exclusivas para una Vida de Confort<\/strong><\/h3>\n\n\n\n<p>Ayres de Cardales ha sido concebido con un conjunto de <strong>amenities de primer nivel<\/strong> que responden a las necesidades de quienes buscan lo mejor en calidad de vida. Entre sus instalaciones se encuentran un <strong>club house<\/strong> con pileta de uso exclusivo para los residentes, canchas de f\u00fatbol, tenis y padel, adem\u00e1s de quinchos con horno de barro y fogoneros para disfrutar de reuniones al aire libre. Los residentes tambi\u00e9n podr\u00e1n acceder a una huerta org\u00e1nica, lo que refuerza el compromiso con un estilo de vida saludable y sostenible.<\/p>\n\n\n\n<h3 class=\"wp-block-heading\"><strong>Seguridad y Privacidad 24\/7<\/strong><\/h3>\n\n\n\n<p>La seguridad es prioridad en <strong>Ayres de Cardales<\/strong>, con un sistema de control de accesos, cerco perimetral y vigilancia las 24 horas del d\u00eda. El desarrollo est\u00e1 dise\u00f1ado para ofrecer a sus residentes el disfrute de un entorno seguro y exclusivo. Adem\u00e1s, las <strong>infraestructuras subterr\u00e1neas<\/strong> para electricidad y servicios permiten conservar la est\u00e9tica natural del lugar, sin interrupciones visuales de cables y postes.<\/p>\n\n\n\n<h3 class=\"wp-block-heading\"><strong>Accesibilidad y Ubicaci\u00f3n Estrat\u00e9gica<\/strong><\/h3>\n\n\n\n<p><strong>Ayres de Cardales<\/strong> cuenta con una ubicaci\u00f3n estrat\u00e9gica que facilita el acceso a la <strong>Autopista Panamericana<\/strong>, km 61, permitiendo a los residentes disfrutar de la tranquilidad del campo sin renunciar a la proximidad con los principales centros urbanos. Esta accesibilidad tambi\u00e9n hace que el desarrollo sea ideal para quienes deseen desconectar de la ciudad, pero manteniendo una conexi\u00f3n f\u00e1cil y r\u00e1pida con ella.<\/p>\n\n\n\n<h3 class=\"wp-block-heading\"><strong>Una Inversi\u00f3n de Alto Valor<\/strong><\/h3>\n\n\n\n<p>Con 296 lotes en total, <strong><a href=\"https:\/\/www.cademaprop.com.ar\/ayresdecardales\/\">Ayres de Cardales<\/a><\/strong> no solo es una oportunidad para vivir en un entorno \u00fanico, sino tambi\u00e9n una <strong>inversi\u00f3n de alto valor<\/strong>. La preventa de lotes ofrece una oportunidad exclusiva para aquellos que buscan un lugar donde la naturaleza y el confort se encuentren en armon\u00eda. Esta es una propuesta \u00fanica para los m\u00e1s exigentes, que buscan un estilo de vida que combine calidad, privacidad y una conexi\u00f3n profunda con el entorno natural.<\/p>\n\n\n\n<hr class=\"wp-block-separator has-alpha-channel-opacity is-style-wide\"\/>\n\n\n\n<p>Cadema Bienes Ra\u00edces<\/p>\n\n\n\n<p>Av Varela 420, Campana<\/p>\n\n\n\n<p><a href=\"https:\/\/wa.me\/5493489659742?text=Hola.%20Me%20interesa%20obtener%20mayor%20informaci%C3%B3n%20y%20asesoramiento%20sobre%20inmuebles%20industriales.\" target=\"_blank\" rel=\"noreferrer noopener\">+54 9 3489&nbsp;<\/a><a href=\"https:\/\/wa.me\/5493489659742?text=Hola.%20Me%20interesa%20obtener%20mayor%20informaci%C3%B3n%20y%20asesoramiento%20sobre%20inmuebles.\" target=\"_blank\" rel=\"noreferrer noopener\">659742<\/a><\/p>\n\n\n\n<p><a href=\"https:\/\/instagram.com\/cademabienesraices\" target=\"_blank\" rel=\"noreferrer noopener\">@cademabienesraices<\/a><\/p>\n\n\n\n<p><a href=\"http:\/\/www.cademaprop.com.ar\">www.cademaprop.com.ar<\/a><\/p>\n\n\n\n<p>Corredor responsable Bruno Catardi, CMZC Leg. Col. N 528.<\/p>\n\n\n\n<hr class=\"wp-block-separator has-alpha-channel-opacity is-style-wide\"\/>\n","protected":false},"excerpt":{"rendered":"<p>En un entorno natural inigualable, Ayres de Cardales ofrece un desarrollo inmobiliario de alta gama dise\u00f1ado para quienes buscan privacidad, confort y acceso a la naturaleza sin renunciar a las comodidades de la vida moderna. Este exclusivo barrio cerrado, ubicada en Los Cardales, provincia de Buenos Aires, destaca por sus amplios lotes, que var\u00edan entre [&hellip;]<\/p>\n","protected":false},"author":2,"featured_media":2571,"comment_status":"closed","ping_status":"closed","sticky":false,"template":"","format":"standard","meta":{"site-sidebar-layout":"default","site-content-layout":"","ast-site-content-layout":"default","site-content-style":"default","site-sidebar-style":"default","ast-global-header-display":"","ast-banner-title-visibility":"","ast-main-header-display":"","ast-hfb-above-header-display":"","ast-hfb-below-header-display":"","ast-hfb-mobile-header-display":"","site-post-title":"","ast-breadcrumbs-content":"","ast-featured-img":"","footer-sml-layout":"","theme-transparent-header-meta":"","adv-header-id-meta":"","stick-header-meta":"","header-above-stick-meta":"","header-main-stick-meta":"","header-below-stick-meta":"","astra-migrate-meta-layouts":"default","ast-page-background-enabled":"default","ast-page-background-meta":{"desktop":{"background-color":"","background-image":"","background-repeat":"repeat","background-position":"center center","background-size":"auto","background-attachment":"scroll","background-type":"","background-media":"","overlay-type":"","overlay-color":"","overlay-opacity":"","overlay-gradient":""},"tablet":{"background-color":"","background-image":"","background-repeat":"repeat","background-position":"center center","background-size":"auto","background-attachment":"scroll","background-type":"","background-media":"","overlay-type":"","overlay-color":"","overlay-opacity":"","overlay-gradient":""},"mobile":{"background-color":"","background-image":"","background-repeat":"repeat","background-position":"center center","background-size":"auto","background-attachment":"scroll","background-type":"","background-media":"","overlay-type":"","overlay-color":"","overlay-opacity":"","overlay-gradient":""}},"ast-content-background-meta":{"desktop":{"background-color":"var(--ast-global-color-5)","background-image":"","background-repeat":"repeat","background-position":"center center","background-size":"auto","background-attachment":"scroll","background-type":"","background-media":"","overlay-type":"","overlay-color":"","overlay-opacity":"","overlay-gradient":""},"tablet":{"background-color":"var(--ast-global-color-5)","background-image":"","background-repeat":"repeat","background-position":"center center","background-size":"auto","background-attachment":"scroll","background-type":"","background-media":"","overlay-type":"","overlay-color":"","overlay-opacity":"","overlay-gradient":""},"mobile":{"background-color":"var(--ast-global-color-5)","background-image":"","background-repeat":"repeat","background-position":"center center","background-size":"auto","background-attachment":"scroll","background-type":"","background-media":"","overlay-type":"","overlay-color":"","overlay-opacity":"","overlay-gradient":""}},"_joinchat":[],"footnotes":""},"categories":[49,9,48],"tags":[50,51,52,54,53,55],"class_list":["post-2567","post","type-post","status-publish","format-standard","has-post-thumbnail","hentry","category-ayres-de-cardales","category-emprendimientos","category-los-cardales","tag-ayres","tag-ayres-de-cardales","tag-cardales","tag-desarrollo","tag-emprendimiento","tag-exclusivo"],"yoast_head":"<!-- This site is optimized with the Yoast SEO plugin v27.5 - https:\/\/yoast.com\/product\/yoast-seo-wordpress\/ -->\n<title>Ayres de Cardales: Un Refugio Exclusivo en plena Naturaleza<\/title>\n<meta name=\"description\" content=\"En un entorno natural inigualable, Ayres de Cardales ofrece un desarrollo inmobiliario de alta gama dise\u00f1ado para quienes buscan privacidad, confort y acceso a la naturaleza sin renunciar a las comodidades de la vida moderna. Este exclusivo barrio cerrado, ubicada en Los Cardales, provincia de Buenos Aires, destaca por sus amplios lotes, que var\u00edan entre los 2.300 y 3.900 m\u00b2, brindando a sus residentes la posibilidad de construir su hogar en un espacio \u00fanico.\" \/>\n<meta name=\"robots\" content=\"index, follow, max-snippet:-1, max-image-preview:large, max-video-preview:-1\" \/>\n<link rel=\"canonical\" href=\"https:\/\/cademaprop.com.ar\/blog\/ayres-de-cardales-un-refugio-exclusivo-en-plena-naturaleza\/\" \/>\n<meta property=\"og:locale\" content=\"es_MX\" \/>\n<meta property=\"og:type\" content=\"article\" \/>\n<meta property=\"og:title\" content=\"Ayres de Cardales: Un Refugio Exclusivo en plena Naturaleza\" \/>\n<meta property=\"og:description\" content=\"En un entorno natural inigualable, Ayres de Cardales ofrece un desarrollo inmobiliario de alta gama dise\u00f1ado para quienes buscan privacidad, confort y acceso a la naturaleza sin renunciar a las comodidades de la vida moderna. Este exclusivo barrio cerrado, ubicada en Los Cardales, provincia de Buenos Aires, destaca por sus amplios lotes, que var\u00edan entre los 2.300 y 3.900 m\u00b2, brindando a sus residentes la posibilidad de construir su hogar en un espacio \u00fanico.\" \/>\n<meta property=\"og:url\" content=\"https:\/\/cademaprop.com.ar\/blog\/ayres-de-cardales-un-refugio-exclusivo-en-plena-naturaleza\/\" \/>\n<meta property=\"og:site_name\" content=\"NEWS\" \/>\n<meta property=\"article:publisher\" content=\"https:\/\/www.facebook.com\/inmobiliariacadema\" \/>\n<meta property=\"article:published_time\" content=\"2024-12-10T02:00:00+00:00\" \/>\n<meta property=\"article:modified_time\" content=\"2024-12-19T01:57:58+00:00\" \/>\n<meta property=\"og:image\" content=\"https:\/\/cademaprop.com.ar\/blog\/wp-content\/uploads\/2024\/12\/3-copia-scaled.jpg\" \/>\n\t<meta property=\"og:image:width\" content=\"2560\" \/>\n\t<meta property=\"og:image:height\" content=\"1707\" \/>\n\t<meta property=\"og:image:type\" content=\"image\/jpeg\" \/>\n<meta name=\"author\" content=\"Cadema Bienes Ra\u00edces\" \/>\n<meta name=\"twitter:card\" content=\"summary_large_image\" \/>\n<meta name=\"twitter:creator\" content=\"@InmoCadema\" \/>\n<meta name=\"twitter:site\" content=\"@InmoCadema\" \/>\n<meta name=\"twitter:label1\" content=\"Escrito por\" \/>\n\t<meta name=\"twitter:data1\" content=\"Cadema Bienes Ra\u00edces\" \/>\n\t<meta name=\"twitter:label2\" content=\"Tiempo de lectura\" \/>\n\t<meta name=\"twitter:data2\" content=\"3 minutos\" \/>\n<script type=\"application\/ld+json\" class=\"yoast-schema-graph\">{\"@context\":\"https:\\\/\\\/schema.org\",\"@graph\":[{\"@type\":\"Article\",\"@id\":\"https:\\\/\\\/cademaprop.com.ar\\\/blog\\\/ayres-de-cardales-un-refugio-exclusivo-en-plena-naturaleza\\\/#article\",\"isPartOf\":{\"@id\":\"https:\\\/\\\/cademaprop.com.ar\\\/blog\\\/ayres-de-cardales-un-refugio-exclusivo-en-plena-naturaleza\\\/\"},\"author\":{\"name\":\"Cadema Bienes Ra\u00edces\",\"@id\":\"https:\\\/\\\/cademaprop.com.ar\\\/blog\\\/#\\\/schema\\\/person\\\/bf1e8554d62db91bc0110bd8b2c68625\"},\"headline\":\"AYRES DE CARDALES: UN REFUGIO EXCLUSIVO EN PLENA NATURALEZA\",\"datePublished\":\"2024-12-10T02:00:00+00:00\",\"dateModified\":\"2024-12-19T01:57:58+00:00\",\"mainEntityOfPage\":{\"@id\":\"https:\\\/\\\/cademaprop.com.ar\\\/blog\\\/ayres-de-cardales-un-refugio-exclusivo-en-plena-naturaleza\\\/\"},\"wordCount\":536,\"publisher\":{\"@id\":\"https:\\\/\\\/cademaprop.com.ar\\\/blog\\\/#organization\"},\"image\":{\"@id\":\"https:\\\/\\\/cademaprop.com.ar\\\/blog\\\/ayres-de-cardales-un-refugio-exclusivo-en-plena-naturaleza\\\/#primaryimage\"},\"thumbnailUrl\":\"https:\\\/\\\/cademaprop.com.ar\\\/blog\\\/wp-content\\\/uploads\\\/2024\\\/12\\\/3-copia-scaled.jpg\",\"keywords\":[\"ayres\",\"ayres de cardales\",\"cardales\",\"desarrollo\",\"emprendimiento\",\"exclusivo\"],\"articleSection\":[\"Ayres de Cardales\",\"Emprendimientos\",\"Los Cardales\"],\"inLanguage\":\"es\"},{\"@type\":\"WebPage\",\"@id\":\"https:\\\/\\\/cademaprop.com.ar\\\/blog\\\/ayres-de-cardales-un-refugio-exclusivo-en-plena-naturaleza\\\/\",\"url\":\"https:\\\/\\\/cademaprop.com.ar\\\/blog\\\/ayres-de-cardales-un-refugio-exclusivo-en-plena-naturaleza\\\/\",\"name\":\"Ayres de Cardales: Un Refugio Exclusivo en plena Naturaleza\",\"isPartOf\":{\"@id\":\"https:\\\/\\\/cademaprop.com.ar\\\/blog\\\/#website\"},\"primaryImageOfPage\":{\"@id\":\"https:\\\/\\\/cademaprop.com.ar\\\/blog\\\/ayres-de-cardales-un-refugio-exclusivo-en-plena-naturaleza\\\/#primaryimage\"},\"image\":{\"@id\":\"https:\\\/\\\/cademaprop.com.ar\\\/blog\\\/ayres-de-cardales-un-refugio-exclusivo-en-plena-naturaleza\\\/#primaryimage\"},\"thumbnailUrl\":\"https:\\\/\\\/cademaprop.com.ar\\\/blog\\\/wp-content\\\/uploads\\\/2024\\\/12\\\/3-copia-scaled.jpg\",\"datePublished\":\"2024-12-10T02:00:00+00:00\",\"dateModified\":\"2024-12-19T01:57:58+00:00\",\"description\":\"En un entorno natural inigualable, Ayres de Cardales ofrece un desarrollo inmobiliario de alta gama dise\u00f1ado para quienes buscan privacidad, confort y acceso a la naturaleza sin renunciar a las comodidades de la vida moderna. Este exclusivo barrio cerrado, ubicada en Los Cardales, provincia de Buenos Aires, destaca por sus amplios lotes, que var\u00edan entre los 2.300 y 3.900 m\u00b2, brindando a sus residentes la posibilidad de construir su hogar en un espacio \u00fanico.\",\"breadcrumb\":{\"@id\":\"https:\\\/\\\/cademaprop.com.ar\\\/blog\\\/ayres-de-cardales-un-refugio-exclusivo-en-plena-naturaleza\\\/#breadcrumb\"},\"inLanguage\":\"es\",\"potentialAction\":[{\"@type\":\"ReadAction\",\"target\":[\"https:\\\/\\\/cademaprop.com.ar\\\/blog\\\/ayres-de-cardales-un-refugio-exclusivo-en-plena-naturaleza\\\/\"]}]},{\"@type\":\"ImageObject\",\"inLanguage\":\"es\",\"@id\":\"https:\\\/\\\/cademaprop.com.ar\\\/blog\\\/ayres-de-cardales-un-refugio-exclusivo-en-plena-naturaleza\\\/#primaryimage\",\"url\":\"https:\\\/\\\/cademaprop.com.ar\\\/blog\\\/wp-content\\\/uploads\\\/2024\\\/12\\\/3-copia-scaled.jpg\",\"contentUrl\":\"https:\\\/\\\/cademaprop.com.ar\\\/blog\\\/wp-content\\\/uploads\\\/2024\\\/12\\\/3-copia-scaled.jpg\",\"width\":2560,\"height\":1707},{\"@type\":\"BreadcrumbList\",\"@id\":\"https:\\\/\\\/cademaprop.com.ar\\\/blog\\\/ayres-de-cardales-un-refugio-exclusivo-en-plena-naturaleza\\\/#breadcrumb\",\"itemListElement\":[{\"@type\":\"ListItem\",\"position\":1,\"name\":\"Inicio\",\"item\":\"https:\\\/\\\/cademaprop.com.ar\\\/blog\\\/\"},{\"@type\":\"ListItem\",\"position\":2,\"name\":\"AYRES DE CARDALES: UN REFUGIO EXCLUSIVO EN PLENA NATURALEZA\"}]},{\"@type\":\"WebSite\",\"@id\":\"https:\\\/\\\/cademaprop.com.ar\\\/blog\\\/#website\",\"url\":\"https:\\\/\\\/cademaprop.com.ar\\\/blog\\\/\",\"name\":\"CADEMA NEWS\",\"description\":\"\",\"publisher\":{\"@id\":\"https:\\\/\\\/cademaprop.com.ar\\\/blog\\\/#organization\"},\"potentialAction\":[{\"@type\":\"SearchAction\",\"target\":{\"@type\":\"EntryPoint\",\"urlTemplate\":\"https:\\\/\\\/cademaprop.com.ar\\\/blog\\\/?s={search_term_string}\"},\"query-input\":{\"@type\":\"PropertyValueSpecification\",\"valueRequired\":true,\"valueName\":\"search_term_string\"}}],\"inLanguage\":\"es\"},{\"@type\":\"Organization\",\"@id\":\"https:\\\/\\\/cademaprop.com.ar\\\/blog\\\/#organization\",\"name\":\"INMOBILIARIA CADEMA\",\"url\":\"https:\\\/\\\/cademaprop.com.ar\\\/blog\\\/\",\"logo\":{\"@type\":\"ImageObject\",\"inLanguage\":\"es\",\"@id\":\"https:\\\/\\\/cademaprop.com.ar\\\/blog\\\/#\\\/schema\\\/logo\\\/image\\\/\",\"url\":\"https:\\\/\\\/cademaprop.com.ar\\\/blog\\\/wp-content\\\/uploads\\\/2024\\\/01\\\/CDN-Logo-Full-Color.png\",\"contentUrl\":\"https:\\\/\\\/cademaprop.com.ar\\\/blog\\\/wp-content\\\/uploads\\\/2024\\\/01\\\/CDN-Logo-Full-Color.png\",\"width\":4410,\"height\":1418,\"caption\":\"INMOBILIARIA CADEMA\"},\"image\":{\"@id\":\"https:\\\/\\\/cademaprop.com.ar\\\/blog\\\/#\\\/schema\\\/logo\\\/image\\\/\"},\"sameAs\":[\"https:\\\/\\\/www.facebook.com\\\/inmobiliariacadema\",\"https:\\\/\\\/x.com\\\/InmoCadema\",\"https:\\\/\\\/www.instagram.com\\\/inmobiliariacadema\",\"https:\\\/\\\/www.threads.net\\\/@inmobiliariacadema\",\"https:\\\/\\\/www.tiktok.com\\\/@inmobiliariacadema\"]},{\"@type\":\"Person\",\"@id\":\"https:\\\/\\\/cademaprop.com.ar\\\/blog\\\/#\\\/schema\\\/person\\\/bf1e8554d62db91bc0110bd8b2c68625\",\"name\":\"Cadema Bienes Ra\u00edces\",\"image\":{\"@type\":\"ImageObject\",\"inLanguage\":\"es\",\"@id\":\"https:\\\/\\\/secure.gravatar.com\\\/avatar\\\/dcf94633e3fe61607b8d5ead2fbb04c595474c581edee9a1c8c801464d64e4af?s=96&r=g\",\"url\":\"https:\\\/\\\/secure.gravatar.com\\\/avatar\\\/dcf94633e3fe61607b8d5ead2fbb04c595474c581edee9a1c8c801464d64e4af?s=96&r=g\",\"contentUrl\":\"https:\\\/\\\/secure.gravatar.com\\\/avatar\\\/dcf94633e3fe61607b8d5ead2fbb04c595474c581edee9a1c8c801464d64e4af?s=96&r=g\",\"caption\":\"Cadema Bienes Ra\u00edces\"},\"description\":\"Nuestra prioridad es lograr una s\u00edntesis equilibrada entre las necesidades del comprador y los requerimientos del vendedor. Con m\u00e1s de seis d\u00e9cadas de experiencia, nos enorgullece ser la empresa l\u00edder en el \u00e1mbito inmobiliario de la ciudad de Campana. Especializados en la venta de inmuebles y desarrollos urbanos e industriales, hemos marcado nuestro camino con dedicaci\u00f3n y excelencia. En el a\u00f1o 2024 celebramos nuestro 60\u00ba aniversario, reflejando nuestra constante b\u00fasqueda de vanguardia tecnol\u00f3gica para enfrentar los desaf\u00edos del mercado.\",\"sameAs\":[\"https:\\\/\\\/www.cademaprop.com.ar\\\/\"],\"url\":\"https:\\\/\\\/cademaprop.com.ar\\\/blog\\\/author\\\/mar0015\\\/\"}]}<\/script>\n<!-- \/ Yoast SEO plugin. -->","yoast_head_json":{"title":"Ayres de Cardales: Un Refugio Exclusivo en plena Naturaleza","description":"En un entorno natural inigualable, Ayres de Cardales ofrece un desarrollo inmobiliario de alta gama dise\u00f1ado para quienes buscan privacidad, confort y acceso a la naturaleza sin renunciar a las comodidades de la vida moderna. Este exclusivo barrio cerrado, ubicada en Los Cardales, provincia de Buenos Aires, destaca por sus amplios lotes, que var\u00edan entre los 2.300 y 3.900 m\u00b2, brindando a sus residentes la posibilidad de construir su hogar en un espacio \u00fanico.","robots":{"index":"index","follow":"follow","max-snippet":"max-snippet:-1","max-image-preview":"max-image-preview:large","max-video-preview":"max-video-preview:-1"},"canonical":"https:\/\/cademaprop.com.ar\/blog\/ayres-de-cardales-un-refugio-exclusivo-en-plena-naturaleza\/","og_locale":"es_MX","og_type":"article","og_title":"Ayres de Cardales: Un Refugio Exclusivo en plena Naturaleza","og_description":"En un entorno natural inigualable, Ayres de Cardales ofrece un desarrollo inmobiliario de alta gama dise\u00f1ado para quienes buscan privacidad, confort y acceso a la naturaleza sin renunciar a las comodidades de la vida moderna. Este exclusivo barrio cerrado, ubicada en Los Cardales, provincia de Buenos Aires, destaca por sus amplios lotes, que var\u00edan entre los 2.300 y 3.900 m\u00b2, brindando a sus residentes la posibilidad de construir su hogar en un espacio \u00fanico.","og_url":"https:\/\/cademaprop.com.ar\/blog\/ayres-de-cardales-un-refugio-exclusivo-en-plena-naturaleza\/","og_site_name":"NEWS","article_publisher":"https:\/\/www.facebook.com\/inmobiliariacadema","article_published_time":"2024-12-10T02:00:00+00:00","article_modified_time":"2024-12-19T01:57:58+00:00","og_image":[{"width":2560,"height":1707,"url":"https:\/\/cademaprop.com.ar\/blog\/wp-content\/uploads\/2024\/12\/3-copia-scaled.jpg","type":"image\/jpeg"}],"author":"Cadema Bienes Ra\u00edces","twitter_card":"summary_large_image","twitter_creator":"@InmoCadema","twitter_site":"@InmoCadema","twitter_misc":{"Escrito por":"Cadema Bienes Ra\u00edces","Tiempo de lectura":"3 minutos"},"schema":{"@context":"https:\/\/schema.org","@graph":[{"@type":"Article","@id":"https:\/\/cademaprop.com.ar\/blog\/ayres-de-cardales-un-refugio-exclusivo-en-plena-naturaleza\/#article","isPartOf":{"@id":"https:\/\/cademaprop.com.ar\/blog\/ayres-de-cardales-un-refugio-exclusivo-en-plena-naturaleza\/"},"author":{"name":"Cadema Bienes Ra\u00edces","@id":"https:\/\/cademaprop.com.ar\/blog\/#\/schema\/person\/bf1e8554d62db91bc0110bd8b2c68625"},"headline":"AYRES DE CARDALES: UN REFUGIO EXCLUSIVO EN PLENA NATURALEZA","datePublished":"2024-12-10T02:00:00+00:00","dateModified":"2024-12-19T01:57:58+00:00","mainEntityOfPage":{"@id":"https:\/\/cademaprop.com.ar\/blog\/ayres-de-cardales-un-refugio-exclusivo-en-plena-naturaleza\/"},"wordCount":536,"publisher":{"@id":"https:\/\/cademaprop.com.ar\/blog\/#organization"},"image":{"@id":"https:\/\/cademaprop.com.ar\/blog\/ayres-de-cardales-un-refugio-exclusivo-en-plena-naturaleza\/#primaryimage"},"thumbnailUrl":"https:\/\/cademaprop.com.ar\/blog\/wp-content\/uploads\/2024\/12\/3-copia-scaled.jpg","keywords":["ayres","ayres de cardales","cardales","desarrollo","emprendimiento","exclusivo"],"articleSection":["Ayres de Cardales","Emprendimientos","Los Cardales"],"inLanguage":"es"},{"@type":"WebPage","@id":"https:\/\/cademaprop.com.ar\/blog\/ayres-de-cardales-un-refugio-exclusivo-en-plena-naturaleza\/","url":"https:\/\/cademaprop.com.ar\/blog\/ayres-de-cardales-un-refugio-exclusivo-en-plena-naturaleza\/","name":"Ayres de Cardales: Un Refugio Exclusivo en plena Naturaleza","isPartOf":{"@id":"https:\/\/cademaprop.com.ar\/blog\/#website"},"primaryImageOfPage":{"@id":"https:\/\/cademaprop.com.ar\/blog\/ayres-de-cardales-un-refugio-exclusivo-en-plena-naturaleza\/#primaryimage"},"image":{"@id":"https:\/\/cademaprop.com.ar\/blog\/ayres-de-cardales-un-refugio-exclusivo-en-plena-naturaleza\/#primaryimage"},"thumbnailUrl":"https:\/\/cademaprop.com.ar\/blog\/wp-content\/uploads\/2024\/12\/3-copia-scaled.jpg","datePublished":"2024-12-10T02:00:00+00:00","dateModified":"2024-12-19T01:57:58+00:00","description":"En un entorno natural inigualable, Ayres de Cardales ofrece un desarrollo inmobiliario de alta gama dise\u00f1ado para quienes buscan privacidad, confort y acceso a la naturaleza sin renunciar a las comodidades de la vida moderna. Este exclusivo barrio cerrado, ubicada en Los Cardales, provincia de Buenos Aires, destaca por sus amplios lotes, que var\u00edan entre los 2.300 y 3.900 m\u00b2, brindando a sus residentes la posibilidad de construir su hogar en un espacio \u00fanico.","breadcrumb":{"@id":"https:\/\/cademaprop.com.ar\/blog\/ayres-de-cardales-un-refugio-exclusivo-en-plena-naturaleza\/#breadcrumb"},"inLanguage":"es","potentialAction":[{"@type":"ReadAction","target":["https:\/\/cademaprop.com.ar\/blog\/ayres-de-cardales-un-refugio-exclusivo-en-plena-naturaleza\/"]}]},{"@type":"ImageObject","inLanguage":"es","@id":"https:\/\/cademaprop.com.ar\/blog\/ayres-de-cardales-un-refugio-exclusivo-en-plena-naturaleza\/#primaryimage","url":"https:\/\/cademaprop.com.ar\/blog\/wp-content\/uploads\/2024\/12\/3-copia-scaled.jpg","contentUrl":"https:\/\/cademaprop.com.ar\/blog\/wp-content\/uploads\/2024\/12\/3-copia-scaled.jpg","width":2560,"height":1707},{"@type":"BreadcrumbList","@id":"https:\/\/cademaprop.com.ar\/blog\/ayres-de-cardales-un-refugio-exclusivo-en-plena-naturaleza\/#breadcrumb","itemListElement":[{"@type":"ListItem","position":1,"name":"Inicio","item":"https:\/\/cademaprop.com.ar\/blog\/"},{"@type":"ListItem","position":2,"name":"AYRES DE CARDALES: UN REFUGIO EXCLUSIVO EN PLENA NATURALEZA"}]},{"@type":"WebSite","@id":"https:\/\/cademaprop.com.ar\/blog\/#website","url":"https:\/\/cademaprop.com.ar\/blog\/","name":"CADEMA NEWS","description":"","publisher":{"@id":"https:\/\/cademaprop.com.ar\/blog\/#organization"},"potentialAction":[{"@type":"SearchAction","target":{"@type":"EntryPoint","urlTemplate":"https:\/\/cademaprop.com.ar\/blog\/?s={search_term_string}"},"query-input":{"@type":"PropertyValueSpecification","valueRequired":true,"valueName":"search_term_string"}}],"inLanguage":"es"},{"@type":"Organization","@id":"https:\/\/cademaprop.com.ar\/blog\/#organization","name":"INMOBILIARIA CADEMA","url":"https:\/\/cademaprop.com.ar\/blog\/","logo":{"@type":"ImageObject","inLanguage":"es","@id":"https:\/\/cademaprop.com.ar\/blog\/#\/schema\/logo\/image\/","url":"https:\/\/cademaprop.com.ar\/blog\/wp-content\/uploads\/2024\/01\/CDN-Logo-Full-Color.png","contentUrl":"https:\/\/cademaprop.com.ar\/blog\/wp-content\/uploads\/2024\/01\/CDN-Logo-Full-Color.png","width":4410,"height":1418,"caption":"INMOBILIARIA CADEMA"},"image":{"@id":"https:\/\/cademaprop.com.ar\/blog\/#\/schema\/logo\/image\/"},"sameAs":["https:\/\/www.facebook.com\/inmobiliariacadema","https:\/\/x.com\/InmoCadema","https:\/\/www.instagram.com\/inmobiliariacadema","https:\/\/www.threads.net\/@inmobiliariacadema","https:\/\/www.tiktok.com\/@inmobiliariacadema"]},{"@type":"Person","@id":"https:\/\/cademaprop.com.ar\/blog\/#\/schema\/person\/bf1e8554d62db91bc0110bd8b2c68625","name":"Cadema Bienes Ra\u00edces","image":{"@type":"ImageObject","inLanguage":"es","@id":"https:\/\/secure.gravatar.com\/avatar\/dcf94633e3fe61607b8d5ead2fbb04c595474c581edee9a1c8c801464d64e4af?s=96&r=g","url":"https:\/\/secure.gravatar.com\/avatar\/dcf94633e3fe61607b8d5ead2fbb04c595474c581edee9a1c8c801464d64e4af?s=96&r=g","contentUrl":"https:\/\/secure.gravatar.com\/avatar\/dcf94633e3fe61607b8d5ead2fbb04c595474c581edee9a1c8c801464d64e4af?s=96&r=g","caption":"Cadema Bienes Ra\u00edces"},"description":"Nuestra prioridad es lograr una s\u00edntesis equilibrada entre las necesidades del comprador y los requerimientos del vendedor. Con m\u00e1s de seis d\u00e9cadas de experiencia, nos enorgullece ser la empresa l\u00edder en el \u00e1mbito inmobiliario de la ciudad de Campana. Especializados en la venta de inmuebles y desarrollos urbanos e industriales, hemos marcado nuestro camino con dedicaci\u00f3n y excelencia. En el a\u00f1o 2024 celebramos nuestro 60\u00ba aniversario, reflejando nuestra constante b\u00fasqueda de vanguardia tecnol\u00f3gica para enfrentar los desaf\u00edos del mercado.","sameAs":["https:\/\/www.cademaprop.com.ar\/"],"url":"https:\/\/cademaprop.com.ar\/blog\/author\/mar0015\/"}]}},"_links":{"self":[{"href":"https:\/\/cademaprop.com.ar\/blog\/wp-json\/wp\/v2\/posts\/2567","targetHints":{"allow":["GET"]}}],"collection":[{"href":"https:\/\/cademaprop.com.ar\/blog\/wp-json\/wp\/v2\/posts"}],"about":[{"href":"https:\/\/cademaprop.com.ar\/blog\/wp-json\/wp\/v2\/types\/post"}],"author":[{"embeddable":true,"href":"https:\/\/cademaprop.com.ar\/blog\/wp-json\/wp\/v2\/users\/2"}],"replies":[{"embeddable":true,"href":"https:\/\/cademaprop.com.ar\/blog\/wp-json\/wp\/v2\/comments?post=2567"}],"version-history":[{"count":0,"href":"https:\/\/cademaprop.com.ar\/blog\/wp-json\/wp\/v2\/posts\/2567\/revisions"}],"wp:featuredmedia":[{"embeddable":true,"href":"https:\/\/cademaprop.com.ar\/blog\/wp-json\/wp\/v2\/media\/2571"}],"wp:attachment":[{"href":"https:\/\/cademaprop.com.ar\/blog\/wp-json\/wp\/v2\/media?parent=2567"}],"wp:term":[{"taxonomy":"category","embeddable":true,"href":"https:\/\/cademaprop.com.ar\/blog\/wp-json\/wp\/v2\/categories?post=2567"},{"taxonomy":"post_tag","embeddable":true,"href":"https:\/\/cademaprop.com.ar\/blog\/wp-json\/wp\/v2\/tags?post=2567"}],"curies":[{"name":"wp","href":"https:\/\/api.w.org\/{rel}","templated":true}]}}