{"id":2955,"date":"2025-05-02T14:27:43","date_gmt":"2025-05-02T17:27:43","guid":{"rendered":"https:\/\/cademaprop.com.ar\/blog\/?p=2955"},"modified":"2025-06-04T14:32:00","modified_gmt":"2025-06-04T17:32:00","slug":"tecnologia-sostenibilidad-e-innovacion","status":"publish","type":"post","link":"https:\/\/cademaprop.com.ar\/blog\/tecnologia-sostenibilidad-e-innovacion\/","title":{"rendered":"TECNOLOG\u00cdA, SOSTENIBILIDAD E INNOVACI\u00d3N"},"content":{"rendered":"\n<p><strong>Segunda edici\u00f3n del Sal\u00f3n Inmobiliario Corredor Norte (SINOR)<\/strong><br><\/p>\n\n\n\n<p><em>Se desarrollar\u00e1 el 15 de mayo en el <a href=\"https:\/\/www.sofitellareserva.com\/\">Sal\u00f3n Houssay del Sofitel Cardales<\/a>. En un espacio conformado para poder cocrear y conectar, se reunir\u00e1n desarrolladores, inversores, consultores, agentes, instituciones y emprendedores del sector, con el objetivo de impulsar el desarrollo urbano y comercial de una de las regiones m\u00e1s din\u00e1micas del pa\u00eds.<\/em><\/p>\n\n\n\n<figure class=\"wp-block-image alignright is-resized\"><img decoding=\"async\" src=\"https:\/\/2804informa.com.ar\/wp-content\/uploads\/2025\/05\/IMG-20250430-WA0024.jpg\" alt=\"\" class=\"wp-image-2301\" style=\"width:272px;height:auto\"\/><\/figure>\n\n\n\n<div class=\"wp-block-group is-nowrap is-layout-flex wp-container-core-group-is-layout-6c531013 wp-block-group-is-layout-flex\">\n<p>El evento busca promover el desarrollo econ\u00f3mico y social del Corredor Norte de Buenos Aires, integrado por los partidos de Z\u00e1rate, Campana y Exaltaci\u00f3n de la Cruz, convocando a los representantes del \u00e1mbito p\u00fablico y privado para dise\u00f1ar estrategias basadas en visibilizar una zona ubicada a pocos kil\u00f3metros de la Capital Federal y que ofrece una amplia oferta comercial, educativa, de bienestar y entretenimiento.<\/p>\n<\/div>\n\n\n\n<p>Organizado por Cadema Bienes Ra\u00edces y de la mano de sus Directores, Rolando Cafferatta y Aldo Gentile, y la coordinaci\u00f3n acad\u00e9mica de Mali V\u00e1zquez, Directora Ejecutiva de la C\u00e1mara Empresaria de Desarrolladores Urbanos (CEDU), SINOR contar\u00e1 con la presencia de los intendentes de Campana; Sebasti\u00e1n Abella, de Z\u00e1rate; Marcelo Matzskin y de Exaltaci\u00f3n de la Cruz; Diego Nanni, adem\u00e1s de representantes de C\u00e1maras y Centros de Comercio e Industrias y Uniones Industriales.<\/p>\n\n\n\n<p>El Sal\u00f3n, que promete ser una oportunidad para pensar, debatir y estrechar lazos y v\u00ednculos en el marco de una econom\u00eda que abre posibilidades para la inversi\u00f3n, abordar\u00e1 tem\u00e1ticas vinculadas a la innovaci\u00f3n tecnol\u00f3gica en el sector industrial y log\u00edstico, el rol institucional para el crecimiento de la zona, las transformaciones territoriales, el impacto econ\u00f3mico y la generaci\u00f3n de empleo, entre otras cuestiones que ser\u00e1n protagonistas de esta nueva edici\u00f3n.&nbsp;<\/p>\n\n\n\n<p>Durante el desarrollo de este encuentro que comenzar\u00e1 a las 9.00 y finalizar\u00e1 a las 18,00 horas, se podr\u00e1 participar de conferencias magistrales, espacios de networking estrat\u00e9gico, intercambio de informaci\u00f3n exclusiva; la exposici\u00f3n de proyectos a futuro y casos de \u00e9xito a nivel global.<\/p>\n\n\n\n<p>Quienes asistan al Sal\u00f3n, podr\u00e1n acceder a informaci\u00f3n clave de la mano de expertos y conocer las tendencias del mercado;&nbsp; el impacto de la inteligencia artificial en la construcci\u00f3n y la revoluci\u00f3n que la IA genera en el desarrollo inmobiliario, entre otros temas de relevancia para el futuro de la zona.&nbsp;<\/p>\n\n\n\n<p>El Corredor Norte se consolida como uno de los polos m\u00e1s din\u00e1micos del pa\u00eds. Infraestructura, inversi\u00f3n y crecimiento sostenible impulsan su evoluci\u00f3n.<\/p>\n\n\n\n<p><a href=\"https:\/\/sinor.com.ar\/\">SINOR 2025<\/a>&nbsp;es una excelente oportunidad para conocer las \u00faltimas tendencias y proyectos inmobiliarios en el Corredor Norte.&nbsp;<\/p>\n\n\n\n<p>Para m\u00e1s informaci\u00f3n, visit\u00e1&nbsp;<a href=\"https:\/\/sinor.com.ar\/\">https:\/\/sinor.com.ar<\/a>&nbsp;o segu\u00ed a SINOR en Instagram:&nbsp;<a href=\"https:\/\/www.instagram.com\/sinor.ok\/\">https:\/\/www.instagram.com\/sinor.ok\/<\/a><\/p>\n","protected":false},"excerpt":{"rendered":"<p>Segunda edici\u00f3n del Sal\u00f3n Inmobiliario Corredor Norte (SINOR) Se desarrollar\u00e1 el 15 de mayo en el Sal\u00f3n Houssay del Sofitel Cardales. En un espacio conformado para poder cocrear y conectar, se reunir\u00e1n desarrolladores, inversores, consultores, agentes, instituciones y emprendedores del sector, con el objetivo de impulsar el desarrollo urbano y comercial de una de las [&hellip;]<\/p>\n","protected":false},"author":2,"featured_media":2956,"comment_status":"closed","ping_status":"closed","sticky":false,"template":"","format":"standard","meta":{"site-sidebar-layout":"default","site-content-layout":"","ast-site-content-layout":"default","site-content-style":"default","site-sidebar-style":"default","ast-global-header-display":"","ast-banner-title-visibility":"","ast-main-header-display":"","ast-hfb-above-header-display":"","ast-hfb-below-header-display":"","ast-hfb-mobile-header-display":"","site-post-title":"","ast-breadcrumbs-content":"","ast-featured-img":"","footer-sml-layout":"","theme-transparent-header-meta":"","adv-header-id-meta":"","stick-header-meta":"","header-above-stick-meta":"","header-main-stick-meta":"","header-below-stick-meta":"","astra-migrate-meta-layouts":"default","ast-page-background-enabled":"default","ast-page-background-meta":{"desktop":{"background-color":"","background-image":"","background-repeat":"repeat","background-position":"center center","background-size":"auto","background-attachment":"scroll","background-type":"","background-media":"","overlay-type":"","overlay-color":"","overlay-opacity":"","overlay-gradient":""},"tablet":{"background-color":"","background-image":"","background-repeat":"repeat","background-position":"center center","background-size":"auto","background-attachment":"scroll","background-type":"","background-media":"","overlay-type":"","overlay-color":"","overlay-opacity":"","overlay-gradient":""},"mobile":{"background-color":"","background-image":"","background-repeat":"repeat","background-position":"center center","background-size":"auto","background-attachment":"scroll","background-type":"","background-media":"","overlay-type":"","overlay-color":"","overlay-opacity":"","overlay-gradient":""}},"ast-content-background-meta":{"desktop":{"background-color":"var(--ast-global-color-5)","background-image":"","background-repeat":"repeat","background-position":"center center","background-size":"auto","background-attachment":"scroll","background-type":"","background-media":"","overlay-type":"","overlay-color":"","overlay-opacity":"","overlay-gradient":""},"tablet":{"background-color":"var(--ast-global-color-5)","background-image":"","background-repeat":"repeat","background-position":"center center","background-size":"auto","background-attachment":"scroll","background-type":"","background-media":"","overlay-type":"","overlay-color":"","overlay-opacity":"","overlay-gradient":""},"mobile":{"background-color":"var(--ast-global-color-5)","background-image":"","background-repeat":"repeat","background-position":"center center","background-size":"auto","background-attachment":"scroll","background-type":"","background-media":"","overlay-type":"","overlay-color":"","overlay-opacity":"","overlay-gradient":""}},"_joinchat":[],"footnotes":""},"categories":[31,16,59],"tags":[],"class_list":["post-2955","post","type-post","status-publish","format-standard","has-post-thumbnail","hentry","category-campana","category-industria","category-sinor"],"yoast_head":"<!-- This site is optimized with the Yoast SEO plugin v27.5 - https:\/\/yoast.com\/product\/yoast-seo-wordpress\/ -->\n<title>TECNOLOG\u00cdA, SOSTENIBILIDAD E INNOVACI\u00d3N - NEWS<\/title>\n<meta name=\"robots\" content=\"index, follow, max-snippet:-1, max-image-preview:large, max-video-preview:-1\" \/>\n<link rel=\"canonical\" href=\"https:\/\/cademaprop.com.ar\/blog\/tecnologia-sostenibilidad-e-innovacion\/\" \/>\n<meta property=\"og:locale\" content=\"es_MX\" \/>\n<meta property=\"og:type\" content=\"article\" \/>\n<meta property=\"og:title\" content=\"TECNOLOG\u00cdA, SOSTENIBILIDAD E INNOVACI\u00d3N - NEWS\" \/>\n<meta property=\"og:description\" content=\"Segunda edici\u00f3n del Sal\u00f3n Inmobiliario Corredor Norte (SINOR) Se desarrollar\u00e1 el 15 de mayo en el Sal\u00f3n Houssay del Sofitel Cardales. En un espacio conformado para poder cocrear y conectar, se reunir\u00e1n desarrolladores, inversores, consultores, agentes, instituciones y emprendedores del sector, con el objetivo de impulsar el desarrollo urbano y comercial de una de las [&hellip;]\" \/>\n<meta property=\"og:url\" content=\"https:\/\/cademaprop.com.ar\/blog\/tecnologia-sostenibilidad-e-innovacion\/\" \/>\n<meta property=\"og:site_name\" content=\"NEWS\" \/>\n<meta property=\"article:publisher\" content=\"https:\/\/www.facebook.com\/inmobiliariacadema\" \/>\n<meta property=\"article:published_time\" content=\"2025-05-02T17:27:43+00:00\" \/>\n<meta property=\"article:modified_time\" content=\"2025-06-04T17:32:00+00:00\" \/>\n<meta property=\"og:image\" content=\"https:\/\/cademaprop.com.ar\/blog\/wp-content\/uploads\/2025\/06\/IMG-20250430-WA0025.jpg\" \/>\n\t<meta property=\"og:image:width\" content=\"1600\" \/>\n\t<meta property=\"og:image:height\" content=\"900\" \/>\n\t<meta property=\"og:image:type\" content=\"image\/jpeg\" \/>\n<meta name=\"author\" content=\"Cadema Bienes Ra\u00edces\" \/>\n<meta name=\"twitter:card\" content=\"summary_large_image\" \/>\n<meta name=\"twitter:creator\" content=\"@InmoCadema\" \/>\n<meta name=\"twitter:site\" content=\"@InmoCadema\" \/>\n<meta name=\"twitter:label1\" content=\"Escrito por\" \/>\n\t<meta name=\"twitter:data1\" content=\"Cadema Bienes Ra\u00edces\" \/>\n\t<meta name=\"twitter:label2\" content=\"Tiempo de lectura\" \/>\n\t<meta name=\"twitter:data2\" content=\"3 minutos\" \/>\n<script type=\"application\/ld+json\" class=\"yoast-schema-graph\">{\"@context\":\"https:\\\/\\\/schema.org\",\"@graph\":[{\"@type\":\"Article\",\"@id\":\"https:\\\/\\\/cademaprop.com.ar\\\/blog\\\/tecnologia-sostenibilidad-e-innovacion\\\/#article\",\"isPartOf\":{\"@id\":\"https:\\\/\\\/cademaprop.com.ar\\\/blog\\\/tecnologia-sostenibilidad-e-innovacion\\\/\"},\"author\":{\"name\":\"Cadema Bienes Ra\u00edces\",\"@id\":\"https:\\\/\\\/cademaprop.com.ar\\\/blog\\\/#\\\/schema\\\/person\\\/bf1e8554d62db91bc0110bd8b2c68625\"},\"headline\":\"TECNOLOG\u00cdA, SOSTENIBILIDAD E INNOVACI\u00d3N\",\"datePublished\":\"2025-05-02T17:27:43+00:00\",\"dateModified\":\"2025-06-04T17:32:00+00:00\",\"mainEntityOfPage\":{\"@id\":\"https:\\\/\\\/cademaprop.com.ar\\\/blog\\\/tecnologia-sostenibilidad-e-innovacion\\\/\"},\"wordCount\":481,\"publisher\":{\"@id\":\"https:\\\/\\\/cademaprop.com.ar\\\/blog\\\/#organization\"},\"image\":{\"@id\":\"https:\\\/\\\/cademaprop.com.ar\\\/blog\\\/tecnologia-sostenibilidad-e-innovacion\\\/#primaryimage\"},\"thumbnailUrl\":\"https:\\\/\\\/cademaprop.com.ar\\\/blog\\\/wp-content\\\/uploads\\\/2025\\\/06\\\/IMG-20250430-WA0025.jpg\",\"articleSection\":[\"Campana\",\"Industria\",\"SINOR\"],\"inLanguage\":\"es\"},{\"@type\":\"WebPage\",\"@id\":\"https:\\\/\\\/cademaprop.com.ar\\\/blog\\\/tecnologia-sostenibilidad-e-innovacion\\\/\",\"url\":\"https:\\\/\\\/cademaprop.com.ar\\\/blog\\\/tecnologia-sostenibilidad-e-innovacion\\\/\",\"name\":\"TECNOLOG\u00cdA, SOSTENIBILIDAD E INNOVACI\u00d3N - NEWS\",\"isPartOf\":{\"@id\":\"https:\\\/\\\/cademaprop.com.ar\\\/blog\\\/#website\"},\"primaryImageOfPage\":{\"@id\":\"https:\\\/\\\/cademaprop.com.ar\\\/blog\\\/tecnologia-sostenibilidad-e-innovacion\\\/#primaryimage\"},\"image\":{\"@id\":\"https:\\\/\\\/cademaprop.com.ar\\\/blog\\\/tecnologia-sostenibilidad-e-innovacion\\\/#primaryimage\"},\"thumbnailUrl\":\"https:\\\/\\\/cademaprop.com.ar\\\/blog\\\/wp-content\\\/uploads\\\/2025\\\/06\\\/IMG-20250430-WA0025.jpg\",\"datePublished\":\"2025-05-02T17:27:43+00:00\",\"dateModified\":\"2025-06-04T17:32:00+00:00\",\"breadcrumb\":{\"@id\":\"https:\\\/\\\/cademaprop.com.ar\\\/blog\\\/tecnologia-sostenibilidad-e-innovacion\\\/#breadcrumb\"},\"inLanguage\":\"es\",\"potentialAction\":[{\"@type\":\"ReadAction\",\"target\":[\"https:\\\/\\\/cademaprop.com.ar\\\/blog\\\/tecnologia-sostenibilidad-e-innovacion\\\/\"]}]},{\"@type\":\"ImageObject\",\"inLanguage\":\"es\",\"@id\":\"https:\\\/\\\/cademaprop.com.ar\\\/blog\\\/tecnologia-sostenibilidad-e-innovacion\\\/#primaryimage\",\"url\":\"https:\\\/\\\/cademaprop.com.ar\\\/blog\\\/wp-content\\\/uploads\\\/2025\\\/06\\\/IMG-20250430-WA0025.jpg\",\"contentUrl\":\"https:\\\/\\\/cademaprop.com.ar\\\/blog\\\/wp-content\\\/uploads\\\/2025\\\/06\\\/IMG-20250430-WA0025.jpg\",\"width\":1600,\"height\":900},{\"@type\":\"BreadcrumbList\",\"@id\":\"https:\\\/\\\/cademaprop.com.ar\\\/blog\\\/tecnologia-sostenibilidad-e-innovacion\\\/#breadcrumb\",\"itemListElement\":[{\"@type\":\"ListItem\",\"position\":1,\"name\":\"Inicio\",\"item\":\"https:\\\/\\\/cademaprop.com.ar\\\/blog\\\/\"},{\"@type\":\"ListItem\",\"position\":2,\"name\":\"TECNOLOG\u00cdA, SOSTENIBILIDAD E INNOVACI\u00d3N\"}]},{\"@type\":\"WebSite\",\"@id\":\"https:\\\/\\\/cademaprop.com.ar\\\/blog\\\/#website\",\"url\":\"https:\\\/\\\/cademaprop.com.ar\\\/blog\\\/\",\"name\":\"CADEMA NEWS\",\"description\":\"\",\"publisher\":{\"@id\":\"https:\\\/\\\/cademaprop.com.ar\\\/blog\\\/#organization\"},\"potentialAction\":[{\"@type\":\"SearchAction\",\"target\":{\"@type\":\"EntryPoint\",\"urlTemplate\":\"https:\\\/\\\/cademaprop.com.ar\\\/blog\\\/?s={search_term_string}\"},\"query-input\":{\"@type\":\"PropertyValueSpecification\",\"valueRequired\":true,\"valueName\":\"search_term_string\"}}],\"inLanguage\":\"es\"},{\"@type\":\"Organization\",\"@id\":\"https:\\\/\\\/cademaprop.com.ar\\\/blog\\\/#organization\",\"name\":\"INMOBILIARIA CADEMA\",\"url\":\"https:\\\/\\\/cademaprop.com.ar\\\/blog\\\/\",\"logo\":{\"@type\":\"ImageObject\",\"inLanguage\":\"es\",\"@id\":\"https:\\\/\\\/cademaprop.com.ar\\\/blog\\\/#\\\/schema\\\/logo\\\/image\\\/\",\"url\":\"https:\\\/\\\/cademaprop.com.ar\\\/blog\\\/wp-content\\\/uploads\\\/2024\\\/01\\\/CDN-Logo-Full-Color.png\",\"contentUrl\":\"https:\\\/\\\/cademaprop.com.ar\\\/blog\\\/wp-content\\\/uploads\\\/2024\\\/01\\\/CDN-Logo-Full-Color.png\",\"width\":4410,\"height\":1418,\"caption\":\"INMOBILIARIA CADEMA\"},\"image\":{\"@id\":\"https:\\\/\\\/cademaprop.com.ar\\\/blog\\\/#\\\/schema\\\/logo\\\/image\\\/\"},\"sameAs\":[\"https:\\\/\\\/www.facebook.com\\\/inmobiliariacadema\",\"https:\\\/\\\/x.com\\\/InmoCadema\",\"https:\\\/\\\/www.instagram.com\\\/inmobiliariacadema\",\"https:\\\/\\\/www.threads.net\\\/@inmobiliariacadema\",\"https:\\\/\\\/www.tiktok.com\\\/@inmobiliariacadema\"]},{\"@type\":\"Person\",\"@id\":\"https:\\\/\\\/cademaprop.com.ar\\\/blog\\\/#\\\/schema\\\/person\\\/bf1e8554d62db91bc0110bd8b2c68625\",\"name\":\"Cadema Bienes Ra\u00edces\",\"image\":{\"@type\":\"ImageObject\",\"inLanguage\":\"es\",\"@id\":\"https:\\\/\\\/secure.gravatar.com\\\/avatar\\\/dcf94633e3fe61607b8d5ead2fbb04c595474c581edee9a1c8c801464d64e4af?s=96&r=g\",\"url\":\"https:\\\/\\\/secure.gravatar.com\\\/avatar\\\/dcf94633e3fe61607b8d5ead2fbb04c595474c581edee9a1c8c801464d64e4af?s=96&r=g\",\"contentUrl\":\"https:\\\/\\\/secure.gravatar.com\\\/avatar\\\/dcf94633e3fe61607b8d5ead2fbb04c595474c581edee9a1c8c801464d64e4af?s=96&r=g\",\"caption\":\"Cadema Bienes Ra\u00edces\"},\"description\":\"Nuestra prioridad es lograr una s\u00edntesis equilibrada entre las necesidades del comprador y los requerimientos del vendedor. Con m\u00e1s de seis d\u00e9cadas de experiencia, nos enorgullece ser la empresa l\u00edder en el \u00e1mbito inmobiliario de la ciudad de Campana. Especializados en la venta de inmuebles y desarrollos urbanos e industriales, hemos marcado nuestro camino con dedicaci\u00f3n y excelencia. En el a\u00f1o 2024 celebramos nuestro 60\u00ba aniversario, reflejando nuestra constante b\u00fasqueda de vanguardia tecnol\u00f3gica para enfrentar los desaf\u00edos del mercado.\",\"sameAs\":[\"https:\\\/\\\/www.cademaprop.com.ar\\\/\"],\"url\":\"https:\\\/\\\/cademaprop.com.ar\\\/blog\\\/author\\\/mar0015\\\/\"}]}<\/script>\n<!-- \/ Yoast SEO plugin. -->","yoast_head_json":{"title":"TECNOLOG\u00cdA, SOSTENIBILIDAD E INNOVACI\u00d3N - NEWS","robots":{"index":"index","follow":"follow","max-snippet":"max-snippet:-1","max-image-preview":"max-image-preview:large","max-video-preview":"max-video-preview:-1"},"canonical":"https:\/\/cademaprop.com.ar\/blog\/tecnologia-sostenibilidad-e-innovacion\/","og_locale":"es_MX","og_type":"article","og_title":"TECNOLOG\u00cdA, SOSTENIBILIDAD E INNOVACI\u00d3N - NEWS","og_description":"Segunda edici\u00f3n del Sal\u00f3n Inmobiliario Corredor Norte (SINOR) Se desarrollar\u00e1 el 15 de mayo en el Sal\u00f3n Houssay del Sofitel Cardales. En un espacio conformado para poder cocrear y conectar, se reunir\u00e1n desarrolladores, inversores, consultores, agentes, instituciones y emprendedores del sector, con el objetivo de impulsar el desarrollo urbano y comercial de una de las [&hellip;]","og_url":"https:\/\/cademaprop.com.ar\/blog\/tecnologia-sostenibilidad-e-innovacion\/","og_site_name":"NEWS","article_publisher":"https:\/\/www.facebook.com\/inmobiliariacadema","article_published_time":"2025-05-02T17:27:43+00:00","article_modified_time":"2025-06-04T17:32:00+00:00","og_image":[{"width":1600,"height":900,"url":"https:\/\/cademaprop.com.ar\/blog\/wp-content\/uploads\/2025\/06\/IMG-20250430-WA0025.jpg","type":"image\/jpeg"}],"author":"Cadema Bienes Ra\u00edces","twitter_card":"summary_large_image","twitter_creator":"@InmoCadema","twitter_site":"@InmoCadema","twitter_misc":{"Escrito por":"Cadema Bienes Ra\u00edces","Tiempo de lectura":"3 minutos"},"schema":{"@context":"https:\/\/schema.org","@graph":[{"@type":"Article","@id":"https:\/\/cademaprop.com.ar\/blog\/tecnologia-sostenibilidad-e-innovacion\/#article","isPartOf":{"@id":"https:\/\/cademaprop.com.ar\/blog\/tecnologia-sostenibilidad-e-innovacion\/"},"author":{"name":"Cadema Bienes Ra\u00edces","@id":"https:\/\/cademaprop.com.ar\/blog\/#\/schema\/person\/bf1e8554d62db91bc0110bd8b2c68625"},"headline":"TECNOLOG\u00cdA, SOSTENIBILIDAD E INNOVACI\u00d3N","datePublished":"2025-05-02T17:27:43+00:00","dateModified":"2025-06-04T17:32:00+00:00","mainEntityOfPage":{"@id":"https:\/\/cademaprop.com.ar\/blog\/tecnologia-sostenibilidad-e-innovacion\/"},"wordCount":481,"publisher":{"@id":"https:\/\/cademaprop.com.ar\/blog\/#organization"},"image":{"@id":"https:\/\/cademaprop.com.ar\/blog\/tecnologia-sostenibilidad-e-innovacion\/#primaryimage"},"thumbnailUrl":"https:\/\/cademaprop.com.ar\/blog\/wp-content\/uploads\/2025\/06\/IMG-20250430-WA0025.jpg","articleSection":["Campana","Industria","SINOR"],"inLanguage":"es"},{"@type":"WebPage","@id":"https:\/\/cademaprop.com.ar\/blog\/tecnologia-sostenibilidad-e-innovacion\/","url":"https:\/\/cademaprop.com.ar\/blog\/tecnologia-sostenibilidad-e-innovacion\/","name":"TECNOLOG\u00cdA, SOSTENIBILIDAD E INNOVACI\u00d3N - NEWS","isPartOf":{"@id":"https:\/\/cademaprop.com.ar\/blog\/#website"},"primaryImageOfPage":{"@id":"https:\/\/cademaprop.com.ar\/blog\/tecnologia-sostenibilidad-e-innovacion\/#primaryimage"},"image":{"@id":"https:\/\/cademaprop.com.ar\/blog\/tecnologia-sostenibilidad-e-innovacion\/#primaryimage"},"thumbnailUrl":"https:\/\/cademaprop.com.ar\/blog\/wp-content\/uploads\/2025\/06\/IMG-20250430-WA0025.jpg","datePublished":"2025-05-02T17:27:43+00:00","dateModified":"2025-06-04T17:32:00+00:00","breadcrumb":{"@id":"https:\/\/cademaprop.com.ar\/blog\/tecnologia-sostenibilidad-e-innovacion\/#breadcrumb"},"inLanguage":"es","potentialAction":[{"@type":"ReadAction","target":["https:\/\/cademaprop.com.ar\/blog\/tecnologia-sostenibilidad-e-innovacion\/"]}]},{"@type":"ImageObject","inLanguage":"es","@id":"https:\/\/cademaprop.com.ar\/blog\/tecnologia-sostenibilidad-e-innovacion\/#primaryimage","url":"https:\/\/cademaprop.com.ar\/blog\/wp-content\/uploads\/2025\/06\/IMG-20250430-WA0025.jpg","contentUrl":"https:\/\/cademaprop.com.ar\/blog\/wp-content\/uploads\/2025\/06\/IMG-20250430-WA0025.jpg","width":1600,"height":900},{"@type":"BreadcrumbList","@id":"https:\/\/cademaprop.com.ar\/blog\/tecnologia-sostenibilidad-e-innovacion\/#breadcrumb","itemListElement":[{"@type":"ListItem","position":1,"name":"Inicio","item":"https:\/\/cademaprop.com.ar\/blog\/"},{"@type":"ListItem","position":2,"name":"TECNOLOG\u00cdA, SOSTENIBILIDAD E INNOVACI\u00d3N"}]},{"@type":"WebSite","@id":"https:\/\/cademaprop.com.ar\/blog\/#website","url":"https:\/\/cademaprop.com.ar\/blog\/","name":"CADEMA NEWS","description":"","publisher":{"@id":"https:\/\/cademaprop.com.ar\/blog\/#organization"},"potentialAction":[{"@type":"SearchAction","target":{"@type":"EntryPoint","urlTemplate":"https:\/\/cademaprop.com.ar\/blog\/?s={search_term_string}"},"query-input":{"@type":"PropertyValueSpecification","valueRequired":true,"valueName":"search_term_string"}}],"inLanguage":"es"},{"@type":"Organization","@id":"https:\/\/cademaprop.com.ar\/blog\/#organization","name":"INMOBILIARIA CADEMA","url":"https:\/\/cademaprop.com.ar\/blog\/","logo":{"@type":"ImageObject","inLanguage":"es","@id":"https:\/\/cademaprop.com.ar\/blog\/#\/schema\/logo\/image\/","url":"https:\/\/cademaprop.com.ar\/blog\/wp-content\/uploads\/2024\/01\/CDN-Logo-Full-Color.png","contentUrl":"https:\/\/cademaprop.com.ar\/blog\/wp-content\/uploads\/2024\/01\/CDN-Logo-Full-Color.png","width":4410,"height":1418,"caption":"INMOBILIARIA CADEMA"},"image":{"@id":"https:\/\/cademaprop.com.ar\/blog\/#\/schema\/logo\/image\/"},"sameAs":["https:\/\/www.facebook.com\/inmobiliariacadema","https:\/\/x.com\/InmoCadema","https:\/\/www.instagram.com\/inmobiliariacadema","https:\/\/www.threads.net\/@inmobiliariacadema","https:\/\/www.tiktok.com\/@inmobiliariacadema"]},{"@type":"Person","@id":"https:\/\/cademaprop.com.ar\/blog\/#\/schema\/person\/bf1e8554d62db91bc0110bd8b2c68625","name":"Cadema Bienes Ra\u00edces","image":{"@type":"ImageObject","inLanguage":"es","@id":"https:\/\/secure.gravatar.com\/avatar\/dcf94633e3fe61607b8d5ead2fbb04c595474c581edee9a1c8c801464d64e4af?s=96&r=g","url":"https:\/\/secure.gravatar.com\/avatar\/dcf94633e3fe61607b8d5ead2fbb04c595474c581edee9a1c8c801464d64e4af?s=96&r=g","contentUrl":"https:\/\/secure.gravatar.com\/avatar\/dcf94633e3fe61607b8d5ead2fbb04c595474c581edee9a1c8c801464d64e4af?s=96&r=g","caption":"Cadema Bienes Ra\u00edces"},"description":"Nuestra prioridad es lograr una s\u00edntesis equilibrada entre las necesidades del comprador y los requerimientos del vendedor. Con m\u00e1s de seis d\u00e9cadas de experiencia, nos enorgullece ser la empresa l\u00edder en el \u00e1mbito inmobiliario de la ciudad de Campana. Especializados en la venta de inmuebles y desarrollos urbanos e industriales, hemos marcado nuestro camino con dedicaci\u00f3n y excelencia. En el a\u00f1o 2024 celebramos nuestro 60\u00ba aniversario, reflejando nuestra constante b\u00fasqueda de vanguardia tecnol\u00f3gica para enfrentar los desaf\u00edos del mercado.","sameAs":["https:\/\/www.cademaprop.com.ar\/"],"url":"https:\/\/cademaprop.com.ar\/blog\/author\/mar0015\/"}]}},"_links":{"self":[{"href":"https:\/\/cademaprop.com.ar\/blog\/wp-json\/wp\/v2\/posts\/2955","targetHints":{"allow":["GET"]}}],"collection":[{"href":"https:\/\/cademaprop.com.ar\/blog\/wp-json\/wp\/v2\/posts"}],"about":[{"href":"https:\/\/cademaprop.com.ar\/blog\/wp-json\/wp\/v2\/types\/post"}],"author":[{"embeddable":true,"href":"https:\/\/cademaprop.com.ar\/blog\/wp-json\/wp\/v2\/users\/2"}],"replies":[{"embeddable":true,"href":"https:\/\/cademaprop.com.ar\/blog\/wp-json\/wp\/v2\/comments?post=2955"}],"version-history":[{"count":0,"href":"https:\/\/cademaprop.com.ar\/blog\/wp-json\/wp\/v2\/posts\/2955\/revisions"}],"wp:featuredmedia":[{"embeddable":true,"href":"https:\/\/cademaprop.com.ar\/blog\/wp-json\/wp\/v2\/media\/2956"}],"wp:attachment":[{"href":"https:\/\/cademaprop.com.ar\/blog\/wp-json\/wp\/v2\/media?parent=2955"}],"wp:term":[{"taxonomy":"category","embeddable":true,"href":"https:\/\/cademaprop.com.ar\/blog\/wp-json\/wp\/v2\/categories?post=2955"},{"taxonomy":"post_tag","embeddable":true,"href":"https:\/\/cademaprop.com.ar\/blog\/wp-json\/wp\/v2\/tags?post=2955"}],"curies":[{"name":"wp","href":"https:\/\/api.w.org\/{rel}","templated":true}]}}