{"id":3002,"date":"2025-07-21T18:39:47","date_gmt":"2025-07-21T21:39:47","guid":{"rendered":"https:\/\/cademaprop.com.ar\/blog\/?p=3002"},"modified":"2025-08-01T21:13:17","modified_gmt":"2025-08-02T00:13:17","slug":"cadema-industrias-acompanamos-el-crecimiento-industrial-con-estrategia-y-cercania","status":"publish","type":"post","link":"https:\/\/cademaprop.com.ar\/blog\/cadema-industrias-acompanamos-el-crecimiento-industrial-con-estrategia-y-cercania\/","title":{"rendered":"CADEMA INDUSTRIAS: &#8220;ACOMPA\u00d1AMOS EL CRECIMIENTO INDUSTRIAL CON ESTRATEGIA Y CERCAN\u00cdA&#8221;"},"content":{"rendered":"\n<p>La <a href=\"https:\/\/cademaprop.com.ar\/parque-industrial\/centro-logistico-consultor-inmobiliario-empresas-venta-alquiler-fracciones-galpones\/\">Divisi\u00f3n Industrial<\/a> de <a href=\"https:\/\/cademaprop.com.ar\/blog\/\">Cadema <\/a>naci\u00f3 con un prop\u00f3sito claro: acompa\u00f1ar a las peque\u00f1as, medianas y grandes empresas en su proceso de expansi\u00f3n, con una mirada estrat\u00e9gica, profesional y profundamente humana. Bajo la coordinaci\u00f3n de <a href=\"https:\/\/www.instagram.com\/alejandro.torres.industria\/?hl=es\">Alejandro Torres Hotton<\/a>, este sector ha desarrollado una metodolog\u00eda de trabajo basada en tres ejes fundamentales: conocimiento, relaciones y gesti\u00f3n comercial.<br><\/p>\n\n\n\n<p><strong>Conocer el mercado, clave para tomar decisiones<\/strong><\/p>\n\n\n\n<p>El eje del conocimiento es el punto de partida. Desde el an\u00e1lisis de valores por metro cuadrado hasta el seguimiento de costos constructivos, disponibilidad de lotes y beneficios impositivos, el equipo de Cadema Industrias construye una base de datos robusta y actualizada para asesorar con solidez a cada cliente.<br><\/p>\n\n\n\n<blockquote class=\"wp-block-quote is-layout-flow wp-block-quote-is-layout-flow\">\n<p class=\"has-text-color has-link-color wp-elements-a17ea36cf765a781802e8c1268dbc3e1\" style=\"color:#c60c23;font-size:25px\"><em>&#8220;Tenemos informaci\u00f3n t\u00e9cnica y financiera que nos permite acompa\u00f1ar decisiones clave, como elegir entre construir en un parque industrial o buscar una nave ya desarrollada, por ejemplo. Recabamos datos sobre construcci\u00f3n, servicios, costos de expensas, tasas municipales y mucho m\u00e1s&#8221;<\/em><\/p>\n\n\n\n<p><em>explica Alejandro.<\/em><\/p>\n<\/blockquote>\n\n\n\n<p><strong>Relaciones que abren puertas<\/strong><\/p>\n\n\n\n<p>La experiencia de Cadema en el mercado, con m\u00e1s de 60 a\u00f1os de trayectoria, permite acceder a una red de contactos amplia y activa: desarrolladores, administradores de parques industriales, colegas de otras zonas y entidades del sector.<br><\/p>\n\n\n\n<blockquote class=\"wp-block-quote is-layout-flow wp-block-quote-is-layout-flow\">\n<p class=\"has-text-color has-link-color wp-elements-086e1ed57b35080b9f7aff247dbc450c\" style=\"color:#c60c23;font-size:25px\"><em>\u201cParticipamos activamente del <a href=\"https:\/\/ciali.org\/\">CIALI, Consejo Inmobiliario Log\u00edstico Industrial<\/a>, que nuclea a martilleros y corredores especializados. En ese espacio compartimos b\u00fasquedas, conectamos oportunidades y colaboramos entre colegas para ofrecer las mejores soluciones a nuestros clientes\u201d <\/em><\/p>\n\n\n\n<p><em>cuenta Alejandro.<br><\/em><\/p>\n<\/blockquote>\n\n\n\n<figure class=\"wp-block-gallery has-nested-images columns-default wp-block-gallery-1 is-layout-flex wp-block-gallery-is-layout-flex\">\n<figure class=\"wp-block-image size-large\"><a href=\"https:\/\/cademaprop.com.ar\/blog\/wp-content\/uploads\/2025\/07\/IMG_1584-1-scaled.jpg\"><img fetchpriority=\"high\" decoding=\"async\" width=\"768\" height=\"1024\" data-id=\"3012\" src=\"https:\/\/cademaprop.com.ar\/blog\/wp-content\/uploads\/2025\/07\/IMG_1584-1-768x1024.jpg\" alt=\"\" class=\"wp-image-3012\" srcset=\"https:\/\/cademaprop.com.ar\/blog\/wp-content\/uploads\/2025\/07\/IMG_1584-1-768x1024.jpg 768w, https:\/\/cademaprop.com.ar\/blog\/wp-content\/uploads\/2025\/07\/IMG_1584-1-225x300.jpg 225w, https:\/\/cademaprop.com.ar\/blog\/wp-content\/uploads\/2025\/07\/IMG_1584-1-1152x1536.jpg 1152w, https:\/\/cademaprop.com.ar\/blog\/wp-content\/uploads\/2025\/07\/IMG_1584-1-1536x2048.jpg 1536w, https:\/\/cademaprop.com.ar\/blog\/wp-content\/uploads\/2025\/07\/IMG_1584-1-scaled.jpg 1920w\" sizes=\"(max-width: 768px) 100vw, 768px\" \/><\/a><\/figure>\n\n\n\n<figure class=\"wp-block-image size-large\"><a href=\"https:\/\/cademaprop.com.ar\/blog\/wp-content\/uploads\/2025\/07\/IMG_0717-1-scaled.jpg\"><img decoding=\"async\" width=\"768\" height=\"1024\" data-id=\"3011\" src=\"https:\/\/cademaprop.com.ar\/blog\/wp-content\/uploads\/2025\/07\/IMG_0717-1-768x1024.jpg\" alt=\"\" class=\"wp-image-3011\" srcset=\"https:\/\/cademaprop.com.ar\/blog\/wp-content\/uploads\/2025\/07\/IMG_0717-1-768x1024.jpg 768w, https:\/\/cademaprop.com.ar\/blog\/wp-content\/uploads\/2025\/07\/IMG_0717-1-225x300.jpg 225w, https:\/\/cademaprop.com.ar\/blog\/wp-content\/uploads\/2025\/07\/IMG_0717-1-1152x1536.jpg 1152w, https:\/\/cademaprop.com.ar\/blog\/wp-content\/uploads\/2025\/07\/IMG_0717-1-1536x2048.jpg 1536w, https:\/\/cademaprop.com.ar\/blog\/wp-content\/uploads\/2025\/07\/IMG_0717-1-scaled.jpg 1920w\" sizes=\"(max-width: 768px) 100vw, 768px\" \/><\/a><\/figure>\n\n\n\n<figure class=\"wp-block-image size-large\"><a href=\"https:\/\/cademaprop.com.ar\/blog\/wp-content\/uploads\/2025\/07\/Screenshot_116.jpg\"><img decoding=\"async\" width=\"609\" height=\"812\" data-id=\"3013\" src=\"https:\/\/cademaprop.com.ar\/blog\/wp-content\/uploads\/2025\/07\/Screenshot_116-edited.jpg\" alt=\"\" class=\"wp-image-3013\" srcset=\"https:\/\/cademaprop.com.ar\/blog\/wp-content\/uploads\/2025\/07\/Screenshot_116-edited.jpg 609w, https:\/\/cademaprop.com.ar\/blog\/wp-content\/uploads\/2025\/07\/Screenshot_116-edited-225x300.jpg 225w\" sizes=\"(max-width: 609px) 100vw, 609px\" \/><\/a><\/figure>\n<\/figure>\n\n\n\n<p><strong>Comercializaci\u00f3n con mirada estrat\u00e9gica<\/strong><\/p>\n\n\n\n<p>El tercer eje, el comercial, abarca el trabajo diario de contacto con empresas, relevamiento de naves y lotes disponibles, visitas, reuniones y todo lo relacionado con la promoci\u00f3n de propiedades. Pero en Cadema Industrias, la comercializaci\u00f3n no es solo publicar: es comprender la necesidad de fondo y construir un v\u00ednculo.<br><\/p>\n\n\n\n<blockquote class=\"wp-block-quote is-layout-flow wp-block-quote-is-layout-flow\">\n<p class=\"has-text-color has-link-color wp-elements-a3f69b189d87d65ccbf18f2a575035dd\" style=\"color:#c60c23;font-size:25px\"><em>&#8220;Trabajamos con clientes que est\u00e1n en pleno crecimiento y necesitan tomar decisiones estrat\u00e9gicas. A veces tienen en mente un destino y, despu\u00e9s de evaluar opciones, descubren otra posibilidad m\u00e1s conveniente. Nosotros los acompa\u00f1amos con toda la informaci\u00f3n y la experiencia para que elijan bien&#8221;<\/em><\/p>\n\n\n\n<p>agrega Alejandro.<\/p>\n<\/blockquote>\n\n\n\n<p><strong>Una historia que deja huella<\/strong><\/p>\n\n\n\n<p>Una de las primeras experiencias de Alejandro en el \u00e1rea industrial fue con una empresa autopartista, ubicada en el coraz\u00f3n de un barrio residencial en Tigre. Con m\u00e1s de 200 empleados, maquinaria pesada y log\u00edstica intensa, necesitaban con urgencia relocalizarse.<\/p>\n\n\n\n<blockquote class=\"wp-block-quote is-layout-flow wp-block-quote-is-layout-flow\">\n<p class=\"has-text-color has-link-color wp-elements-f3855bab4f79499235bf1c78f2088d11\" style=\"color:#c60c23;font-size:25px\"><em>\u201cEllos quer\u00edan ir a Gar\u00edn, pero nosotros propusimos tambi\u00e9n opciones en Campana y en el Parque Industrial Ruta 6, ubicado en Exaltaci\u00f3n de la Cruz. Despu\u00e9s de evaluar presupuestos y reuniones con municipios, eligieron esta \u00faltima opci\u00f3n, que ni siquiera ten\u00edan en el radar\u201d <\/em><\/p>\n\n\n\n<p><em>recuerda Alejandro.<\/em><\/p>\n<\/blockquote>\n\n\n\n<p>El momento m\u00e1s emotivo fue cuando el fundador de la empresa, ya retirado y con m\u00e1s de 80 a\u00f1os, pidi\u00f3 recorrer el parque un domingo. Fue \u00e9l quien dio la aprobaci\u00f3n final para avanzar con la inversi\u00f3n. \u201cEse gesto demuestra c\u00f3mo el crecimiento empresarial est\u00e1 profundamente ligado a historias personales, a ra\u00edces, a decisiones que dejan huella\u201d, concluye.<br><\/p>\n\n\n\n<p><strong>\u00bfTu empresa est\u00e1 lista para dar el pr\u00f3ximo paso?<\/strong><\/p>\n\n\n\n<p>Desde Cadema Industrias acompa\u00f1amos cada proyecto con informaci\u00f3n estrat\u00e9gica, v\u00ednculos s\u00f3lidos y un profundo conocimiento del mercado. Si est\u00e1s evaluando ampliar tu operaci\u00f3n, relocalizarte o invertir en una nave o lote industrial, escribinos. Tenemos una amplia cartera de opciones y un equipo preparado para asesorarte.<br><\/p>\n\n\n\n<ul class=\"wp-block-list\">\n<li>Visit\u00e1 nuestra web para m\u00e1s informaci\u00f3n:<a href=\"http:\/\/cademaprop.com.ar\/industrias\"> cademaprop.com.ar\/industrias<\/a><\/li>\n\n\n\n<li>O escribinos a nuestro Whatsapp: <a href=\"https:\/\/wa.me\/5493489517998\">+54 9 3489 517998 <\/a><\/li>\n<\/ul>\n\n\n\n<hr class=\"wp-block-separator has-alpha-channel-opacity is-style-wide\" style=\"margin-top:var(--wp--preset--spacing--70);margin-bottom:var(--wp--preset--spacing--70)\"\/>\n\n\n\n<p>Cadema Bienes Ra\u00edces<\/p>\n\n\n\n<p>Av Varela 420, Campana<\/p>\n\n\n\n<p><a href=\"https:\/\/wa.me\/5493489517990\" target=\"_blank\" rel=\"noreferrer noopener\">+54 9 3489 517990<\/a><\/p>\n\n\n\n<p><a href=\"https:\/\/instagram.com\/cademabienesraices\">@cademabienesraices<\/a><\/p>\n\n\n\n<p><a href=\"http:\/\/www.cademaprop.com.ar\">www.cademaprop.com.ar<\/a><\/p>\n\n\n\n<p>Corredor responsable Bruno Catardi, CMZC Leg. Col. N 528.<\/p>\n\n\n\n<hr class=\"wp-block-separator has-alpha-channel-opacity is-style-wide\" style=\"margin-top:var(--wp--preset--spacing--70);margin-bottom:var(--wp--preset--spacing--70)\"\/>\n\n\n\n<p><\/p>\n","protected":false},"excerpt":{"rendered":"<p>La Divisi\u00f3n Industrial de Cadema naci\u00f3 con un prop\u00f3sito claro: acompa\u00f1ar a las peque\u00f1as, medianas y grandes empresas en su proceso de expansi\u00f3n, con una mirada estrat\u00e9gica, profesional y profundamente humana. Bajo la coordinaci\u00f3n de Alejandro Torres Hotton, este sector ha desarrollado una metodolog\u00eda de trabajo basada en tres ejes fundamentales: conocimiento, relaciones y gesti\u00f3n [&hellip;]<\/p>\n","protected":false},"author":2,"featured_media":2989,"comment_status":"closed","ping_status":"closed","sticky":false,"template":"","format":"standard","meta":{"site-sidebar-layout":"default","site-content-layout":"","ast-site-content-layout":"default","site-content-style":"default","site-sidebar-style":"default","ast-global-header-display":"","ast-banner-title-visibility":"","ast-main-header-display":"","ast-hfb-above-header-display":"","ast-hfb-below-header-display":"","ast-hfb-mobile-header-display":"","site-post-title":"","ast-breadcrumbs-content":"","ast-featured-img":"","footer-sml-layout":"","theme-transparent-header-meta":"","adv-header-id-meta":"","stick-header-meta":"","header-above-stick-meta":"","header-main-stick-meta":"","header-below-stick-meta":"","astra-migrate-meta-layouts":"default","ast-page-background-enabled":"default","ast-page-background-meta":{"desktop":{"background-color":"","background-image":"","background-repeat":"repeat","background-position":"center center","background-size":"auto","background-attachment":"scroll","background-type":"","background-media":"","overlay-type":"","overlay-color":"","overlay-opacity":"","overlay-gradient":""},"tablet":{"background-color":"","background-image":"","background-repeat":"repeat","background-position":"center center","background-size":"auto","background-attachment":"scroll","background-type":"","background-media":"","overlay-type":"","overlay-color":"","overlay-opacity":"","overlay-gradient":""},"mobile":{"background-color":"","background-image":"","background-repeat":"repeat","background-position":"center center","background-size":"auto","background-attachment":"scroll","background-type":"","background-media":"","overlay-type":"","overlay-color":"","overlay-opacity":"","overlay-gradient":""}},"ast-content-background-meta":{"desktop":{"background-color":"var(--ast-global-color-5)","background-image":"","background-repeat":"repeat","background-position":"center center","background-size":"auto","background-attachment":"scroll","background-type":"","background-media":"","overlay-type":"","overlay-color":"","overlay-opacity":"","overlay-gradient":""},"tablet":{"background-color":"var(--ast-global-color-5)","background-image":"","background-repeat":"repeat","background-position":"center center","background-size":"auto","background-attachment":"scroll","background-type":"","background-media":"","overlay-type":"","overlay-color":"","overlay-opacity":"","overlay-gradient":""},"mobile":{"background-color":"var(--ast-global-color-5)","background-image":"","background-repeat":"repeat","background-position":"center center","background-size":"auto","background-attachment":"scroll","background-type":"","background-media":"","overlay-type":"","overlay-color":"","overlay-opacity":"","overlay-gradient":""}},"_joinchat":[],"footnotes":""},"categories":[31,7,16,36],"tags":[57,61,54,19,69],"class_list":["post-3002","post","type-post","status-publish","format-standard","has-post-thumbnail","hentry","category-campana","category-entrevistas","category-industria","category-parque-industrial","tag-campana","tag-corredor-norte","tag-desarrollo","tag-destacado","tag-industria"],"yoast_head":"<!-- This site is optimized with the Yoast SEO plugin v27.5 - https:\/\/yoast.com\/product\/yoast-seo-wordpress\/ -->\n<title>CADEMA INDUSTRIAS: &quot;ACOMPA\u00d1AMOS EL CRECIMIENTO INDUSTRIAL CON ESTRATEGIA Y CERCAN\u00cdA&quot; - NEWS<\/title>\n<meta name=\"robots\" content=\"index, follow, max-snippet:-1, max-image-preview:large, max-video-preview:-1\" \/>\n<link rel=\"canonical\" href=\"https:\/\/cademaprop.com.ar\/blog\/cadema-industrias-acompanamos-el-crecimiento-industrial-con-estrategia-y-cercania\/\" \/>\n<meta property=\"og:locale\" content=\"es_MX\" \/>\n<meta property=\"og:type\" content=\"article\" \/>\n<meta property=\"og:title\" content=\"CADEMA INDUSTRIAS: &quot;ACOMPA\u00d1AMOS EL CRECIMIENTO INDUSTRIAL CON ESTRATEGIA Y CERCAN\u00cdA&quot; - NEWS\" \/>\n<meta property=\"og:description\" content=\"La Divisi\u00f3n Industrial de Cadema naci\u00f3 con un prop\u00f3sito claro: acompa\u00f1ar a las peque\u00f1as, medianas y grandes empresas en su proceso de expansi\u00f3n, con una mirada estrat\u00e9gica, profesional y profundamente humana. Bajo la coordinaci\u00f3n de Alejandro Torres Hotton, este sector ha desarrollado una metodolog\u00eda de trabajo basada en tres ejes fundamentales: conocimiento, relaciones y gesti\u00f3n [&hellip;]\" \/>\n<meta property=\"og:url\" content=\"https:\/\/cademaprop.com.ar\/blog\/cadema-industrias-acompanamos-el-crecimiento-industrial-con-estrategia-y-cercania\/\" \/>\n<meta property=\"og:site_name\" content=\"NEWS\" \/>\n<meta property=\"article:publisher\" content=\"https:\/\/www.facebook.com\/inmobiliariacadema\" \/>\n<meta property=\"article:published_time\" content=\"2025-07-21T21:39:47+00:00\" \/>\n<meta property=\"article:modified_time\" content=\"2025-08-02T00:13:17+00:00\" \/>\n<meta property=\"og:image\" content=\"https:\/\/cademaprop.com.ar\/blog\/wp-content\/uploads\/2025\/07\/IMG_4732-edited-1-scaled-e1753133258564.jpg\" \/>\n\t<meta property=\"og:image:width\" content=\"1920\" \/>\n\t<meta property=\"og:image:height\" content=\"1596\" \/>\n\t<meta property=\"og:image:type\" content=\"image\/jpeg\" \/>\n<meta name=\"author\" content=\"Cadema Bienes Ra\u00edces\" \/>\n<meta name=\"twitter:card\" content=\"summary_large_image\" \/>\n<meta name=\"twitter:creator\" content=\"@InmoCadema\" \/>\n<meta name=\"twitter:site\" content=\"@InmoCadema\" \/>\n<meta name=\"twitter:label1\" content=\"Escrito por\" \/>\n\t<meta name=\"twitter:data1\" content=\"Cadema Bienes Ra\u00edces\" \/>\n\t<meta name=\"twitter:label2\" content=\"Tiempo de lectura\" \/>\n\t<meta name=\"twitter:data2\" content=\"3 minutos\" \/>\n<script type=\"application\/ld+json\" class=\"yoast-schema-graph\">{\"@context\":\"https:\\\/\\\/schema.org\",\"@graph\":[{\"@type\":\"Article\",\"@id\":\"https:\\\/\\\/cademaprop.com.ar\\\/blog\\\/cadema-industrias-acompanamos-el-crecimiento-industrial-con-estrategia-y-cercania\\\/#article\",\"isPartOf\":{\"@id\":\"https:\\\/\\\/cademaprop.com.ar\\\/blog\\\/cadema-industrias-acompanamos-el-crecimiento-industrial-con-estrategia-y-cercania\\\/\"},\"author\":{\"name\":\"Cadema Bienes Ra\u00edces\",\"@id\":\"https:\\\/\\\/cademaprop.com.ar\\\/blog\\\/#\\\/schema\\\/person\\\/bf1e8554d62db91bc0110bd8b2c68625\"},\"headline\":\"CADEMA INDUSTRIAS: &#8220;ACOMPA\u00d1AMOS EL CRECIMIENTO INDUSTRIAL CON ESTRATEGIA Y CERCAN\u00cdA&#8221;\",\"datePublished\":\"2025-07-21T21:39:47+00:00\",\"dateModified\":\"2025-08-02T00:13:17+00:00\",\"mainEntityOfPage\":{\"@id\":\"https:\\\/\\\/cademaprop.com.ar\\\/blog\\\/cadema-industrias-acompanamos-el-crecimiento-industrial-con-estrategia-y-cercania\\\/\"},\"wordCount\":634,\"publisher\":{\"@id\":\"https:\\\/\\\/cademaprop.com.ar\\\/blog\\\/#organization\"},\"image\":{\"@id\":\"https:\\\/\\\/cademaprop.com.ar\\\/blog\\\/cadema-industrias-acompanamos-el-crecimiento-industrial-con-estrategia-y-cercania\\\/#primaryimage\"},\"thumbnailUrl\":\"https:\\\/\\\/cademaprop.com.ar\\\/blog\\\/wp-content\\\/uploads\\\/2025\\\/07\\\/IMG_4732-edited-1-scaled-e1753133258564.jpg\",\"keywords\":[\"campana\",\"Corredor Norte\",\"desarrollo\",\"Destacado\",\"industria\"],\"articleSection\":[\"Campana\",\"Entrevistas\",\"Industria\",\"Parque Industrial\"],\"inLanguage\":\"es\"},{\"@type\":\"WebPage\",\"@id\":\"https:\\\/\\\/cademaprop.com.ar\\\/blog\\\/cadema-industrias-acompanamos-el-crecimiento-industrial-con-estrategia-y-cercania\\\/\",\"url\":\"https:\\\/\\\/cademaprop.com.ar\\\/blog\\\/cadema-industrias-acompanamos-el-crecimiento-industrial-con-estrategia-y-cercania\\\/\",\"name\":\"CADEMA INDUSTRIAS: \\\"ACOMPA\u00d1AMOS EL CRECIMIENTO INDUSTRIAL CON ESTRATEGIA Y CERCAN\u00cdA\\\" - NEWS\",\"isPartOf\":{\"@id\":\"https:\\\/\\\/cademaprop.com.ar\\\/blog\\\/#website\"},\"primaryImageOfPage\":{\"@id\":\"https:\\\/\\\/cademaprop.com.ar\\\/blog\\\/cadema-industrias-acompanamos-el-crecimiento-industrial-con-estrategia-y-cercania\\\/#primaryimage\"},\"image\":{\"@id\":\"https:\\\/\\\/cademaprop.com.ar\\\/blog\\\/cadema-industrias-acompanamos-el-crecimiento-industrial-con-estrategia-y-cercania\\\/#primaryimage\"},\"thumbnailUrl\":\"https:\\\/\\\/cademaprop.com.ar\\\/blog\\\/wp-content\\\/uploads\\\/2025\\\/07\\\/IMG_4732-edited-1-scaled-e1753133258564.jpg\",\"datePublished\":\"2025-07-21T21:39:47+00:00\",\"dateModified\":\"2025-08-02T00:13:17+00:00\",\"breadcrumb\":{\"@id\":\"https:\\\/\\\/cademaprop.com.ar\\\/blog\\\/cadema-industrias-acompanamos-el-crecimiento-industrial-con-estrategia-y-cercania\\\/#breadcrumb\"},\"inLanguage\":\"es\",\"potentialAction\":[{\"@type\":\"ReadAction\",\"target\":[\"https:\\\/\\\/cademaprop.com.ar\\\/blog\\\/cadema-industrias-acompanamos-el-crecimiento-industrial-con-estrategia-y-cercania\\\/\"]}]},{\"@type\":\"ImageObject\",\"inLanguage\":\"es\",\"@id\":\"https:\\\/\\\/cademaprop.com.ar\\\/blog\\\/cadema-industrias-acompanamos-el-crecimiento-industrial-con-estrategia-y-cercania\\\/#primaryimage\",\"url\":\"https:\\\/\\\/cademaprop.com.ar\\\/blog\\\/wp-content\\\/uploads\\\/2025\\\/07\\\/IMG_4732-edited-1-scaled-e1753133258564.jpg\",\"contentUrl\":\"https:\\\/\\\/cademaprop.com.ar\\\/blog\\\/wp-content\\\/uploads\\\/2025\\\/07\\\/IMG_4732-edited-1-scaled-e1753133258564.jpg\",\"width\":1920,\"height\":1596},{\"@type\":\"BreadcrumbList\",\"@id\":\"https:\\\/\\\/cademaprop.com.ar\\\/blog\\\/cadema-industrias-acompanamos-el-crecimiento-industrial-con-estrategia-y-cercania\\\/#breadcrumb\",\"itemListElement\":[{\"@type\":\"ListItem\",\"position\":1,\"name\":\"Inicio\",\"item\":\"https:\\\/\\\/cademaprop.com.ar\\\/blog\\\/\"},{\"@type\":\"ListItem\",\"position\":2,\"name\":\"CADEMA INDUSTRIAS: &#8220;ACOMPA\u00d1AMOS EL CRECIMIENTO INDUSTRIAL CON ESTRATEGIA Y CERCAN\u00cdA&#8221;\"}]},{\"@type\":\"WebSite\",\"@id\":\"https:\\\/\\\/cademaprop.com.ar\\\/blog\\\/#website\",\"url\":\"https:\\\/\\\/cademaprop.com.ar\\\/blog\\\/\",\"name\":\"CADEMA NEWS\",\"description\":\"\",\"publisher\":{\"@id\":\"https:\\\/\\\/cademaprop.com.ar\\\/blog\\\/#organization\"},\"potentialAction\":[{\"@type\":\"SearchAction\",\"target\":{\"@type\":\"EntryPoint\",\"urlTemplate\":\"https:\\\/\\\/cademaprop.com.ar\\\/blog\\\/?s={search_term_string}\"},\"query-input\":{\"@type\":\"PropertyValueSpecification\",\"valueRequired\":true,\"valueName\":\"search_term_string\"}}],\"inLanguage\":\"es\"},{\"@type\":\"Organization\",\"@id\":\"https:\\\/\\\/cademaprop.com.ar\\\/blog\\\/#organization\",\"name\":\"INMOBILIARIA CADEMA\",\"url\":\"https:\\\/\\\/cademaprop.com.ar\\\/blog\\\/\",\"logo\":{\"@type\":\"ImageObject\",\"inLanguage\":\"es\",\"@id\":\"https:\\\/\\\/cademaprop.com.ar\\\/blog\\\/#\\\/schema\\\/logo\\\/image\\\/\",\"url\":\"https:\\\/\\\/cademaprop.com.ar\\\/blog\\\/wp-content\\\/uploads\\\/2024\\\/01\\\/CDN-Logo-Full-Color.png\",\"contentUrl\":\"https:\\\/\\\/cademaprop.com.ar\\\/blog\\\/wp-content\\\/uploads\\\/2024\\\/01\\\/CDN-Logo-Full-Color.png\",\"width\":4410,\"height\":1418,\"caption\":\"INMOBILIARIA CADEMA\"},\"image\":{\"@id\":\"https:\\\/\\\/cademaprop.com.ar\\\/blog\\\/#\\\/schema\\\/logo\\\/image\\\/\"},\"sameAs\":[\"https:\\\/\\\/www.facebook.com\\\/inmobiliariacadema\",\"https:\\\/\\\/x.com\\\/InmoCadema\",\"https:\\\/\\\/www.instagram.com\\\/inmobiliariacadema\",\"https:\\\/\\\/www.threads.net\\\/@inmobiliariacadema\",\"https:\\\/\\\/www.tiktok.com\\\/@inmobiliariacadema\"]},{\"@type\":\"Person\",\"@id\":\"https:\\\/\\\/cademaprop.com.ar\\\/blog\\\/#\\\/schema\\\/person\\\/bf1e8554d62db91bc0110bd8b2c68625\",\"name\":\"Cadema Bienes Ra\u00edces\",\"image\":{\"@type\":\"ImageObject\",\"inLanguage\":\"es\",\"@id\":\"https:\\\/\\\/secure.gravatar.com\\\/avatar\\\/dcf94633e3fe61607b8d5ead2fbb04c595474c581edee9a1c8c801464d64e4af?s=96&r=g\",\"url\":\"https:\\\/\\\/secure.gravatar.com\\\/avatar\\\/dcf94633e3fe61607b8d5ead2fbb04c595474c581edee9a1c8c801464d64e4af?s=96&r=g\",\"contentUrl\":\"https:\\\/\\\/secure.gravatar.com\\\/avatar\\\/dcf94633e3fe61607b8d5ead2fbb04c595474c581edee9a1c8c801464d64e4af?s=96&r=g\",\"caption\":\"Cadema Bienes Ra\u00edces\"},\"description\":\"Nuestra prioridad es lograr una s\u00edntesis equilibrada entre las necesidades del comprador y los requerimientos del vendedor. Con m\u00e1s de seis d\u00e9cadas de experiencia, nos enorgullece ser la empresa l\u00edder en el \u00e1mbito inmobiliario de la ciudad de Campana. Especializados en la venta de inmuebles y desarrollos urbanos e industriales, hemos marcado nuestro camino con dedicaci\u00f3n y excelencia. En el a\u00f1o 2024 celebramos nuestro 60\u00ba aniversario, reflejando nuestra constante b\u00fasqueda de vanguardia tecnol\u00f3gica para enfrentar los desaf\u00edos del mercado.\",\"sameAs\":[\"https:\\\/\\\/www.cademaprop.com.ar\\\/\"],\"url\":\"https:\\\/\\\/cademaprop.com.ar\\\/blog\\\/author\\\/mar0015\\\/\"}]}<\/script>\n<!-- \/ Yoast SEO plugin. -->","yoast_head_json":{"title":"CADEMA INDUSTRIAS: \"ACOMPA\u00d1AMOS EL CRECIMIENTO INDUSTRIAL CON ESTRATEGIA Y CERCAN\u00cdA\" - NEWS","robots":{"index":"index","follow":"follow","max-snippet":"max-snippet:-1","max-image-preview":"max-image-preview:large","max-video-preview":"max-video-preview:-1"},"canonical":"https:\/\/cademaprop.com.ar\/blog\/cadema-industrias-acompanamos-el-crecimiento-industrial-con-estrategia-y-cercania\/","og_locale":"es_MX","og_type":"article","og_title":"CADEMA INDUSTRIAS: \"ACOMPA\u00d1AMOS EL CRECIMIENTO INDUSTRIAL CON ESTRATEGIA Y CERCAN\u00cdA\" - NEWS","og_description":"La Divisi\u00f3n Industrial de Cadema naci\u00f3 con un prop\u00f3sito claro: acompa\u00f1ar a las peque\u00f1as, medianas y grandes empresas en su proceso de expansi\u00f3n, con una mirada estrat\u00e9gica, profesional y profundamente humana. Bajo la coordinaci\u00f3n de Alejandro Torres Hotton, este sector ha desarrollado una metodolog\u00eda de trabajo basada en tres ejes fundamentales: conocimiento, relaciones y gesti\u00f3n [&hellip;]","og_url":"https:\/\/cademaprop.com.ar\/blog\/cadema-industrias-acompanamos-el-crecimiento-industrial-con-estrategia-y-cercania\/","og_site_name":"NEWS","article_publisher":"https:\/\/www.facebook.com\/inmobiliariacadema","article_published_time":"2025-07-21T21:39:47+00:00","article_modified_time":"2025-08-02T00:13:17+00:00","og_image":[{"width":1920,"height":1596,"url":"https:\/\/cademaprop.com.ar\/blog\/wp-content\/uploads\/2025\/07\/IMG_4732-edited-1-scaled-e1753133258564.jpg","type":"image\/jpeg"}],"author":"Cadema Bienes Ra\u00edces","twitter_card":"summary_large_image","twitter_creator":"@InmoCadema","twitter_site":"@InmoCadema","twitter_misc":{"Escrito por":"Cadema Bienes Ra\u00edces","Tiempo de lectura":"3 minutos"},"schema":{"@context":"https:\/\/schema.org","@graph":[{"@type":"Article","@id":"https:\/\/cademaprop.com.ar\/blog\/cadema-industrias-acompanamos-el-crecimiento-industrial-con-estrategia-y-cercania\/#article","isPartOf":{"@id":"https:\/\/cademaprop.com.ar\/blog\/cadema-industrias-acompanamos-el-crecimiento-industrial-con-estrategia-y-cercania\/"},"author":{"name":"Cadema Bienes Ra\u00edces","@id":"https:\/\/cademaprop.com.ar\/blog\/#\/schema\/person\/bf1e8554d62db91bc0110bd8b2c68625"},"headline":"CADEMA INDUSTRIAS: &#8220;ACOMPA\u00d1AMOS EL CRECIMIENTO INDUSTRIAL CON ESTRATEGIA Y CERCAN\u00cdA&#8221;","datePublished":"2025-07-21T21:39:47+00:00","dateModified":"2025-08-02T00:13:17+00:00","mainEntityOfPage":{"@id":"https:\/\/cademaprop.com.ar\/blog\/cadema-industrias-acompanamos-el-crecimiento-industrial-con-estrategia-y-cercania\/"},"wordCount":634,"publisher":{"@id":"https:\/\/cademaprop.com.ar\/blog\/#organization"},"image":{"@id":"https:\/\/cademaprop.com.ar\/blog\/cadema-industrias-acompanamos-el-crecimiento-industrial-con-estrategia-y-cercania\/#primaryimage"},"thumbnailUrl":"https:\/\/cademaprop.com.ar\/blog\/wp-content\/uploads\/2025\/07\/IMG_4732-edited-1-scaled-e1753133258564.jpg","keywords":["campana","Corredor Norte","desarrollo","Destacado","industria"],"articleSection":["Campana","Entrevistas","Industria","Parque Industrial"],"inLanguage":"es"},{"@type":"WebPage","@id":"https:\/\/cademaprop.com.ar\/blog\/cadema-industrias-acompanamos-el-crecimiento-industrial-con-estrategia-y-cercania\/","url":"https:\/\/cademaprop.com.ar\/blog\/cadema-industrias-acompanamos-el-crecimiento-industrial-con-estrategia-y-cercania\/","name":"CADEMA INDUSTRIAS: \"ACOMPA\u00d1AMOS EL CRECIMIENTO INDUSTRIAL CON ESTRATEGIA Y CERCAN\u00cdA\" - NEWS","isPartOf":{"@id":"https:\/\/cademaprop.com.ar\/blog\/#website"},"primaryImageOfPage":{"@id":"https:\/\/cademaprop.com.ar\/blog\/cadema-industrias-acompanamos-el-crecimiento-industrial-con-estrategia-y-cercania\/#primaryimage"},"image":{"@id":"https:\/\/cademaprop.com.ar\/blog\/cadema-industrias-acompanamos-el-crecimiento-industrial-con-estrategia-y-cercania\/#primaryimage"},"thumbnailUrl":"https:\/\/cademaprop.com.ar\/blog\/wp-content\/uploads\/2025\/07\/IMG_4732-edited-1-scaled-e1753133258564.jpg","datePublished":"2025-07-21T21:39:47+00:00","dateModified":"2025-08-02T00:13:17+00:00","breadcrumb":{"@id":"https:\/\/cademaprop.com.ar\/blog\/cadema-industrias-acompanamos-el-crecimiento-industrial-con-estrategia-y-cercania\/#breadcrumb"},"inLanguage":"es","potentialAction":[{"@type":"ReadAction","target":["https:\/\/cademaprop.com.ar\/blog\/cadema-industrias-acompanamos-el-crecimiento-industrial-con-estrategia-y-cercania\/"]}]},{"@type":"ImageObject","inLanguage":"es","@id":"https:\/\/cademaprop.com.ar\/blog\/cadema-industrias-acompanamos-el-crecimiento-industrial-con-estrategia-y-cercania\/#primaryimage","url":"https:\/\/cademaprop.com.ar\/blog\/wp-content\/uploads\/2025\/07\/IMG_4732-edited-1-scaled-e1753133258564.jpg","contentUrl":"https:\/\/cademaprop.com.ar\/blog\/wp-content\/uploads\/2025\/07\/IMG_4732-edited-1-scaled-e1753133258564.jpg","width":1920,"height":1596},{"@type":"BreadcrumbList","@id":"https:\/\/cademaprop.com.ar\/blog\/cadema-industrias-acompanamos-el-crecimiento-industrial-con-estrategia-y-cercania\/#breadcrumb","itemListElement":[{"@type":"ListItem","position":1,"name":"Inicio","item":"https:\/\/cademaprop.com.ar\/blog\/"},{"@type":"ListItem","position":2,"name":"CADEMA INDUSTRIAS: &#8220;ACOMPA\u00d1AMOS EL CRECIMIENTO INDUSTRIAL CON ESTRATEGIA Y CERCAN\u00cdA&#8221;"}]},{"@type":"WebSite","@id":"https:\/\/cademaprop.com.ar\/blog\/#website","url":"https:\/\/cademaprop.com.ar\/blog\/","name":"CADEMA NEWS","description":"","publisher":{"@id":"https:\/\/cademaprop.com.ar\/blog\/#organization"},"potentialAction":[{"@type":"SearchAction","target":{"@type":"EntryPoint","urlTemplate":"https:\/\/cademaprop.com.ar\/blog\/?s={search_term_string}"},"query-input":{"@type":"PropertyValueSpecification","valueRequired":true,"valueName":"search_term_string"}}],"inLanguage":"es"},{"@type":"Organization","@id":"https:\/\/cademaprop.com.ar\/blog\/#organization","name":"INMOBILIARIA CADEMA","url":"https:\/\/cademaprop.com.ar\/blog\/","logo":{"@type":"ImageObject","inLanguage":"es","@id":"https:\/\/cademaprop.com.ar\/blog\/#\/schema\/logo\/image\/","url":"https:\/\/cademaprop.com.ar\/blog\/wp-content\/uploads\/2024\/01\/CDN-Logo-Full-Color.png","contentUrl":"https:\/\/cademaprop.com.ar\/blog\/wp-content\/uploads\/2024\/01\/CDN-Logo-Full-Color.png","width":4410,"height":1418,"caption":"INMOBILIARIA CADEMA"},"image":{"@id":"https:\/\/cademaprop.com.ar\/blog\/#\/schema\/logo\/image\/"},"sameAs":["https:\/\/www.facebook.com\/inmobiliariacadema","https:\/\/x.com\/InmoCadema","https:\/\/www.instagram.com\/inmobiliariacadema","https:\/\/www.threads.net\/@inmobiliariacadema","https:\/\/www.tiktok.com\/@inmobiliariacadema"]},{"@type":"Person","@id":"https:\/\/cademaprop.com.ar\/blog\/#\/schema\/person\/bf1e8554d62db91bc0110bd8b2c68625","name":"Cadema Bienes Ra\u00edces","image":{"@type":"ImageObject","inLanguage":"es","@id":"https:\/\/secure.gravatar.com\/avatar\/dcf94633e3fe61607b8d5ead2fbb04c595474c581edee9a1c8c801464d64e4af?s=96&r=g","url":"https:\/\/secure.gravatar.com\/avatar\/dcf94633e3fe61607b8d5ead2fbb04c595474c581edee9a1c8c801464d64e4af?s=96&r=g","contentUrl":"https:\/\/secure.gravatar.com\/avatar\/dcf94633e3fe61607b8d5ead2fbb04c595474c581edee9a1c8c801464d64e4af?s=96&r=g","caption":"Cadema Bienes Ra\u00edces"},"description":"Nuestra prioridad es lograr una s\u00edntesis equilibrada entre las necesidades del comprador y los requerimientos del vendedor. Con m\u00e1s de seis d\u00e9cadas de experiencia, nos enorgullece ser la empresa l\u00edder en el \u00e1mbito inmobiliario de la ciudad de Campana. Especializados en la venta de inmuebles y desarrollos urbanos e industriales, hemos marcado nuestro camino con dedicaci\u00f3n y excelencia. En el a\u00f1o 2024 celebramos nuestro 60\u00ba aniversario, reflejando nuestra constante b\u00fasqueda de vanguardia tecnol\u00f3gica para enfrentar los desaf\u00edos del mercado.","sameAs":["https:\/\/www.cademaprop.com.ar\/"],"url":"https:\/\/cademaprop.com.ar\/blog\/author\/mar0015\/"}]}},"_links":{"self":[{"href":"https:\/\/cademaprop.com.ar\/blog\/wp-json\/wp\/v2\/posts\/3002","targetHints":{"allow":["GET"]}}],"collection":[{"href":"https:\/\/cademaprop.com.ar\/blog\/wp-json\/wp\/v2\/posts"}],"about":[{"href":"https:\/\/cademaprop.com.ar\/blog\/wp-json\/wp\/v2\/types\/post"}],"author":[{"embeddable":true,"href":"https:\/\/cademaprop.com.ar\/blog\/wp-json\/wp\/v2\/users\/2"}],"replies":[{"embeddable":true,"href":"https:\/\/cademaprop.com.ar\/blog\/wp-json\/wp\/v2\/comments?post=3002"}],"version-history":[{"count":0,"href":"https:\/\/cademaprop.com.ar\/blog\/wp-json\/wp\/v2\/posts\/3002\/revisions"}],"wp:featuredmedia":[{"embeddable":true,"href":"https:\/\/cademaprop.com.ar\/blog\/wp-json\/wp\/v2\/media\/2989"}],"wp:attachment":[{"href":"https:\/\/cademaprop.com.ar\/blog\/wp-json\/wp\/v2\/media?parent=3002"}],"wp:term":[{"taxonomy":"category","embeddable":true,"href":"https:\/\/cademaprop.com.ar\/blog\/wp-json\/wp\/v2\/categories?post=3002"},{"taxonomy":"post_tag","embeddable":true,"href":"https:\/\/cademaprop.com.ar\/blog\/wp-json\/wp\/v2\/tags?post=3002"}],"curies":[{"name":"wp","href":"https:\/\/api.w.org\/{rel}","templated":true}]}}