{"id":3501,"date":"2025-09-16T11:02:18","date_gmt":"2025-09-16T14:02:18","guid":{"rendered":"https:\/\/cademaprop.com.ar\/blog\/?p=3501"},"modified":"2025-10-28T22:55:06","modified_gmt":"2025-10-29T01:55:06","slug":"corredor-norte-la-gran-promesa-industrial-y-residencial-de-argentina","status":"publish","type":"post","link":"https:\/\/cademaprop.com.ar\/blog\/corredor-norte-la-gran-promesa-industrial-y-residencial-de-argentina\/","title":{"rendered":"CORREDOR NORTE: LA GRAN PROMESA INDUSTRIAL Y RESIDENCIAL DE ARGENTINA"},"content":{"rendered":"\n<p>En una entrevista reciente, <strong><a href=\"https:\/\/www.instagram.com\/rolocadema\/?hl=es\">Rolando Cafferatta<\/a>, Director de <a href=\"https:\/\/cademaprop.com.ar\/\">Cadema Bienes Ra\u00edces<\/a><\/strong>, comparti\u00f3 su mirada sobre el presente y futuro del Corredor Norte (Campana, Z\u00e1rate y Exaltaci\u00f3n de la Cruz) una de las zonas de mayor crecimiento del pa\u00eds en materia industrial y residencial.<\/p>\n\n\n\n<p><strong>El potencial del Corredor Norte<\/strong><\/p>\n\n\n\n<p>Para Cafferatta, el Corredor Norte re\u00fane condiciones \u00fanicas que lo posicionan como el nuevo polo de desarrollo:<\/p>\n\n\n\n<blockquote class=\"wp-block-quote is-layout-flow wp-block-quote-is-layout-flow\">\n<p class=\"has-text-color has-link-color has-medium-font-size wp-elements-ba6c6deb4819b861dbbea99f08ce6042\" style=\"color:#c60c23\"><em>\u201cEs un lugar estrat\u00e9gico: tenemos cercan\u00eda a la Ciudad de Buenos Aires, conexi\u00f3n directa con las rutas principales, acceso al puerto de Z\u00e1rate y una tradici\u00f3n industrial instalada. Todo eso convierte a la regi\u00f3n en un im\u00e1n para nuevas inversiones.\u201d<\/em><\/p>\n<\/blockquote>\n\n\n\n<figure class=\"wp-block-gallery has-nested-images columns-default is-cropped wp-block-gallery-1 is-layout-flex wp-block-gallery-is-layout-flex\">\n<figure class=\"wp-block-image size-large\"><a href=\"https:\/\/cademaprop.com.ar\/blog\/wp-content\/uploads\/2025\/09\/DJI_0205-scaled.jpg\"><img fetchpriority=\"high\" decoding=\"async\" width=\"1024\" height=\"683\" data-id=\"3508\" src=\"https:\/\/cademaprop.com.ar\/blog\/wp-content\/uploads\/2025\/09\/DJI_0205-1024x683.jpg\" alt=\"\" class=\"wp-image-3508\" srcset=\"https:\/\/cademaprop.com.ar\/blog\/wp-content\/uploads\/2025\/09\/DJI_0205-1024x683.jpg 1024w, https:\/\/cademaprop.com.ar\/blog\/wp-content\/uploads\/2025\/09\/DJI_0205-300x200.jpg 300w, https:\/\/cademaprop.com.ar\/blog\/wp-content\/uploads\/2025\/09\/DJI_0205-768x512.jpg 768w, https:\/\/cademaprop.com.ar\/blog\/wp-content\/uploads\/2025\/09\/DJI_0205-1536x1024.jpg 1536w, https:\/\/cademaprop.com.ar\/blog\/wp-content\/uploads\/2025\/09\/DJI_0205-2048x1365.jpg 2048w, https:\/\/cademaprop.com.ar\/blog\/wp-content\/uploads\/2025\/09\/DJI_0205-18x12.jpg 18w\" sizes=\"(max-width: 1024px) 100vw, 1024px\" \/><\/a><\/figure>\n\n\n\n<figure class=\"wp-block-image size-large\"><a href=\"https:\/\/cademaprop.com.ar\/blog\/wp-content\/uploads\/2025\/09\/DJI_0191-scaled.jpg\"><img decoding=\"async\" width=\"1024\" height=\"683\" data-id=\"3506\" src=\"https:\/\/cademaprop.com.ar\/blog\/wp-content\/uploads\/2025\/09\/DJI_0191-1024x683.jpg\" alt=\"\" class=\"wp-image-3506\" srcset=\"https:\/\/cademaprop.com.ar\/blog\/wp-content\/uploads\/2025\/09\/DJI_0191-1024x683.jpg 1024w, https:\/\/cademaprop.com.ar\/blog\/wp-content\/uploads\/2025\/09\/DJI_0191-300x200.jpg 300w, https:\/\/cademaprop.com.ar\/blog\/wp-content\/uploads\/2025\/09\/DJI_0191-768x512.jpg 768w, https:\/\/cademaprop.com.ar\/blog\/wp-content\/uploads\/2025\/09\/DJI_0191-1536x1024.jpg 1536w, https:\/\/cademaprop.com.ar\/blog\/wp-content\/uploads\/2025\/09\/DJI_0191-2048x1365.jpg 2048w, https:\/\/cademaprop.com.ar\/blog\/wp-content\/uploads\/2025\/09\/DJI_0191-18x12.jpg 18w\" sizes=\"(max-width: 1024px) 100vw, 1024px\" \/><\/a><\/figure>\n\n\n\n<figure class=\"wp-block-image size-large\"><a href=\"https:\/\/cademaprop.com.ar\/blog\/wp-content\/uploads\/2025\/09\/DJI_0189-scaled.jpg\"><img decoding=\"async\" width=\"1024\" height=\"683\" data-id=\"3507\" src=\"https:\/\/cademaprop.com.ar\/blog\/wp-content\/uploads\/2025\/09\/DJI_0189-1024x683.jpg\" alt=\"\" class=\"wp-image-3507\" srcset=\"https:\/\/cademaprop.com.ar\/blog\/wp-content\/uploads\/2025\/09\/DJI_0189-1024x683.jpg 1024w, https:\/\/cademaprop.com.ar\/blog\/wp-content\/uploads\/2025\/09\/DJI_0189-300x200.jpg 300w, https:\/\/cademaprop.com.ar\/blog\/wp-content\/uploads\/2025\/09\/DJI_0189-768x512.jpg 768w, https:\/\/cademaprop.com.ar\/blog\/wp-content\/uploads\/2025\/09\/DJI_0189-1536x1024.jpg 1536w, https:\/\/cademaprop.com.ar\/blog\/wp-content\/uploads\/2025\/09\/DJI_0189-2048x1365.jpg 2048w, https:\/\/cademaprop.com.ar\/blog\/wp-content\/uploads\/2025\/09\/DJI_0189-18x12.jpg 18w\" sizes=\"(max-width: 1024px) 100vw, 1024px\" \/><\/a><\/figure>\n<\/figure>\n\n\n\n<p>La combinaci\u00f3n de infraestructura log\u00edstica, apertura al comercio exterior y la cultura de trabajo ya consolidada en ciudades como Campana y Z\u00e1rate hacen que la regi\u00f3n est\u00e9 en el radar de los principales inversores.<\/p>\n\n\n\n<p>Rolando sostiene que el diferencial est\u00e1 en pensar a la regi\u00f3n no como un punto aislado, sino como un <strong>ecosistema integrado<\/strong> que conecta industrias, barrios, servicios y personas.<\/p>\n\n\n\n<blockquote class=\"wp-block-quote is-layout-flow wp-block-quote-is-layout-flow\">\n<p class=\"has-text-color has-link-color has-medium-font-size wp-elements-4306733687b10cfd501d2549a8a16bde\" style=\"color:#c60c23\"><em>\u201cHoy no se trata solo de vender tierra o galpones. Se trata de mostrar que hay un corredor con identidad propia, con historia industrial y con un futuro que ya est\u00e1 en marcha. Cuando uno mira el mapa y ve lo que pasa en Escobar, en Tigre, en Nordelta, es evidente que el crecimiento va hacia el norte. Nosotros somos la continuidad l\u00f3gica de ese desarrollo.\u201d<\/em><\/p>\n<\/blockquote>\n\n\n\n<p><strong>Una oportunidad para quienes apuestan a crecer<\/strong><\/p>\n\n\n\n<p>Otro aspecto que destaca es la <strong>predisposici\u00f3n de los municipios y autoridades locales<\/strong> para acompa\u00f1ar el desarrollo.<\/p>\n\n\n\n<blockquote class=\"wp-block-quote is-layout-flow wp-block-quote-is-layout-flow\">\n<p class=\"has-text-color has-link-color has-medium-font-size wp-elements-ce3ac6384a6ec602f5bd10093f303027\" style=\"color:#c60c23\"><em>\u201cEn la zona hay una voluntad muy clara de promover la industria y atraer capitales. Eso genera confianza, porque no se trata solo de comprar tierra: se trata de saber que hay un ecosistema que acompa\u00f1a.\u201d<\/em><\/p>\n<\/blockquote>\n\n\n\n<p>Esa articulaci\u00f3n p\u00fablico-privada es, seg\u00fan Cafferatta, uno de los pilares que explica por qu\u00e9 el Corredor Norte est\u00e1 ganando protagonismo. <em>\u201cCuando los intendentes entienden que atraer inversi\u00f3n significa m\u00e1s empleo, m\u00e1s movimiento econ\u00f3mico y m\u00e1s calidad de vida para la gente, todos ganamos.\u201d<\/em><\/p>\n\n\n\n<p><strong>Sectores con mayor proyecci\u00f3n<\/strong><\/p>\n\n\n\n<p>Entre los rubros con mayor potencial, Cafferatta menciona la log\u00edstica, el automotriz, la siderurgia y el petroqu\u00edmico.<br><\/p>\n\n\n\n<blockquote class=\"wp-block-quote is-layout-flow wp-block-quote-is-layout-flow\">\n<p class=\"has-text-color has-link-color has-medium-font-size wp-elements-028d58a7dae1b0b106843376bdc4203f\" style=\"color:#c60c23\"><em>\u201cEl avance de los bitrenes y la cercan\u00eda a grandes polos industriales hacen que la log\u00edstica y el transporte tengan un horizonte enorme. Y junto a ellos, toda la cadena de valor que se genera alrededor: proveedores, servicios, empleo.\u201d<\/em><\/p>\n<\/blockquote>\n\n\n\n<figure class=\"wp-block-gallery has-nested-images columns-default is-cropped wp-block-gallery-2 is-layout-flex wp-block-gallery-is-layout-flex\">\n<figure class=\"wp-block-image size-large\"><a href=\"https:\/\/cademaprop.com.ar\/blog\/wp-content\/uploads\/2025\/09\/DJI_0223-scaled.jpg\"><img loading=\"lazy\" decoding=\"async\" width=\"1024\" height=\"683\" data-id=\"3511\" src=\"https:\/\/cademaprop.com.ar\/blog\/wp-content\/uploads\/2025\/09\/DJI_0223-1024x683.jpg\" alt=\"\" class=\"wp-image-3511\" srcset=\"https:\/\/cademaprop.com.ar\/blog\/wp-content\/uploads\/2025\/09\/DJI_0223-1024x683.jpg 1024w, https:\/\/cademaprop.com.ar\/blog\/wp-content\/uploads\/2025\/09\/DJI_0223-300x200.jpg 300w, https:\/\/cademaprop.com.ar\/blog\/wp-content\/uploads\/2025\/09\/DJI_0223-768x512.jpg 768w, https:\/\/cademaprop.com.ar\/blog\/wp-content\/uploads\/2025\/09\/DJI_0223-1536x1024.jpg 1536w, https:\/\/cademaprop.com.ar\/blog\/wp-content\/uploads\/2025\/09\/DJI_0223-2048x1365.jpg 2048w, https:\/\/cademaprop.com.ar\/blog\/wp-content\/uploads\/2025\/09\/DJI_0223-18x12.jpg 18w\" sizes=\"(max-width: 1024px) 100vw, 1024px\" \/><\/a><\/figure>\n\n\n\n<figure class=\"wp-block-image size-large\"><a href=\"https:\/\/cademaprop.com.ar\/blog\/wp-content\/uploads\/2025\/09\/DJI_0257-scaled.jpg\"><img loading=\"lazy\" decoding=\"async\" width=\"1024\" height=\"683\" data-id=\"3512\" src=\"https:\/\/cademaprop.com.ar\/blog\/wp-content\/uploads\/2025\/09\/DJI_0257-1024x683.jpg\" alt=\"\" class=\"wp-image-3512\" srcset=\"https:\/\/cademaprop.com.ar\/blog\/wp-content\/uploads\/2025\/09\/DJI_0257-1024x683.jpg 1024w, https:\/\/cademaprop.com.ar\/blog\/wp-content\/uploads\/2025\/09\/DJI_0257-300x200.jpg 300w, https:\/\/cademaprop.com.ar\/blog\/wp-content\/uploads\/2025\/09\/DJI_0257-768x512.jpg 768w, https:\/\/cademaprop.com.ar\/blog\/wp-content\/uploads\/2025\/09\/DJI_0257-1536x1024.jpg 1536w, https:\/\/cademaprop.com.ar\/blog\/wp-content\/uploads\/2025\/09\/DJI_0257-2048x1365.jpg 2048w, https:\/\/cademaprop.com.ar\/blog\/wp-content\/uploads\/2025\/09\/DJI_0257-18x12.jpg 18w\" sizes=\"(max-width: 1024px) 100vw, 1024px\" \/><\/a><\/figure>\n\n\n\n<figure class=\"wp-block-image size-large\"><a href=\"https:\/\/cademaprop.com.ar\/blog\/wp-content\/uploads\/2025\/09\/DJI_0261-scaled.jpg\"><img loading=\"lazy\" decoding=\"async\" width=\"1024\" height=\"683\" data-id=\"3510\" src=\"https:\/\/cademaprop.com.ar\/blog\/wp-content\/uploads\/2025\/09\/DJI_0261-1024x683.jpg\" alt=\"\" class=\"wp-image-3510\" srcset=\"https:\/\/cademaprop.com.ar\/blog\/wp-content\/uploads\/2025\/09\/DJI_0261-1024x683.jpg 1024w, https:\/\/cademaprop.com.ar\/blog\/wp-content\/uploads\/2025\/09\/DJI_0261-300x200.jpg 300w, https:\/\/cademaprop.com.ar\/blog\/wp-content\/uploads\/2025\/09\/DJI_0261-768x512.jpg 768w, https:\/\/cademaprop.com.ar\/blog\/wp-content\/uploads\/2025\/09\/DJI_0261-1536x1024.jpg 1536w, https:\/\/cademaprop.com.ar\/blog\/wp-content\/uploads\/2025\/09\/DJI_0261-2048x1365.jpg 2048w, https:\/\/cademaprop.com.ar\/blog\/wp-content\/uploads\/2025\/09\/DJI_0261-18x12.jpg 18w\" sizes=\"(max-width: 1024px) 100vw, 1024px\" \/><\/a><\/figure>\n<\/figure>\n\n\n\n<p>Adem\u00e1s, se\u00f1ala que este crecimiento trae consigo un <strong>efecto multiplicador<\/strong>: cada empresa que se instala genera nuevas oportunidades para pymes locales, comercios y profesionales.<\/p>\n\n\n\n<blockquote class=\"wp-block-quote is-layout-flow wp-block-quote-is-layout-flow\">\n<p class=\"has-text-color has-link-color has-medium-font-size wp-elements-978a40479c0e834871d8a1e0e746c713\" style=\"color:#c60c23\"><em>\u201cCuando una automotriz ampl\u00eda su planta, no solo crece esa empresa: se mueven los proveedores, los talleres, los que ofrecen servicios de log\u00edstica, los que fabrican insumos. La econom\u00eda se pone en marcha de manera integral.\u201d<\/em><\/p>\n<\/blockquote>\n\n\n\n<p><strong>Un crecimiento que trasciende la industria<\/strong><\/p>\n\n\n\n<p>El impacto no se limita al sector industrial. El movimiento de empresas y trabajadores impulsa tambi\u00e9n la demanda de vivienda y de servicios asociados.<\/p>\n\n\n\n<blockquote class=\"wp-block-quote is-layout-flow wp-block-quote-is-layout-flow\">\n<p class=\"has-text-color has-link-color has-medium-font-size wp-elements-cb2290f906e6e02a47e26d476c5a78ba\" style=\"color:#c60c23\"><em>\u201cEstamos hablando de que cada a\u00f1o llegan cientos de nuevas familias a la zona. Eso abre oportunidades en salud, educaci\u00f3n, comercio y esparcimiento. Es un crecimiento integral que beneficia a toda la comunidad.\u201d<\/em><\/p>\n<\/blockquote>\n\n\n\n<p>Rolando enfatiza que la clave est\u00e1 en proyectar un <strong>desarrollo equilibrado<\/strong>: \u201cLa industria por s\u00ed sola no alcanza. Necesitamos barrios que crezcan con infraestructura, escuelas que acompa\u00f1en, hospitales que den respuesta, espacios de recreaci\u00f3n. Ese es el c\u00edrculo virtuoso que buscamos promover desde Cadema.\u201d<\/p>\n\n\n\n<p><strong>Cadema, acompa\u00f1ando cada paso<\/strong><\/p>\n\n\n\n<p>Con m\u00e1s de 60 a\u00f1os de trayectoria, Cadema se consolida como un socio estrat\u00e9gico para quienes buscan invertir en el Corredor Norte de&nbsp; Z\u00e1rate, Campana y Exaltaci\u00f3n de la Cruz.<\/p>\n\n\n\n<blockquote class=\"wp-block-quote is-layout-flow wp-block-quote-is-layout-flow\">\n<p class=\"has-text-color has-link-color has-medium-font-size wp-elements-c7df02e31d5f126840f04fe9188cc130\" style=\"color:#c60c23\"><em>\u201cNuestro rol es generar v\u00ednculos de confianza, asesorar con profesionalismo y conectar a los inversores con las mejores oportunidades. El Corredor Norte no es solo un buen lugar para invertir: es un lugar para proyectar futuro.\u201d<\/em><\/p>\n<\/blockquote>\n\n\n\n<p>Y agrega una idea que resume su visi\u00f3n:<\/p>\n\n\n\n<blockquote class=\"wp-block-quote is-layout-flow wp-block-quote-is-layout-flow\">\n<p class=\"has-text-color has-link-color has-medium-font-size wp-elements-205ce8484899430f7936b6869ea91fb8\" style=\"color:#c60c23\"><em>\u201cLa inversi\u00f3n inmobiliaria es mucho m\u00e1s que un negocio: es apostar por el crecimiento de una regi\u00f3n, por las familias que se instalan, por el empleo que se genera y por la calidad de vida que construimos entre todos.\u201d<\/em><\/p>\n<\/blockquote>\n\n\n\n<hr class=\"wp-block-separator has-alpha-channel-opacity is-style-wide\"\/>\n\n\n\n<p>Cadema Bienes Ra\u00edces<\/p>\n\n\n\n<p>Av Varela 420, Campana<\/p>\n\n\n\n<p><a href=\"https:\/\/instagram.com\/cademabienesraices\">@cademabienesraices<\/a><\/p>\n\n\n\n<p><a href=\"https:\/\/wa.me\/5493489368518\" target=\"_blank\" rel=\"noreferrer noopener\">+54 9 3489 368518<\/a><\/p>\n\n\n\n<p><a href=\"http:\/\/www.cademaprop.com.ar\">www.cademaprop.com.ar<\/a><\/p>\n\n\n\n<p>Corredor responsable Bruno Catardi, CMZC Leg. Col. N 528.<\/p>\n\n\n\n<p><\/p>\n","protected":false},"excerpt":{"rendered":"<p>En una entrevista reciente, Rolando Cafferatta, Director de Cadema Bienes Ra\u00edces, comparti\u00f3 su mirada sobre el presente y futuro del Corredor Norte (Campana, Z\u00e1rate y Exaltaci\u00f3n de la Cruz) una de las zonas de mayor crecimiento del pa\u00eds en materia industrial y residencial. El potencial del Corredor Norte Para Cafferatta, el Corredor Norte re\u00fane condiciones [&hellip;]<\/p>\n","protected":false},"author":2,"featured_media":3505,"comment_status":"closed","ping_status":"closed","sticky":false,"template":"","format":"standard","meta":{"site-sidebar-layout":"default","site-content-layout":"","ast-site-content-layout":"default","site-content-style":"default","site-sidebar-style":"default","ast-global-header-display":"","ast-banner-title-visibility":"","ast-main-header-display":"","ast-hfb-above-header-display":"","ast-hfb-below-header-display":"","ast-hfb-mobile-header-display":"","site-post-title":"","ast-breadcrumbs-content":"","ast-featured-img":"","footer-sml-layout":"","theme-transparent-header-meta":"","adv-header-id-meta":"","stick-header-meta":"","header-above-stick-meta":"","header-main-stick-meta":"","header-below-stick-meta":"","astra-migrate-meta-layouts":"set","ast-page-background-enabled":"default","ast-page-background-meta":{"desktop":{"background-color":"","background-image":"","background-repeat":"repeat","background-position":"center center","background-size":"auto","background-attachment":"scroll","background-type":"","background-media":"","overlay-type":"","overlay-color":"","overlay-opacity":"","overlay-gradient":""},"tablet":{"background-color":"","background-image":"","background-repeat":"repeat","background-position":"center center","background-size":"auto","background-attachment":"scroll","background-type":"","background-media":"","overlay-type":"","overlay-color":"","overlay-opacity":"","overlay-gradient":""},"mobile":{"background-color":"","background-image":"","background-repeat":"repeat","background-position":"center center","background-size":"auto","background-attachment":"scroll","background-type":"","background-media":"","overlay-type":"","overlay-color":"","overlay-opacity":"","overlay-gradient":""}},"ast-content-background-meta":{"desktop":{"background-color":"var(--ast-global-color-5)","background-image":"","background-repeat":"repeat","background-position":"center center","background-size":"auto","background-attachment":"scroll","background-type":"","background-media":"","overlay-type":"","overlay-color":"","overlay-opacity":"","overlay-gradient":""},"tablet":{"background-color":"var(--ast-global-color-5)","background-image":"","background-repeat":"repeat","background-position":"center center","background-size":"auto","background-attachment":"scroll","background-type":"","background-media":"","overlay-type":"","overlay-color":"","overlay-opacity":"","overlay-gradient":""},"mobile":{"background-color":"var(--ast-global-color-5)","background-image":"","background-repeat":"repeat","background-position":"center center","background-size":"auto","background-attachment":"scroll","background-type":"","background-media":"","overlay-type":"","overlay-color":"","overlay-opacity":"","overlay-gradient":""}},"_joinchat":[],"footnotes":""},"categories":[31,142,7,16,27,67],"tags":[57,61,19,69],"class_list":["post-3501","post","type-post","status-publish","format-standard","has-post-thumbnail","hentry","category-campana","category-corredor-norte","category-entrevistas","category-industria","category-localidades","category-zarate","tag-campana","tag-corredor-norte","tag-destacado","tag-industria"],"yoast_head":"<!-- This site is optimized with the Yoast SEO plugin v27.5 - https:\/\/yoast.com\/product\/yoast-seo-wordpress\/ -->\n<title>CORREDOR NORTE: LA GRAN PROMESA INDUSTRIAL Y RESIDENCIAL DE ARGENTINA - NEWS<\/title>\n<meta name=\"robots\" content=\"index, follow, max-snippet:-1, max-image-preview:large, max-video-preview:-1\" \/>\n<link rel=\"canonical\" href=\"https:\/\/cademaprop.com.ar\/blog\/corredor-norte-la-gran-promesa-industrial-y-residencial-de-argentina\/\" \/>\n<meta property=\"og:locale\" content=\"es_MX\" \/>\n<meta property=\"og:type\" content=\"article\" \/>\n<meta property=\"og:title\" content=\"CORREDOR NORTE: LA GRAN PROMESA INDUSTRIAL Y RESIDENCIAL DE ARGENTINA - NEWS\" \/>\n<meta property=\"og:description\" content=\"En una entrevista reciente, Rolando Cafferatta, Director de Cadema Bienes Ra\u00edces, comparti\u00f3 su mirada sobre el presente y futuro del Corredor Norte (Campana, Z\u00e1rate y Exaltaci\u00f3n de la Cruz) una de las zonas de mayor crecimiento del pa\u00eds en materia industrial y residencial. El potencial del Corredor Norte Para Cafferatta, el Corredor Norte re\u00fane condiciones [&hellip;]\" \/>\n<meta property=\"og:url\" content=\"https:\/\/cademaprop.com.ar\/blog\/corredor-norte-la-gran-promesa-industrial-y-residencial-de-argentina\/\" \/>\n<meta property=\"og:site_name\" content=\"NEWS\" \/>\n<meta property=\"article:publisher\" content=\"https:\/\/www.facebook.com\/inmobiliariacadema\" \/>\n<meta property=\"article:published_time\" content=\"2025-09-16T14:02:18+00:00\" \/>\n<meta property=\"article:modified_time\" content=\"2025-10-29T01:55:06+00:00\" \/>\n<meta property=\"og:image\" content=\"https:\/\/cademaprop.com.ar\/blog\/wp-content\/uploads\/2025\/09\/DJI_0144-scaled-e1758030614806.jpg\" \/>\n\t<meta property=\"og:image:width\" content=\"2560\" \/>\n\t<meta property=\"og:image:height\" content=\"1152\" \/>\n\t<meta property=\"og:image:type\" content=\"image\/jpeg\" \/>\n<meta name=\"author\" content=\"Cadema Bienes Ra\u00edces\" \/>\n<meta name=\"twitter:card\" content=\"summary_large_image\" \/>\n<meta name=\"twitter:creator\" content=\"@InmoCadema\" \/>\n<meta name=\"twitter:site\" content=\"@InmoCadema\" \/>\n<meta name=\"twitter:label1\" content=\"Escrito por\" \/>\n\t<meta name=\"twitter:data1\" content=\"Cadema Bienes Ra\u00edces\" \/>\n\t<meta name=\"twitter:label2\" content=\"Tiempo de lectura\" \/>\n\t<meta name=\"twitter:data2\" content=\"4 minutos\" \/>\n<script type=\"application\/ld+json\" class=\"yoast-schema-graph\">{\"@context\":\"https:\\\/\\\/schema.org\",\"@graph\":[{\"@type\":\"Article\",\"@id\":\"https:\\\/\\\/cademaprop.com.ar\\\/blog\\\/corredor-norte-la-gran-promesa-industrial-y-residencial-de-argentina\\\/#article\",\"isPartOf\":{\"@id\":\"https:\\\/\\\/cademaprop.com.ar\\\/blog\\\/corredor-norte-la-gran-promesa-industrial-y-residencial-de-argentina\\\/\"},\"author\":{\"name\":\"Cadema Bienes Ra\u00edces\",\"@id\":\"https:\\\/\\\/cademaprop.com.ar\\\/blog\\\/#\\\/schema\\\/person\\\/bf1e8554d62db91bc0110bd8b2c68625\"},\"headline\":\"CORREDOR NORTE: LA GRAN PROMESA INDUSTRIAL Y RESIDENCIAL DE ARGENTINA\",\"datePublished\":\"2025-09-16T14:02:18+00:00\",\"dateModified\":\"2025-10-29T01:55:06+00:00\",\"mainEntityOfPage\":{\"@id\":\"https:\\\/\\\/cademaprop.com.ar\\\/blog\\\/corredor-norte-la-gran-promesa-industrial-y-residencial-de-argentina\\\/\"},\"wordCount\":766,\"publisher\":{\"@id\":\"https:\\\/\\\/cademaprop.com.ar\\\/blog\\\/#organization\"},\"image\":{\"@id\":\"https:\\\/\\\/cademaprop.com.ar\\\/blog\\\/corredor-norte-la-gran-promesa-industrial-y-residencial-de-argentina\\\/#primaryimage\"},\"thumbnailUrl\":\"https:\\\/\\\/cademaprop.com.ar\\\/blog\\\/wp-content\\\/uploads\\\/2025\\\/09\\\/DJI_0144-scaled-e1758030614806.jpg\",\"keywords\":[\"campana\",\"Corredor Norte\",\"Destacado\",\"industria\"],\"articleSection\":[\"Campana\",\"Corredor Norte\",\"Entrevistas\",\"Industria\",\"Localidades\",\"Z\u00e1rate\"],\"inLanguage\":\"es\"},{\"@type\":\"WebPage\",\"@id\":\"https:\\\/\\\/cademaprop.com.ar\\\/blog\\\/corredor-norte-la-gran-promesa-industrial-y-residencial-de-argentina\\\/\",\"url\":\"https:\\\/\\\/cademaprop.com.ar\\\/blog\\\/corredor-norte-la-gran-promesa-industrial-y-residencial-de-argentina\\\/\",\"name\":\"CORREDOR NORTE: LA GRAN PROMESA INDUSTRIAL Y RESIDENCIAL DE ARGENTINA - NEWS\",\"isPartOf\":{\"@id\":\"https:\\\/\\\/cademaprop.com.ar\\\/blog\\\/#website\"},\"primaryImageOfPage\":{\"@id\":\"https:\\\/\\\/cademaprop.com.ar\\\/blog\\\/corredor-norte-la-gran-promesa-industrial-y-residencial-de-argentina\\\/#primaryimage\"},\"image\":{\"@id\":\"https:\\\/\\\/cademaprop.com.ar\\\/blog\\\/corredor-norte-la-gran-promesa-industrial-y-residencial-de-argentina\\\/#primaryimage\"},\"thumbnailUrl\":\"https:\\\/\\\/cademaprop.com.ar\\\/blog\\\/wp-content\\\/uploads\\\/2025\\\/09\\\/DJI_0144-scaled-e1758030614806.jpg\",\"datePublished\":\"2025-09-16T14:02:18+00:00\",\"dateModified\":\"2025-10-29T01:55:06+00:00\",\"breadcrumb\":{\"@id\":\"https:\\\/\\\/cademaprop.com.ar\\\/blog\\\/corredor-norte-la-gran-promesa-industrial-y-residencial-de-argentina\\\/#breadcrumb\"},\"inLanguage\":\"es\",\"potentialAction\":[{\"@type\":\"ReadAction\",\"target\":[\"https:\\\/\\\/cademaprop.com.ar\\\/blog\\\/corredor-norte-la-gran-promesa-industrial-y-residencial-de-argentina\\\/\"]}]},{\"@type\":\"ImageObject\",\"inLanguage\":\"es\",\"@id\":\"https:\\\/\\\/cademaprop.com.ar\\\/blog\\\/corredor-norte-la-gran-promesa-industrial-y-residencial-de-argentina\\\/#primaryimage\",\"url\":\"https:\\\/\\\/cademaprop.com.ar\\\/blog\\\/wp-content\\\/uploads\\\/2025\\\/09\\\/DJI_0144-scaled-e1758030614806.jpg\",\"contentUrl\":\"https:\\\/\\\/cademaprop.com.ar\\\/blog\\\/wp-content\\\/uploads\\\/2025\\\/09\\\/DJI_0144-scaled-e1758030614806.jpg\",\"width\":2560,\"height\":1152,\"caption\":\"default\"},{\"@type\":\"BreadcrumbList\",\"@id\":\"https:\\\/\\\/cademaprop.com.ar\\\/blog\\\/corredor-norte-la-gran-promesa-industrial-y-residencial-de-argentina\\\/#breadcrumb\",\"itemListElement\":[{\"@type\":\"ListItem\",\"position\":1,\"name\":\"Inicio\",\"item\":\"https:\\\/\\\/cademaprop.com.ar\\\/blog\\\/\"},{\"@type\":\"ListItem\",\"position\":2,\"name\":\"CORREDOR NORTE: LA GRAN PROMESA INDUSTRIAL Y RESIDENCIAL DE ARGENTINA\"}]},{\"@type\":\"WebSite\",\"@id\":\"https:\\\/\\\/cademaprop.com.ar\\\/blog\\\/#website\",\"url\":\"https:\\\/\\\/cademaprop.com.ar\\\/blog\\\/\",\"name\":\"CADEMA NEWS\",\"description\":\"\",\"publisher\":{\"@id\":\"https:\\\/\\\/cademaprop.com.ar\\\/blog\\\/#organization\"},\"potentialAction\":[{\"@type\":\"SearchAction\",\"target\":{\"@type\":\"EntryPoint\",\"urlTemplate\":\"https:\\\/\\\/cademaprop.com.ar\\\/blog\\\/?s={search_term_string}\"},\"query-input\":{\"@type\":\"PropertyValueSpecification\",\"valueRequired\":true,\"valueName\":\"search_term_string\"}}],\"inLanguage\":\"es\"},{\"@type\":\"Organization\",\"@id\":\"https:\\\/\\\/cademaprop.com.ar\\\/blog\\\/#organization\",\"name\":\"INMOBILIARIA CADEMA\",\"url\":\"https:\\\/\\\/cademaprop.com.ar\\\/blog\\\/\",\"logo\":{\"@type\":\"ImageObject\",\"inLanguage\":\"es\",\"@id\":\"https:\\\/\\\/cademaprop.com.ar\\\/blog\\\/#\\\/schema\\\/logo\\\/image\\\/\",\"url\":\"https:\\\/\\\/cademaprop.com.ar\\\/blog\\\/wp-content\\\/uploads\\\/2024\\\/01\\\/CDN-Logo-Full-Color.png\",\"contentUrl\":\"https:\\\/\\\/cademaprop.com.ar\\\/blog\\\/wp-content\\\/uploads\\\/2024\\\/01\\\/CDN-Logo-Full-Color.png\",\"width\":4410,\"height\":1418,\"caption\":\"INMOBILIARIA CADEMA\"},\"image\":{\"@id\":\"https:\\\/\\\/cademaprop.com.ar\\\/blog\\\/#\\\/schema\\\/logo\\\/image\\\/\"},\"sameAs\":[\"https:\\\/\\\/www.facebook.com\\\/inmobiliariacadema\",\"https:\\\/\\\/x.com\\\/InmoCadema\",\"https:\\\/\\\/www.instagram.com\\\/inmobiliariacadema\",\"https:\\\/\\\/www.threads.net\\\/@inmobiliariacadema\",\"https:\\\/\\\/www.tiktok.com\\\/@inmobiliariacadema\"]},{\"@type\":\"Person\",\"@id\":\"https:\\\/\\\/cademaprop.com.ar\\\/blog\\\/#\\\/schema\\\/person\\\/bf1e8554d62db91bc0110bd8b2c68625\",\"name\":\"Cadema Bienes Ra\u00edces\",\"image\":{\"@type\":\"ImageObject\",\"inLanguage\":\"es\",\"@id\":\"https:\\\/\\\/secure.gravatar.com\\\/avatar\\\/dcf94633e3fe61607b8d5ead2fbb04c595474c581edee9a1c8c801464d64e4af?s=96&r=g\",\"url\":\"https:\\\/\\\/secure.gravatar.com\\\/avatar\\\/dcf94633e3fe61607b8d5ead2fbb04c595474c581edee9a1c8c801464d64e4af?s=96&r=g\",\"contentUrl\":\"https:\\\/\\\/secure.gravatar.com\\\/avatar\\\/dcf94633e3fe61607b8d5ead2fbb04c595474c581edee9a1c8c801464d64e4af?s=96&r=g\",\"caption\":\"Cadema Bienes Ra\u00edces\"},\"description\":\"Nuestra prioridad es lograr una s\u00edntesis equilibrada entre las necesidades del comprador y los requerimientos del vendedor. Con m\u00e1s de seis d\u00e9cadas de experiencia, nos enorgullece ser la empresa l\u00edder en el \u00e1mbito inmobiliario de la ciudad de Campana. Especializados en la venta de inmuebles y desarrollos urbanos e industriales, hemos marcado nuestro camino con dedicaci\u00f3n y excelencia. En el a\u00f1o 2024 celebramos nuestro 60\u00ba aniversario, reflejando nuestra constante b\u00fasqueda de vanguardia tecnol\u00f3gica para enfrentar los desaf\u00edos del mercado.\",\"sameAs\":[\"https:\\\/\\\/www.cademaprop.com.ar\\\/\"],\"url\":\"https:\\\/\\\/cademaprop.com.ar\\\/blog\\\/author\\\/mar0015\\\/\"}]}<\/script>\n<!-- \/ Yoast SEO plugin. -->","yoast_head_json":{"title":"CORREDOR NORTE: LA GRAN PROMESA INDUSTRIAL Y RESIDENCIAL DE ARGENTINA - NEWS","robots":{"index":"index","follow":"follow","max-snippet":"max-snippet:-1","max-image-preview":"max-image-preview:large","max-video-preview":"max-video-preview:-1"},"canonical":"https:\/\/cademaprop.com.ar\/blog\/corredor-norte-la-gran-promesa-industrial-y-residencial-de-argentina\/","og_locale":"es_MX","og_type":"article","og_title":"CORREDOR NORTE: LA GRAN PROMESA INDUSTRIAL Y RESIDENCIAL DE ARGENTINA - NEWS","og_description":"En una entrevista reciente, Rolando Cafferatta, Director de Cadema Bienes Ra\u00edces, comparti\u00f3 su mirada sobre el presente y futuro del Corredor Norte (Campana, Z\u00e1rate y Exaltaci\u00f3n de la Cruz) una de las zonas de mayor crecimiento del pa\u00eds en materia industrial y residencial. El potencial del Corredor Norte Para Cafferatta, el Corredor Norte re\u00fane condiciones [&hellip;]","og_url":"https:\/\/cademaprop.com.ar\/blog\/corredor-norte-la-gran-promesa-industrial-y-residencial-de-argentina\/","og_site_name":"NEWS","article_publisher":"https:\/\/www.facebook.com\/inmobiliariacadema","article_published_time":"2025-09-16T14:02:18+00:00","article_modified_time":"2025-10-29T01:55:06+00:00","og_image":[{"width":2560,"height":1152,"url":"https:\/\/cademaprop.com.ar\/blog\/wp-content\/uploads\/2025\/09\/DJI_0144-scaled-e1758030614806.jpg","type":"image\/jpeg"}],"author":"Cadema Bienes Ra\u00edces","twitter_card":"summary_large_image","twitter_creator":"@InmoCadema","twitter_site":"@InmoCadema","twitter_misc":{"Escrito por":"Cadema Bienes Ra\u00edces","Tiempo de lectura":"4 minutos"},"schema":{"@context":"https:\/\/schema.org","@graph":[{"@type":"Article","@id":"https:\/\/cademaprop.com.ar\/blog\/corredor-norte-la-gran-promesa-industrial-y-residencial-de-argentina\/#article","isPartOf":{"@id":"https:\/\/cademaprop.com.ar\/blog\/corredor-norte-la-gran-promesa-industrial-y-residencial-de-argentina\/"},"author":{"name":"Cadema Bienes Ra\u00edces","@id":"https:\/\/cademaprop.com.ar\/blog\/#\/schema\/person\/bf1e8554d62db91bc0110bd8b2c68625"},"headline":"CORREDOR NORTE: LA GRAN PROMESA INDUSTRIAL Y RESIDENCIAL DE ARGENTINA","datePublished":"2025-09-16T14:02:18+00:00","dateModified":"2025-10-29T01:55:06+00:00","mainEntityOfPage":{"@id":"https:\/\/cademaprop.com.ar\/blog\/corredor-norte-la-gran-promesa-industrial-y-residencial-de-argentina\/"},"wordCount":766,"publisher":{"@id":"https:\/\/cademaprop.com.ar\/blog\/#organization"},"image":{"@id":"https:\/\/cademaprop.com.ar\/blog\/corredor-norte-la-gran-promesa-industrial-y-residencial-de-argentina\/#primaryimage"},"thumbnailUrl":"https:\/\/cademaprop.com.ar\/blog\/wp-content\/uploads\/2025\/09\/DJI_0144-scaled-e1758030614806.jpg","keywords":["campana","Corredor Norte","Destacado","industria"],"articleSection":["Campana","Corredor Norte","Entrevistas","Industria","Localidades","Z\u00e1rate"],"inLanguage":"es"},{"@type":"WebPage","@id":"https:\/\/cademaprop.com.ar\/blog\/corredor-norte-la-gran-promesa-industrial-y-residencial-de-argentina\/","url":"https:\/\/cademaprop.com.ar\/blog\/corredor-norte-la-gran-promesa-industrial-y-residencial-de-argentina\/","name":"CORREDOR NORTE: LA GRAN PROMESA INDUSTRIAL Y RESIDENCIAL DE ARGENTINA - NEWS","isPartOf":{"@id":"https:\/\/cademaprop.com.ar\/blog\/#website"},"primaryImageOfPage":{"@id":"https:\/\/cademaprop.com.ar\/blog\/corredor-norte-la-gran-promesa-industrial-y-residencial-de-argentina\/#primaryimage"},"image":{"@id":"https:\/\/cademaprop.com.ar\/blog\/corredor-norte-la-gran-promesa-industrial-y-residencial-de-argentina\/#primaryimage"},"thumbnailUrl":"https:\/\/cademaprop.com.ar\/blog\/wp-content\/uploads\/2025\/09\/DJI_0144-scaled-e1758030614806.jpg","datePublished":"2025-09-16T14:02:18+00:00","dateModified":"2025-10-29T01:55:06+00:00","breadcrumb":{"@id":"https:\/\/cademaprop.com.ar\/blog\/corredor-norte-la-gran-promesa-industrial-y-residencial-de-argentina\/#breadcrumb"},"inLanguage":"es","potentialAction":[{"@type":"ReadAction","target":["https:\/\/cademaprop.com.ar\/blog\/corredor-norte-la-gran-promesa-industrial-y-residencial-de-argentina\/"]}]},{"@type":"ImageObject","inLanguage":"es","@id":"https:\/\/cademaprop.com.ar\/blog\/corredor-norte-la-gran-promesa-industrial-y-residencial-de-argentina\/#primaryimage","url":"https:\/\/cademaprop.com.ar\/blog\/wp-content\/uploads\/2025\/09\/DJI_0144-scaled-e1758030614806.jpg","contentUrl":"https:\/\/cademaprop.com.ar\/blog\/wp-content\/uploads\/2025\/09\/DJI_0144-scaled-e1758030614806.jpg","width":2560,"height":1152,"caption":"default"},{"@type":"BreadcrumbList","@id":"https:\/\/cademaprop.com.ar\/blog\/corredor-norte-la-gran-promesa-industrial-y-residencial-de-argentina\/#breadcrumb","itemListElement":[{"@type":"ListItem","position":1,"name":"Inicio","item":"https:\/\/cademaprop.com.ar\/blog\/"},{"@type":"ListItem","position":2,"name":"CORREDOR NORTE: LA GRAN PROMESA INDUSTRIAL Y RESIDENCIAL DE ARGENTINA"}]},{"@type":"WebSite","@id":"https:\/\/cademaprop.com.ar\/blog\/#website","url":"https:\/\/cademaprop.com.ar\/blog\/","name":"CADEMA NEWS","description":"","publisher":{"@id":"https:\/\/cademaprop.com.ar\/blog\/#organization"},"potentialAction":[{"@type":"SearchAction","target":{"@type":"EntryPoint","urlTemplate":"https:\/\/cademaprop.com.ar\/blog\/?s={search_term_string}"},"query-input":{"@type":"PropertyValueSpecification","valueRequired":true,"valueName":"search_term_string"}}],"inLanguage":"es"},{"@type":"Organization","@id":"https:\/\/cademaprop.com.ar\/blog\/#organization","name":"INMOBILIARIA CADEMA","url":"https:\/\/cademaprop.com.ar\/blog\/","logo":{"@type":"ImageObject","inLanguage":"es","@id":"https:\/\/cademaprop.com.ar\/blog\/#\/schema\/logo\/image\/","url":"https:\/\/cademaprop.com.ar\/blog\/wp-content\/uploads\/2024\/01\/CDN-Logo-Full-Color.png","contentUrl":"https:\/\/cademaprop.com.ar\/blog\/wp-content\/uploads\/2024\/01\/CDN-Logo-Full-Color.png","width":4410,"height":1418,"caption":"INMOBILIARIA CADEMA"},"image":{"@id":"https:\/\/cademaprop.com.ar\/blog\/#\/schema\/logo\/image\/"},"sameAs":["https:\/\/www.facebook.com\/inmobiliariacadema","https:\/\/x.com\/InmoCadema","https:\/\/www.instagram.com\/inmobiliariacadema","https:\/\/www.threads.net\/@inmobiliariacadema","https:\/\/www.tiktok.com\/@inmobiliariacadema"]},{"@type":"Person","@id":"https:\/\/cademaprop.com.ar\/blog\/#\/schema\/person\/bf1e8554d62db91bc0110bd8b2c68625","name":"Cadema Bienes Ra\u00edces","image":{"@type":"ImageObject","inLanguage":"es","@id":"https:\/\/secure.gravatar.com\/avatar\/dcf94633e3fe61607b8d5ead2fbb04c595474c581edee9a1c8c801464d64e4af?s=96&r=g","url":"https:\/\/secure.gravatar.com\/avatar\/dcf94633e3fe61607b8d5ead2fbb04c595474c581edee9a1c8c801464d64e4af?s=96&r=g","contentUrl":"https:\/\/secure.gravatar.com\/avatar\/dcf94633e3fe61607b8d5ead2fbb04c595474c581edee9a1c8c801464d64e4af?s=96&r=g","caption":"Cadema Bienes Ra\u00edces"},"description":"Nuestra prioridad es lograr una s\u00edntesis equilibrada entre las necesidades del comprador y los requerimientos del vendedor. Con m\u00e1s de seis d\u00e9cadas de experiencia, nos enorgullece ser la empresa l\u00edder en el \u00e1mbito inmobiliario de la ciudad de Campana. Especializados en la venta de inmuebles y desarrollos urbanos e industriales, hemos marcado nuestro camino con dedicaci\u00f3n y excelencia. En el a\u00f1o 2024 celebramos nuestro 60\u00ba aniversario, reflejando nuestra constante b\u00fasqueda de vanguardia tecnol\u00f3gica para enfrentar los desaf\u00edos del mercado.","sameAs":["https:\/\/www.cademaprop.com.ar\/"],"url":"https:\/\/cademaprop.com.ar\/blog\/author\/mar0015\/"}]}},"_links":{"self":[{"href":"https:\/\/cademaprop.com.ar\/blog\/wp-json\/wp\/v2\/posts\/3501","targetHints":{"allow":["GET"]}}],"collection":[{"href":"https:\/\/cademaprop.com.ar\/blog\/wp-json\/wp\/v2\/posts"}],"about":[{"href":"https:\/\/cademaprop.com.ar\/blog\/wp-json\/wp\/v2\/types\/post"}],"author":[{"embeddable":true,"href":"https:\/\/cademaprop.com.ar\/blog\/wp-json\/wp\/v2\/users\/2"}],"replies":[{"embeddable":true,"href":"https:\/\/cademaprop.com.ar\/blog\/wp-json\/wp\/v2\/comments?post=3501"}],"version-history":[{"count":1,"href":"https:\/\/cademaprop.com.ar\/blog\/wp-json\/wp\/v2\/posts\/3501\/revisions"}],"predecessor-version":[{"id":3546,"href":"https:\/\/cademaprop.com.ar\/blog\/wp-json\/wp\/v2\/posts\/3501\/revisions\/3546"}],"wp:featuredmedia":[{"embeddable":true,"href":"https:\/\/cademaprop.com.ar\/blog\/wp-json\/wp\/v2\/media\/3505"}],"wp:attachment":[{"href":"https:\/\/cademaprop.com.ar\/blog\/wp-json\/wp\/v2\/media?parent=3501"}],"wp:term":[{"taxonomy":"category","embeddable":true,"href":"https:\/\/cademaprop.com.ar\/blog\/wp-json\/wp\/v2\/categories?post=3501"},{"taxonomy":"post_tag","embeddable":true,"href":"https:\/\/cademaprop.com.ar\/blog\/wp-json\/wp\/v2\/tags?post=3501"}],"curies":[{"name":"wp","href":"https:\/\/api.w.org\/{rel}","templated":true}]}}