{"id":3609,"date":"2025-12-12T10:27:00","date_gmt":"2025-12-12T13:27:00","guid":{"rendered":"https:\/\/cademaprop.com.ar\/blog\/?p=3609"},"modified":"2025-12-15T00:38:42","modified_gmt":"2025-12-15T03:38:42","slug":"sinor-2026-el-corredor-norte-busca-dar-el-salto-y-proyectarse-como-el-nuevo-polo-inmobiliario-y-turistico-del-pais","status":"publish","type":"post","link":"https:\/\/cademaprop.com.ar\/blog\/sinor-2026-el-corredor-norte-busca-dar-el-salto-y-proyectarse-como-el-nuevo-polo-inmobiliario-y-turistico-del-pais\/","title":{"rendered":"SINOR 2026: EL CORREDOR NORTE BUSCA DAR \u201cEL SALTO\u201d Y PROYECTARSE COMO EL NUEVO POLO INMOBILIARIO Y TUR\u00cdSTICO DEL PA\u00cdS"},"content":{"rendered":"\n<p>A cuatro meses de su tercera edici\u00f3n, <a href=\"https:\/\/sinor.com.ar\/\">SINOR <\/a>empieza a perfilarse como algo m\u00e1s que un evento sectorial. Sus organizadores anticipan que la pr\u00f3xima cita, prevista para el 13 de \u00a0abril de 2026 en <a href=\"https:\/\/maps.app.goo.gl\/Jyi6q96PpukcdSmt7\">Sofitel La Reserva Cardales<\/a>, apunta a instalar al Corredor Norte bonaerense como una marca territorial capaz de competir, atraer inversiones y posicionarse como un nuevo ecosistema urbano, productivo y tur\u00edstico.<\/p>\n\n\n\n<p>Aunque faltan varios meses para el encuentro, el movimiento en torno a SINOR 2026 ya se siente. \u201cEstamos recibiendo cada vez m\u00e1s inversiones, pero en el imaginario del desarrollador todav\u00eda estamos un poco lejos. SINOR busca cambiar esa percepci\u00f3n\u201d, explica <a href=\"https:\/\/www.instagram.com\/rolocadema\/?hl=es\">Rolando Cafferatta<\/a>, socio de <a href=\"https:\/\/cademaprop.com.ar\/\">CADEMA Bienes Ra\u00edces<\/a>, la firma organizadora del sal\u00f3n.<\/p>\n\n\n\n<p><strong>Un corredor en transformaci\u00f3n: del desarrollo inmobiliario al destino integral<\/strong><\/p>\n\n\n\n<p>El Corredor Norte (integrado por Campana, Z\u00e1rate y Exaltaci\u00f3n de la Cruz) viene atravesando un proceso de reconversi\u00f3n que excede lo residencial. Lo que hace algunos a\u00f1os era un eje perif\u00e9rico hoy se consolida como un territorio h\u00edbrido donde conviven industrias de escala, desarrollos habitacionales, gastronom\u00eda de alto nivel, oferta tur\u00edstica y servicios log\u00edsticos.<\/p>\n\n\n\n<p>Cafferatta lo sintetiza as\u00ed:<\/p>\n\n\n\n<blockquote class=\"wp-block-quote is-layout-flow wp-block-quote-is-layout-flow\">\n<p class=\"has-text-color has-link-color has-medium-font-size wp-elements-d4d91a333f6a8c7134c9a92325a4c631\" style=\"color:#c60c23\"><em>\u201cEl desarrollo de una zona no depende solo del mercado inmobiliario. Necesitamos que m\u00faltiples rubros se acerquen y se consoliden. Esa es la visi\u00f3n integral que impulsa SINOR\u201d.<\/em><\/p>\n<\/blockquote>\n\n\n\n<p>El crecimiento gastron\u00f3mico es un ejemplo concreto. Proyectos como <a href=\"https:\/\/www.instagram.com\/estancia.vigil\/?hl=es\">Estancia Vigil<\/a>, <a href=\"https:\/\/www.instagram.com\/bodegagamboa\/?hl=es\">Casa Gamboa<\/a>, <a href=\"https:\/\/www.instagram.com\/lapebeta\/?hl=es\">La Pebeta<\/a>, \u00a0el polo gastron\u00f3mico que ya atrae p\u00fablico desde diferentes puntos del pa\u00eds, como Italpast o Chizza, \u00a0est\u00e1n convirtiendo al corredor en un circuito culinario y enol\u00f3gico en expansi\u00f3n, capaz de complementar el desarrollo residencial y estimular el turismo de cercan\u00eda.<\/p>\n\n\n\n<p>A esto se suma la necesidad de reforzar accesibilidad y conectividad, dos factores que podr\u00edan potenciar a\u00fan m\u00e1s la regi\u00f3n. \u201cTener mejores conexiones por tierra y, en un futuro, incluso por agua, atraer\u00eda un p\u00fablico m\u00e1s diverso y generar\u00eda nuevos atractivos\u201d, se\u00f1ala Cafferatta. El rubro hotelero, a\u00fan incipiente, aparece tambi\u00e9n como pieza clave para consolidar estancias cortas y miniturismo.<\/p>\n\n\n\n<figure class=\"wp-block-image size-large is-resized\"><a href=\"https:\/\/cademaprop.com.ar\/blog\/wp-content\/uploads\/2025\/12\/SINOR_info-2.-2026a.jpg\"><img fetchpriority=\"high\" decoding=\"async\" width=\"1024\" height=\"577\" src=\"https:\/\/cademaprop.com.ar\/blog\/wp-content\/uploads\/2025\/12\/SINOR_info-2.-2026a-1024x577.jpg\" alt=\"\" class=\"wp-image-3613\" style=\"width:772px;height:auto\" srcset=\"https:\/\/cademaprop.com.ar\/blog\/wp-content\/uploads\/2025\/12\/SINOR_info-2.-2026a-1024x577.jpg 1024w, https:\/\/cademaprop.com.ar\/blog\/wp-content\/uploads\/2025\/12\/SINOR_info-2.-2026a-300x169.jpg 300w, https:\/\/cademaprop.com.ar\/blog\/wp-content\/uploads\/2025\/12\/SINOR_info-2.-2026a-768x433.jpg 768w, https:\/\/cademaprop.com.ar\/blog\/wp-content\/uploads\/2025\/12\/SINOR_info-2.-2026a-1536x866.jpg 1536w, https:\/\/cademaprop.com.ar\/blog\/wp-content\/uploads\/2025\/12\/SINOR_info-2.-2026a-2048x1154.jpg 2048w, https:\/\/cademaprop.com.ar\/blog\/wp-content\/uploads\/2025\/12\/SINOR_info-2.-2026a-18x10.jpg 18w\" sizes=\"(max-width: 1024px) 100vw, 1024px\" \/><\/a><\/figure>\n\n\n\n<p><strong>El tri\u00e1ngulo estrat\u00e9gico del desarrollo<\/strong><\/p>\n\n\n\n<p>Una de las apuestas fuertes de los organizadores es posicionar el \u201ctri\u00e1ngulo\u201d formado por Ruta 9, Ruta 6 y Ruta 4 como una zona de oportunidades \u00fanicas para viviendas, servicios, parques log\u00edsticos y emprendimientos mixto<\/p>\n\n\n\n<blockquote class=\"wp-block-quote is-layout-flow wp-block-quote-is-layout-flow\">\n<p class=\"has-text-color has-link-color has-medium-font-size wp-elements-2ab5328b4b988952417a116e7223ec50\" style=\"color:#c60c23\"><em>&nbsp;\u201cHay infinidad de desarrollos posibles. Es un territorio con ventajas comparativas enormes\u201d,<\/em><\/p>\n<cite>sostiene Cafferatta.<\/cite><\/blockquote>\n\n\n\n<p>Cada \u00e1rea del corredor aporta un diferencial n\u00edtido:<br>Exaltaci\u00f3n de la Cruz: identidad verde, vida de campo y alto potencial residencial.<br>Campana y Z\u00e1rate: dinamismo industrial y capacidad log\u00edstica \u00fanica en el pa\u00eds.<\/p>\n\n\n\n<p>\u00c1reas con crecimiento equilibrado, nuevos barrios, servicios y atractivos tur\u00edsticos.<\/p>\n\n\n\n<p>Esta diversidad explica por qu\u00e9 SINOR se volvi\u00f3, en apenas dos ediciones, un punto de encuentro que trasciende al sector inmobiliario.<\/p>\n\n\n\n<figure class=\"wp-block-gallery has-nested-images columns-default is-cropped wp-block-gallery-1 is-layout-flex wp-block-gallery-is-layout-flex\">\n<figure class=\"wp-block-image size-large\"><a href=\"https:\/\/cademaprop.com.ar\/blog\/wp-content\/uploads\/2025\/12\/SINOR_info-2.-2026d.jpeg\"><img decoding=\"async\" width=\"1024\" height=\"576\" data-id=\"3615\" src=\"https:\/\/cademaprop.com.ar\/blog\/wp-content\/uploads\/2025\/12\/SINOR_info-2.-2026d-1024x576.jpeg\" alt=\"\" class=\"wp-image-3615\" srcset=\"https:\/\/cademaprop.com.ar\/blog\/wp-content\/uploads\/2025\/12\/SINOR_info-2.-2026d-1024x576.jpeg 1024w, https:\/\/cademaprop.com.ar\/blog\/wp-content\/uploads\/2025\/12\/SINOR_info-2.-2026d-300x169.jpeg 300w, https:\/\/cademaprop.com.ar\/blog\/wp-content\/uploads\/2025\/12\/SINOR_info-2.-2026d-768x432.jpeg 768w, https:\/\/cademaprop.com.ar\/blog\/wp-content\/uploads\/2025\/12\/SINOR_info-2.-2026d-1536x864.jpeg 1536w, https:\/\/cademaprop.com.ar\/blog\/wp-content\/uploads\/2025\/12\/SINOR_info-2.-2026d-18x10.jpeg 18w, https:\/\/cademaprop.com.ar\/blog\/wp-content\/uploads\/2025\/12\/SINOR_info-2.-2026d.jpeg 1599w\" sizes=\"(max-width: 1024px) 100vw, 1024px\" \/><\/a><\/figure>\n\n\n\n<figure class=\"wp-block-image size-large\"><a href=\"https:\/\/cademaprop.com.ar\/blog\/wp-content\/uploads\/2025\/12\/SINOR_info-2.-2026b.jpeg\"><img decoding=\"async\" width=\"1024\" height=\"576\" data-id=\"3616\" src=\"https:\/\/cademaprop.com.ar\/blog\/wp-content\/uploads\/2025\/12\/SINOR_info-2.-2026b-1024x576.jpeg\" alt=\"\" class=\"wp-image-3616\" srcset=\"https:\/\/cademaprop.com.ar\/blog\/wp-content\/uploads\/2025\/12\/SINOR_info-2.-2026b-1024x576.jpeg 1024w, https:\/\/cademaprop.com.ar\/blog\/wp-content\/uploads\/2025\/12\/SINOR_info-2.-2026b-300x169.jpeg 300w, https:\/\/cademaprop.com.ar\/blog\/wp-content\/uploads\/2025\/12\/SINOR_info-2.-2026b-768x432.jpeg 768w, https:\/\/cademaprop.com.ar\/blog\/wp-content\/uploads\/2025\/12\/SINOR_info-2.-2026b-1536x864.jpeg 1536w, https:\/\/cademaprop.com.ar\/blog\/wp-content\/uploads\/2025\/12\/SINOR_info-2.-2026b-18x10.jpeg 18w, https:\/\/cademaprop.com.ar\/blog\/wp-content\/uploads\/2025\/12\/SINOR_info-2.-2026b.jpeg 1599w\" sizes=\"(max-width: 1024px) 100vw, 1024px\" \/><\/a><\/figure>\n\n\n\n<figure class=\"wp-block-image size-large\"><a href=\"https:\/\/cademaprop.com.ar\/blog\/wp-content\/uploads\/2025\/12\/SINOR_info-2.-2026c.jpeg\"><img loading=\"lazy\" decoding=\"async\" width=\"1024\" height=\"576\" data-id=\"3617\" src=\"https:\/\/cademaprop.com.ar\/blog\/wp-content\/uploads\/2025\/12\/SINOR_info-2.-2026c-1024x576.jpeg\" alt=\"\" class=\"wp-image-3617\" srcset=\"https:\/\/cademaprop.com.ar\/blog\/wp-content\/uploads\/2025\/12\/SINOR_info-2.-2026c-1024x576.jpeg 1024w, https:\/\/cademaprop.com.ar\/blog\/wp-content\/uploads\/2025\/12\/SINOR_info-2.-2026c-300x169.jpeg 300w, https:\/\/cademaprop.com.ar\/blog\/wp-content\/uploads\/2025\/12\/SINOR_info-2.-2026c-768x432.jpeg 768w, https:\/\/cademaprop.com.ar\/blog\/wp-content\/uploads\/2025\/12\/SINOR_info-2.-2026c-1536x864.jpeg 1536w, https:\/\/cademaprop.com.ar\/blog\/wp-content\/uploads\/2025\/12\/SINOR_info-2.-2026c-18x10.jpeg 18w, https:\/\/cademaprop.com.ar\/blog\/wp-content\/uploads\/2025\/12\/SINOR_info-2.-2026c.jpeg 1599w\" sizes=\"(max-width: 1024px) 100vw, 1024px\" \/><\/a><\/figure>\n<\/figure>\n\n\n\n<p><strong>De la edici\u00f3n 2024 a la consolidaci\u00f3n: el efecto SINOR<\/strong><\/p>\n\n\n\n<p>El evento no funciona solo como espacio de exhibici\u00f3n, sino como plataforma de alianzas estrat\u00e9gicas y planificaci\u00f3n conjunta. \u201cBajo el marco de SINOR, el corredor puede obtener la consolidaci\u00f3n que necesita. La idea principal es atraer nuevas inversiones para la regi\u00f3n\u201d, explica el organizador.<\/p>\n\n\n\n<p>La pr\u00f3xima edici\u00f3n, que se llevar\u00e1 a cabo el lunes 13 de abril de 2026 en el Sal\u00f3n Le Dome del Hotel Sofitel La Reserva Cardales, profundizar\u00e1 la agenda de inversi\u00f3n, infraestructura, turismo, valor agregado industrial y nuevas tendencias del real estate. Con cuatro meses por delante, el objetivo ya est\u00e1 trazado: instalar al Corredor Norte como uno de los polos de desarrollo m\u00e1s integrales y competitivos del pa\u00eds.<\/p>\n\n\n\n<p>En un contexto donde las ciudades intermedias ganan protagonismo y la movilidad redefine los h\u00e1bitos de vida, SINOR 2026 busca capitalizar una oportunidad hist\u00f3rica: transformar un corredor en expansi\u00f3n en un nuevo territorio de crecimiento sostenido.<\/p>\n\n\n\n<p>De cara a 2026, el corredor norte sigue encaminado hacia el salto que la regi\u00f3n ha preparado durante a\u00f1os, y SINOR ser\u00e1 nuevamente el espacio para impulsar esa evoluci\u00f3n.<\/p>\n","protected":false},"excerpt":{"rendered":"<p>A cuatro meses de su tercera edici\u00f3n, SINOR empieza a perfilarse como algo m\u00e1s que un evento sectorial. Sus organizadores anticipan que la pr\u00f3xima cita, prevista para el 13 de \u00a0abril de 2026 en Sofitel La Reserva Cardales, apunta a instalar al Corredor Norte bonaerense como una marca territorial capaz de competir, atraer inversiones y [&hellip;]<\/p>\n","protected":false},"author":2,"featured_media":3610,"comment_status":"closed","ping_status":"closed","sticky":false,"template":"","format":"standard","meta":{"site-sidebar-layout":"default","site-content-layout":"","ast-site-content-layout":"default","site-content-style":"default","site-sidebar-style":"default","ast-global-header-display":"","ast-banner-title-visibility":"","ast-main-header-display":"","ast-hfb-above-header-display":"","ast-hfb-below-header-display":"","ast-hfb-mobile-header-display":"","site-post-title":"","ast-breadcrumbs-content":"","ast-featured-img":"","footer-sml-layout":"","theme-transparent-header-meta":"","adv-header-id-meta":"","stick-header-meta":"","header-above-stick-meta":"","header-main-stick-meta":"","header-below-stick-meta":"","astra-migrate-meta-layouts":"set","ast-page-background-enabled":"default","ast-page-background-meta":{"desktop":{"background-color":"","background-image":"","background-repeat":"repeat","background-position":"center center","background-size":"auto","background-attachment":"scroll","background-type":"","background-media":"","overlay-type":"","overlay-color":"","overlay-opacity":"","overlay-gradient":""},"tablet":{"background-color":"","background-image":"","background-repeat":"repeat","background-position":"center center","background-size":"auto","background-attachment":"scroll","background-type":"","background-media":"","overlay-type":"","overlay-color":"","overlay-opacity":"","overlay-gradient":""},"mobile":{"background-color":"","background-image":"","background-repeat":"repeat","background-position":"center center","background-size":"auto","background-attachment":"scroll","background-type":"","background-media":"","overlay-type":"","overlay-color":"","overlay-opacity":"","overlay-gradient":""}},"ast-content-background-meta":{"desktop":{"background-color":"var(--ast-global-color-5)","background-image":"","background-repeat":"repeat","background-position":"center center","background-size":"auto","background-attachment":"scroll","background-type":"","background-media":"","overlay-type":"","overlay-color":"","overlay-opacity":"","overlay-gradient":""},"tablet":{"background-color":"var(--ast-global-color-5)","background-image":"","background-repeat":"repeat","background-position":"center center","background-size":"auto","background-attachment":"scroll","background-type":"","background-media":"","overlay-type":"","overlay-color":"","overlay-opacity":"","overlay-gradient":""},"mobile":{"background-color":"var(--ast-global-color-5)","background-image":"","background-repeat":"repeat","background-position":"center center","background-size":"auto","background-attachment":"scroll","background-type":"","background-media":"","overlay-type":"","overlay-color":"","overlay-opacity":"","overlay-gradient":""}},"_joinchat":[],"footnotes":""},"categories":[31,142,48,20,59,67],"tags":[57,61,19,60],"class_list":["post-3609","post","type-post","status-publish","format-standard","has-post-thumbnail","hentry","category-campana","category-corredor-norte","category-los-cardales","category-mercado","category-sinor","category-zarate","tag-campana","tag-corredor-norte","tag-destacado","tag-sinor"],"yoast_head":"<!-- This site is optimized with the Yoast SEO plugin v27.5 - https:\/\/yoast.com\/product\/yoast-seo-wordpress\/ -->\n<title>SINOR 2026: EL CORREDOR NORTE BUSCA DAR \u201cEL SALTO\u201d Y PROYECTARSE COMO EL NUEVO POLO INMOBILIARIO Y TUR\u00cdSTICO DEL PA\u00cdS - NEWS<\/title>\n<meta name=\"robots\" content=\"index, follow, max-snippet:-1, max-image-preview:large, max-video-preview:-1\" \/>\n<link rel=\"canonical\" href=\"https:\/\/cademaprop.com.ar\/blog\/sinor-2026-el-corredor-norte-busca-dar-el-salto-y-proyectarse-como-el-nuevo-polo-inmobiliario-y-turistico-del-pais\/\" \/>\n<meta property=\"og:locale\" content=\"es_MX\" \/>\n<meta property=\"og:type\" content=\"article\" \/>\n<meta property=\"og:title\" content=\"SINOR 2026: EL CORREDOR NORTE BUSCA DAR \u201cEL SALTO\u201d Y PROYECTARSE COMO EL NUEVO POLO INMOBILIARIO Y TUR\u00cdSTICO DEL PA\u00cdS - NEWS\" \/>\n<meta property=\"og:description\" content=\"A cuatro meses de su tercera edici\u00f3n, SINOR empieza a perfilarse como algo m\u00e1s que un evento sectorial. Sus organizadores anticipan que la pr\u00f3xima cita, prevista para el 13 de \u00a0abril de 2026 en Sofitel La Reserva Cardales, apunta a instalar al Corredor Norte bonaerense como una marca territorial capaz de competir, atraer inversiones y [&hellip;]\" \/>\n<meta property=\"og:url\" content=\"https:\/\/cademaprop.com.ar\/blog\/sinor-2026-el-corredor-norte-busca-dar-el-salto-y-proyectarse-como-el-nuevo-polo-inmobiliario-y-turistico-del-pais\/\" \/>\n<meta property=\"og:site_name\" content=\"NEWS\" \/>\n<meta property=\"article:publisher\" content=\"https:\/\/www.facebook.com\/inmobiliariacadema\" \/>\n<meta property=\"article:published_time\" content=\"2025-12-12T13:27:00+00:00\" \/>\n<meta property=\"article:modified_time\" content=\"2025-12-15T03:38:42+00:00\" \/>\n<meta property=\"og:image\" content=\"https:\/\/cademaprop.com.ar\/blog\/wp-content\/uploads\/2025\/12\/SINOR_info-2.-2026-scaled.jpg\" \/>\n\t<meta property=\"og:image:width\" content=\"2560\" \/>\n\t<meta property=\"og:image:height\" content=\"1443\" \/>\n\t<meta property=\"og:image:type\" content=\"image\/jpeg\" \/>\n<meta name=\"author\" content=\"Cadema Bienes Ra\u00edces\" \/>\n<meta name=\"twitter:card\" content=\"summary_large_image\" \/>\n<meta name=\"twitter:creator\" content=\"@InmoCadema\" \/>\n<meta name=\"twitter:site\" content=\"@InmoCadema\" \/>\n<meta name=\"twitter:label1\" content=\"Escrito por\" \/>\n\t<meta name=\"twitter:data1\" content=\"Cadema Bienes Ra\u00edces\" \/>\n\t<meta name=\"twitter:label2\" content=\"Tiempo de lectura\" \/>\n\t<meta name=\"twitter:data2\" content=\"4 minutos\" \/>\n<script type=\"application\/ld+json\" class=\"yoast-schema-graph\">{\"@context\":\"https:\\\/\\\/schema.org\",\"@graph\":[{\"@type\":\"Article\",\"@id\":\"https:\\\/\\\/cademaprop.com.ar\\\/blog\\\/sinor-2026-el-corredor-norte-busca-dar-el-salto-y-proyectarse-como-el-nuevo-polo-inmobiliario-y-turistico-del-pais\\\/#article\",\"isPartOf\":{\"@id\":\"https:\\\/\\\/cademaprop.com.ar\\\/blog\\\/sinor-2026-el-corredor-norte-busca-dar-el-salto-y-proyectarse-como-el-nuevo-polo-inmobiliario-y-turistico-del-pais\\\/\"},\"author\":{\"name\":\"Cadema Bienes Ra\u00edces\",\"@id\":\"https:\\\/\\\/cademaprop.com.ar\\\/blog\\\/#\\\/schema\\\/person\\\/bf1e8554d62db91bc0110bd8b2c68625\"},\"headline\":\"SINOR 2026: EL CORREDOR NORTE BUSCA DAR \u201cEL SALTO\u201d Y PROYECTARSE COMO EL NUEVO POLO INMOBILIARIO Y TUR\u00cdSTICO DEL PA\u00cdS\",\"datePublished\":\"2025-12-12T13:27:00+00:00\",\"dateModified\":\"2025-12-15T03:38:42+00:00\",\"mainEntityOfPage\":{\"@id\":\"https:\\\/\\\/cademaprop.com.ar\\\/blog\\\/sinor-2026-el-corredor-norte-busca-dar-el-salto-y-proyectarse-como-el-nuevo-polo-inmobiliario-y-turistico-del-pais\\\/\"},\"wordCount\":712,\"publisher\":{\"@id\":\"https:\\\/\\\/cademaprop.com.ar\\\/blog\\\/#organization\"},\"image\":{\"@id\":\"https:\\\/\\\/cademaprop.com.ar\\\/blog\\\/sinor-2026-el-corredor-norte-busca-dar-el-salto-y-proyectarse-como-el-nuevo-polo-inmobiliario-y-turistico-del-pais\\\/#primaryimage\"},\"thumbnailUrl\":\"https:\\\/\\\/cademaprop.com.ar\\\/blog\\\/wp-content\\\/uploads\\\/2025\\\/12\\\/SINOR_info-2.-2026-scaled.jpg\",\"keywords\":[\"campana\",\"Corredor Norte\",\"Destacado\",\"SINOR\"],\"articleSection\":[\"Campana\",\"Corredor Norte\",\"Los Cardales\",\"Mercado\",\"SINOR\",\"Z\u00e1rate\"],\"inLanguage\":\"es\"},{\"@type\":\"WebPage\",\"@id\":\"https:\\\/\\\/cademaprop.com.ar\\\/blog\\\/sinor-2026-el-corredor-norte-busca-dar-el-salto-y-proyectarse-como-el-nuevo-polo-inmobiliario-y-turistico-del-pais\\\/\",\"url\":\"https:\\\/\\\/cademaprop.com.ar\\\/blog\\\/sinor-2026-el-corredor-norte-busca-dar-el-salto-y-proyectarse-como-el-nuevo-polo-inmobiliario-y-turistico-del-pais\\\/\",\"name\":\"SINOR 2026: EL CORREDOR NORTE BUSCA DAR \u201cEL SALTO\u201d Y PROYECTARSE COMO EL NUEVO POLO INMOBILIARIO Y TUR\u00cdSTICO DEL PA\u00cdS - NEWS\",\"isPartOf\":{\"@id\":\"https:\\\/\\\/cademaprop.com.ar\\\/blog\\\/#website\"},\"primaryImageOfPage\":{\"@id\":\"https:\\\/\\\/cademaprop.com.ar\\\/blog\\\/sinor-2026-el-corredor-norte-busca-dar-el-salto-y-proyectarse-como-el-nuevo-polo-inmobiliario-y-turistico-del-pais\\\/#primaryimage\"},\"image\":{\"@id\":\"https:\\\/\\\/cademaprop.com.ar\\\/blog\\\/sinor-2026-el-corredor-norte-busca-dar-el-salto-y-proyectarse-como-el-nuevo-polo-inmobiliario-y-turistico-del-pais\\\/#primaryimage\"},\"thumbnailUrl\":\"https:\\\/\\\/cademaprop.com.ar\\\/blog\\\/wp-content\\\/uploads\\\/2025\\\/12\\\/SINOR_info-2.-2026-scaled.jpg\",\"datePublished\":\"2025-12-12T13:27:00+00:00\",\"dateModified\":\"2025-12-15T03:38:42+00:00\",\"breadcrumb\":{\"@id\":\"https:\\\/\\\/cademaprop.com.ar\\\/blog\\\/sinor-2026-el-corredor-norte-busca-dar-el-salto-y-proyectarse-como-el-nuevo-polo-inmobiliario-y-turistico-del-pais\\\/#breadcrumb\"},\"inLanguage\":\"es\",\"potentialAction\":[{\"@type\":\"ReadAction\",\"target\":[\"https:\\\/\\\/cademaprop.com.ar\\\/blog\\\/sinor-2026-el-corredor-norte-busca-dar-el-salto-y-proyectarse-como-el-nuevo-polo-inmobiliario-y-turistico-del-pais\\\/\"]}]},{\"@type\":\"ImageObject\",\"inLanguage\":\"es\",\"@id\":\"https:\\\/\\\/cademaprop.com.ar\\\/blog\\\/sinor-2026-el-corredor-norte-busca-dar-el-salto-y-proyectarse-como-el-nuevo-polo-inmobiliario-y-turistico-del-pais\\\/#primaryimage\",\"url\":\"https:\\\/\\\/cademaprop.com.ar\\\/blog\\\/wp-content\\\/uploads\\\/2025\\\/12\\\/SINOR_info-2.-2026-scaled.jpg\",\"contentUrl\":\"https:\\\/\\\/cademaprop.com.ar\\\/blog\\\/wp-content\\\/uploads\\\/2025\\\/12\\\/SINOR_info-2.-2026-scaled.jpg\",\"width\":2560,\"height\":1443},{\"@type\":\"BreadcrumbList\",\"@id\":\"https:\\\/\\\/cademaprop.com.ar\\\/blog\\\/sinor-2026-el-corredor-norte-busca-dar-el-salto-y-proyectarse-como-el-nuevo-polo-inmobiliario-y-turistico-del-pais\\\/#breadcrumb\",\"itemListElement\":[{\"@type\":\"ListItem\",\"position\":1,\"name\":\"Inicio\",\"item\":\"https:\\\/\\\/cademaprop.com.ar\\\/blog\\\/\"},{\"@type\":\"ListItem\",\"position\":2,\"name\":\"SINOR 2026: EL CORREDOR NORTE BUSCA DAR \u201cEL SALTO\u201d Y PROYECTARSE COMO EL NUEVO POLO INMOBILIARIO Y TUR\u00cdSTICO DEL PA\u00cdS\"}]},{\"@type\":\"WebSite\",\"@id\":\"https:\\\/\\\/cademaprop.com.ar\\\/blog\\\/#website\",\"url\":\"https:\\\/\\\/cademaprop.com.ar\\\/blog\\\/\",\"name\":\"CADEMA NEWS\",\"description\":\"\",\"publisher\":{\"@id\":\"https:\\\/\\\/cademaprop.com.ar\\\/blog\\\/#organization\"},\"potentialAction\":[{\"@type\":\"SearchAction\",\"target\":{\"@type\":\"EntryPoint\",\"urlTemplate\":\"https:\\\/\\\/cademaprop.com.ar\\\/blog\\\/?s={search_term_string}\"},\"query-input\":{\"@type\":\"PropertyValueSpecification\",\"valueRequired\":true,\"valueName\":\"search_term_string\"}}],\"inLanguage\":\"es\"},{\"@type\":\"Organization\",\"@id\":\"https:\\\/\\\/cademaprop.com.ar\\\/blog\\\/#organization\",\"name\":\"INMOBILIARIA CADEMA\",\"url\":\"https:\\\/\\\/cademaprop.com.ar\\\/blog\\\/\",\"logo\":{\"@type\":\"ImageObject\",\"inLanguage\":\"es\",\"@id\":\"https:\\\/\\\/cademaprop.com.ar\\\/blog\\\/#\\\/schema\\\/logo\\\/image\\\/\",\"url\":\"https:\\\/\\\/cademaprop.com.ar\\\/blog\\\/wp-content\\\/uploads\\\/2024\\\/01\\\/CDN-Logo-Full-Color.png\",\"contentUrl\":\"https:\\\/\\\/cademaprop.com.ar\\\/blog\\\/wp-content\\\/uploads\\\/2024\\\/01\\\/CDN-Logo-Full-Color.png\",\"width\":4410,\"height\":1418,\"caption\":\"INMOBILIARIA CADEMA\"},\"image\":{\"@id\":\"https:\\\/\\\/cademaprop.com.ar\\\/blog\\\/#\\\/schema\\\/logo\\\/image\\\/\"},\"sameAs\":[\"https:\\\/\\\/www.facebook.com\\\/inmobiliariacadema\",\"https:\\\/\\\/x.com\\\/InmoCadema\",\"https:\\\/\\\/www.instagram.com\\\/inmobiliariacadema\",\"https:\\\/\\\/www.threads.net\\\/@inmobiliariacadema\",\"https:\\\/\\\/www.tiktok.com\\\/@inmobiliariacadema\"]},{\"@type\":\"Person\",\"@id\":\"https:\\\/\\\/cademaprop.com.ar\\\/blog\\\/#\\\/schema\\\/person\\\/bf1e8554d62db91bc0110bd8b2c68625\",\"name\":\"Cadema Bienes Ra\u00edces\",\"image\":{\"@type\":\"ImageObject\",\"inLanguage\":\"es\",\"@id\":\"https:\\\/\\\/secure.gravatar.com\\\/avatar\\\/dcf94633e3fe61607b8d5ead2fbb04c595474c581edee9a1c8c801464d64e4af?s=96&r=g\",\"url\":\"https:\\\/\\\/secure.gravatar.com\\\/avatar\\\/dcf94633e3fe61607b8d5ead2fbb04c595474c581edee9a1c8c801464d64e4af?s=96&r=g\",\"contentUrl\":\"https:\\\/\\\/secure.gravatar.com\\\/avatar\\\/dcf94633e3fe61607b8d5ead2fbb04c595474c581edee9a1c8c801464d64e4af?s=96&r=g\",\"caption\":\"Cadema Bienes Ra\u00edces\"},\"description\":\"Nuestra prioridad es lograr una s\u00edntesis equilibrada entre las necesidades del comprador y los requerimientos del vendedor. Con m\u00e1s de seis d\u00e9cadas de experiencia, nos enorgullece ser la empresa l\u00edder en el \u00e1mbito inmobiliario de la ciudad de Campana. Especializados en la venta de inmuebles y desarrollos urbanos e industriales, hemos marcado nuestro camino con dedicaci\u00f3n y excelencia. En el a\u00f1o 2024 celebramos nuestro 60\u00ba aniversario, reflejando nuestra constante b\u00fasqueda de vanguardia tecnol\u00f3gica para enfrentar los desaf\u00edos del mercado.\",\"sameAs\":[\"https:\\\/\\\/www.cademaprop.com.ar\\\/\"],\"url\":\"https:\\\/\\\/cademaprop.com.ar\\\/blog\\\/author\\\/mar0015\\\/\"}]}<\/script>\n<!-- \/ Yoast SEO plugin. -->","yoast_head_json":{"title":"SINOR 2026: EL CORREDOR NORTE BUSCA DAR \u201cEL SALTO\u201d Y PROYECTARSE COMO EL NUEVO POLO INMOBILIARIO Y TUR\u00cdSTICO DEL PA\u00cdS - NEWS","robots":{"index":"index","follow":"follow","max-snippet":"max-snippet:-1","max-image-preview":"max-image-preview:large","max-video-preview":"max-video-preview:-1"},"canonical":"https:\/\/cademaprop.com.ar\/blog\/sinor-2026-el-corredor-norte-busca-dar-el-salto-y-proyectarse-como-el-nuevo-polo-inmobiliario-y-turistico-del-pais\/","og_locale":"es_MX","og_type":"article","og_title":"SINOR 2026: EL CORREDOR NORTE BUSCA DAR \u201cEL SALTO\u201d Y PROYECTARSE COMO EL NUEVO POLO INMOBILIARIO Y TUR\u00cdSTICO DEL PA\u00cdS - NEWS","og_description":"A cuatro meses de su tercera edici\u00f3n, SINOR empieza a perfilarse como algo m\u00e1s que un evento sectorial. Sus organizadores anticipan que la pr\u00f3xima cita, prevista para el 13 de \u00a0abril de 2026 en Sofitel La Reserva Cardales, apunta a instalar al Corredor Norte bonaerense como una marca territorial capaz de competir, atraer inversiones y [&hellip;]","og_url":"https:\/\/cademaprop.com.ar\/blog\/sinor-2026-el-corredor-norte-busca-dar-el-salto-y-proyectarse-como-el-nuevo-polo-inmobiliario-y-turistico-del-pais\/","og_site_name":"NEWS","article_publisher":"https:\/\/www.facebook.com\/inmobiliariacadema","article_published_time":"2025-12-12T13:27:00+00:00","article_modified_time":"2025-12-15T03:38:42+00:00","og_image":[{"width":2560,"height":1443,"url":"https:\/\/cademaprop.com.ar\/blog\/wp-content\/uploads\/2025\/12\/SINOR_info-2.-2026-scaled.jpg","type":"image\/jpeg"}],"author":"Cadema Bienes Ra\u00edces","twitter_card":"summary_large_image","twitter_creator":"@InmoCadema","twitter_site":"@InmoCadema","twitter_misc":{"Escrito por":"Cadema Bienes Ra\u00edces","Tiempo de lectura":"4 minutos"},"schema":{"@context":"https:\/\/schema.org","@graph":[{"@type":"Article","@id":"https:\/\/cademaprop.com.ar\/blog\/sinor-2026-el-corredor-norte-busca-dar-el-salto-y-proyectarse-como-el-nuevo-polo-inmobiliario-y-turistico-del-pais\/#article","isPartOf":{"@id":"https:\/\/cademaprop.com.ar\/blog\/sinor-2026-el-corredor-norte-busca-dar-el-salto-y-proyectarse-como-el-nuevo-polo-inmobiliario-y-turistico-del-pais\/"},"author":{"name":"Cadema Bienes Ra\u00edces","@id":"https:\/\/cademaprop.com.ar\/blog\/#\/schema\/person\/bf1e8554d62db91bc0110bd8b2c68625"},"headline":"SINOR 2026: EL CORREDOR NORTE BUSCA DAR \u201cEL SALTO\u201d Y PROYECTARSE COMO EL NUEVO POLO INMOBILIARIO Y TUR\u00cdSTICO DEL PA\u00cdS","datePublished":"2025-12-12T13:27:00+00:00","dateModified":"2025-12-15T03:38:42+00:00","mainEntityOfPage":{"@id":"https:\/\/cademaprop.com.ar\/blog\/sinor-2026-el-corredor-norte-busca-dar-el-salto-y-proyectarse-como-el-nuevo-polo-inmobiliario-y-turistico-del-pais\/"},"wordCount":712,"publisher":{"@id":"https:\/\/cademaprop.com.ar\/blog\/#organization"},"image":{"@id":"https:\/\/cademaprop.com.ar\/blog\/sinor-2026-el-corredor-norte-busca-dar-el-salto-y-proyectarse-como-el-nuevo-polo-inmobiliario-y-turistico-del-pais\/#primaryimage"},"thumbnailUrl":"https:\/\/cademaprop.com.ar\/blog\/wp-content\/uploads\/2025\/12\/SINOR_info-2.-2026-scaled.jpg","keywords":["campana","Corredor Norte","Destacado","SINOR"],"articleSection":["Campana","Corredor Norte","Los Cardales","Mercado","SINOR","Z\u00e1rate"],"inLanguage":"es"},{"@type":"WebPage","@id":"https:\/\/cademaprop.com.ar\/blog\/sinor-2026-el-corredor-norte-busca-dar-el-salto-y-proyectarse-como-el-nuevo-polo-inmobiliario-y-turistico-del-pais\/","url":"https:\/\/cademaprop.com.ar\/blog\/sinor-2026-el-corredor-norte-busca-dar-el-salto-y-proyectarse-como-el-nuevo-polo-inmobiliario-y-turistico-del-pais\/","name":"SINOR 2026: EL CORREDOR NORTE BUSCA DAR \u201cEL SALTO\u201d Y PROYECTARSE COMO EL NUEVO POLO INMOBILIARIO Y TUR\u00cdSTICO DEL PA\u00cdS - NEWS","isPartOf":{"@id":"https:\/\/cademaprop.com.ar\/blog\/#website"},"primaryImageOfPage":{"@id":"https:\/\/cademaprop.com.ar\/blog\/sinor-2026-el-corredor-norte-busca-dar-el-salto-y-proyectarse-como-el-nuevo-polo-inmobiliario-y-turistico-del-pais\/#primaryimage"},"image":{"@id":"https:\/\/cademaprop.com.ar\/blog\/sinor-2026-el-corredor-norte-busca-dar-el-salto-y-proyectarse-como-el-nuevo-polo-inmobiliario-y-turistico-del-pais\/#primaryimage"},"thumbnailUrl":"https:\/\/cademaprop.com.ar\/blog\/wp-content\/uploads\/2025\/12\/SINOR_info-2.-2026-scaled.jpg","datePublished":"2025-12-12T13:27:00+00:00","dateModified":"2025-12-15T03:38:42+00:00","breadcrumb":{"@id":"https:\/\/cademaprop.com.ar\/blog\/sinor-2026-el-corredor-norte-busca-dar-el-salto-y-proyectarse-como-el-nuevo-polo-inmobiliario-y-turistico-del-pais\/#breadcrumb"},"inLanguage":"es","potentialAction":[{"@type":"ReadAction","target":["https:\/\/cademaprop.com.ar\/blog\/sinor-2026-el-corredor-norte-busca-dar-el-salto-y-proyectarse-como-el-nuevo-polo-inmobiliario-y-turistico-del-pais\/"]}]},{"@type":"ImageObject","inLanguage":"es","@id":"https:\/\/cademaprop.com.ar\/blog\/sinor-2026-el-corredor-norte-busca-dar-el-salto-y-proyectarse-como-el-nuevo-polo-inmobiliario-y-turistico-del-pais\/#primaryimage","url":"https:\/\/cademaprop.com.ar\/blog\/wp-content\/uploads\/2025\/12\/SINOR_info-2.-2026-scaled.jpg","contentUrl":"https:\/\/cademaprop.com.ar\/blog\/wp-content\/uploads\/2025\/12\/SINOR_info-2.-2026-scaled.jpg","width":2560,"height":1443},{"@type":"BreadcrumbList","@id":"https:\/\/cademaprop.com.ar\/blog\/sinor-2026-el-corredor-norte-busca-dar-el-salto-y-proyectarse-como-el-nuevo-polo-inmobiliario-y-turistico-del-pais\/#breadcrumb","itemListElement":[{"@type":"ListItem","position":1,"name":"Inicio","item":"https:\/\/cademaprop.com.ar\/blog\/"},{"@type":"ListItem","position":2,"name":"SINOR 2026: EL CORREDOR NORTE BUSCA DAR \u201cEL SALTO\u201d Y PROYECTARSE COMO EL NUEVO POLO INMOBILIARIO Y TUR\u00cdSTICO DEL PA\u00cdS"}]},{"@type":"WebSite","@id":"https:\/\/cademaprop.com.ar\/blog\/#website","url":"https:\/\/cademaprop.com.ar\/blog\/","name":"CADEMA NEWS","description":"","publisher":{"@id":"https:\/\/cademaprop.com.ar\/blog\/#organization"},"potentialAction":[{"@type":"SearchAction","target":{"@type":"EntryPoint","urlTemplate":"https:\/\/cademaprop.com.ar\/blog\/?s={search_term_string}"},"query-input":{"@type":"PropertyValueSpecification","valueRequired":true,"valueName":"search_term_string"}}],"inLanguage":"es"},{"@type":"Organization","@id":"https:\/\/cademaprop.com.ar\/blog\/#organization","name":"INMOBILIARIA CADEMA","url":"https:\/\/cademaprop.com.ar\/blog\/","logo":{"@type":"ImageObject","inLanguage":"es","@id":"https:\/\/cademaprop.com.ar\/blog\/#\/schema\/logo\/image\/","url":"https:\/\/cademaprop.com.ar\/blog\/wp-content\/uploads\/2024\/01\/CDN-Logo-Full-Color.png","contentUrl":"https:\/\/cademaprop.com.ar\/blog\/wp-content\/uploads\/2024\/01\/CDN-Logo-Full-Color.png","width":4410,"height":1418,"caption":"INMOBILIARIA CADEMA"},"image":{"@id":"https:\/\/cademaprop.com.ar\/blog\/#\/schema\/logo\/image\/"},"sameAs":["https:\/\/www.facebook.com\/inmobiliariacadema","https:\/\/x.com\/InmoCadema","https:\/\/www.instagram.com\/inmobiliariacadema","https:\/\/www.threads.net\/@inmobiliariacadema","https:\/\/www.tiktok.com\/@inmobiliariacadema"]},{"@type":"Person","@id":"https:\/\/cademaprop.com.ar\/blog\/#\/schema\/person\/bf1e8554d62db91bc0110bd8b2c68625","name":"Cadema Bienes Ra\u00edces","image":{"@type":"ImageObject","inLanguage":"es","@id":"https:\/\/secure.gravatar.com\/avatar\/dcf94633e3fe61607b8d5ead2fbb04c595474c581edee9a1c8c801464d64e4af?s=96&r=g","url":"https:\/\/secure.gravatar.com\/avatar\/dcf94633e3fe61607b8d5ead2fbb04c595474c581edee9a1c8c801464d64e4af?s=96&r=g","contentUrl":"https:\/\/secure.gravatar.com\/avatar\/dcf94633e3fe61607b8d5ead2fbb04c595474c581edee9a1c8c801464d64e4af?s=96&r=g","caption":"Cadema Bienes Ra\u00edces"},"description":"Nuestra prioridad es lograr una s\u00edntesis equilibrada entre las necesidades del comprador y los requerimientos del vendedor. Con m\u00e1s de seis d\u00e9cadas de experiencia, nos enorgullece ser la empresa l\u00edder en el \u00e1mbito inmobiliario de la ciudad de Campana. Especializados en la venta de inmuebles y desarrollos urbanos e industriales, hemos marcado nuestro camino con dedicaci\u00f3n y excelencia. En el a\u00f1o 2024 celebramos nuestro 60\u00ba aniversario, reflejando nuestra constante b\u00fasqueda de vanguardia tecnol\u00f3gica para enfrentar los desaf\u00edos del mercado.","sameAs":["https:\/\/www.cademaprop.com.ar\/"],"url":"https:\/\/cademaprop.com.ar\/blog\/author\/mar0015\/"}]}},"_links":{"self":[{"href":"https:\/\/cademaprop.com.ar\/blog\/wp-json\/wp\/v2\/posts\/3609","targetHints":{"allow":["GET"]}}],"collection":[{"href":"https:\/\/cademaprop.com.ar\/blog\/wp-json\/wp\/v2\/posts"}],"about":[{"href":"https:\/\/cademaprop.com.ar\/blog\/wp-json\/wp\/v2\/types\/post"}],"author":[{"embeddable":true,"href":"https:\/\/cademaprop.com.ar\/blog\/wp-json\/wp\/v2\/users\/2"}],"replies":[{"embeddable":true,"href":"https:\/\/cademaprop.com.ar\/blog\/wp-json\/wp\/v2\/comments?post=3609"}],"version-history":[{"count":6,"href":"https:\/\/cademaprop.com.ar\/blog\/wp-json\/wp\/v2\/posts\/3609\/revisions"}],"predecessor-version":[{"id":3621,"href":"https:\/\/cademaprop.com.ar\/blog\/wp-json\/wp\/v2\/posts\/3609\/revisions\/3621"}],"wp:featuredmedia":[{"embeddable":true,"href":"https:\/\/cademaprop.com.ar\/blog\/wp-json\/wp\/v2\/media\/3610"}],"wp:attachment":[{"href":"https:\/\/cademaprop.com.ar\/blog\/wp-json\/wp\/v2\/media?parent=3609"}],"wp:term":[{"taxonomy":"category","embeddable":true,"href":"https:\/\/cademaprop.com.ar\/blog\/wp-json\/wp\/v2\/categories?post=3609"},{"taxonomy":"post_tag","embeddable":true,"href":"https:\/\/cademaprop.com.ar\/blog\/wp-json\/wp\/v2\/tags?post=3609"}],"curies":[{"name":"wp","href":"https:\/\/api.w.org\/{rel}","templated":true}]}}