{"id":3796,"date":"2026-03-04T15:55:16","date_gmt":"2026-03-04T18:55:16","guid":{"rendered":"https:\/\/cademaprop.com.ar\/blog\/?p=3796"},"modified":"2026-03-18T17:07:46","modified_gmt":"2026-03-18T20:07:46","slug":"turismo-industrial-en-el-corredor-norte-industria-territorio-y-comunidad-en-accion","status":"publish","type":"post","link":"https:\/\/cademaprop.com.ar\/blog\/turismo-industrial-en-el-corredor-norte-industria-territorio-y-comunidad-en-accion\/","title":{"rendered":"TURISMO INDUSTRIAL EN EL CORREDOR NORTE: INDUSTRIA, TERRITORIO Y COMUNIDAD EN ACCI\u00d3N"},"content":{"rendered":"\n<p>En el marco de la visi\u00f3n que impulsa <strong><a href=\"https:\/\/www.instagram.com\/sinor.ok\/?hl=es\" type=\"link\" id=\"https:\/\/www.instagram.com\/sinor.ok\/?hl=es\">SINOR (Sal\u00f3n Inmobiliario Corredor Norte)<\/a><\/strong> \u2014integraci\u00f3n productiva, infraestructura estrat\u00e9gica y desarrollo territorial\u2014 el martes 24 de febrero se llev\u00f3 adelante una nueva experiencia de Turismo Industrial organizada conjuntamente por <strong><a href=\"https:\/\/www.instagram.com\/lafabrica.podcast\/?hl=es\" type=\"link\" id=\"https:\/\/www.instagram.com\/lafabrica.podcast\/?hl=es\">La F\u00e1brica Podcast<\/a><\/strong>, <a href=\"https:\/\/sinor.com.ar\/\" type=\"link\" id=\"https:\/\/sinor.com.ar\/\"><strong>SINOR<\/strong> <\/a>y <a href=\"https:\/\/cademaprop.com.ar\/parque-industrial\/centro-logistico-consultor-inmobiliario-empresas-venta-alquiler-fracciones-galpones\/\" type=\"link\" id=\"https:\/\/cademaprop.com.ar\/parque-industrial\/centro-logistico-consultor-inmobiliario-empresas-venta-alquiler-fracciones-galpones\/\"><strong>Cadema Industrias<\/strong>.<\/a><\/p>\n\n\n\n<p>La iniciativa estuvo dirigida a la <a href=\"https:\/\/www.instagram.com\/comunidadlfp\/?hl=es\" type=\"link\" id=\"https:\/\/www.instagram.com\/comunidadlfp\/?hl=es\">comunidad de La F\u00e1brica<\/a>, mediante un sorteo que permiti\u00f3 a 30 personas recorrer y conocer desde adentro dos actores clave del entramado productivo del Corredor Norte.<\/p>\n\n\n\n<p>El objetivo fue claro: acercar la industria a la comunidad y mostrar c\u00f3mo funciona, en tiempo real, el ecosistema que sostiene el crecimiento de la regi\u00f3n.<\/p>\n\n\n\n<h2 class=\"wp-block-heading\"><strong>Punto de partida: el Parque Industrial Ruta 6<\/strong><\/h2>\n\n\n\n<p>La jornada comenz\u00f3 con un desayuno de bienvenida en la oficina comercial de <a href=\"https:\/\/www.instagram.com\/cademaindustrias\/?hl=es\">Cadema Industrias<\/a>, ubicada dentro del <strong><a href=\"https:\/\/share.google\/dzdfsNN1VNB2M7vkm\" type=\"link\" id=\"https:\/\/share.google\/dzdfsNN1VNB2M7vkm\">Parque Industrial Ruta 6<\/a><\/strong>.<\/p>\n\n\n\n<p>All\u00ed, miembros de La F\u00e1brica presentaron el esp\u00edritu de la iniciativa, y <strong><a href=\"https:\/\/www.instagram.com\/rolandocafferatta\/?hl=es\" type=\"link\" id=\"https:\/\/www.instagram.com\/rolandocafferatta\/?hl=es\">Rolando Cafferatta<\/a><\/strong>, director de <a href=\"https:\/\/cademaprop.com.ar\/\" type=\"link\" id=\"https:\/\/cademaprop.com.ar\/\">Cadema<\/a>, destac\u00f3 la importancia de generar estos espacios de vinculaci\u00f3n entre empresas y comunidad, alineados con la mirada estrat\u00e9gica de <a href=\"https:\/\/www.instagram.com\/sinor.ok\/?hl=es\">SINOR <\/a>sobre el desarrollo regional.<\/p>\n\n\n\n<p>El mensaje fue contundente: el crecimiento productivo necesita infraestructura, pero tambi\u00e9n necesita integraci\u00f3n y participaci\u00f3n.<\/p>\n\n\n\n<figure class=\"wp-block-gallery has-nested-images columns-default is-cropped wp-block-gallery-1 is-layout-flex wp-block-gallery-is-layout-flex\">\n<figure class=\"wp-block-image size-large\"><a href=\"https:\/\/cademaprop.com.ar\/blog\/wp-content\/uploads\/2026\/03\/20260224_095930-scaled.jpg\"><img fetchpriority=\"high\" decoding=\"async\" width=\"1024\" height=\"577\" data-id=\"3800\" src=\"https:\/\/cademaprop.com.ar\/blog\/wp-content\/uploads\/2026\/03\/20260224_095930-1024x577.jpg\" alt=\"\" class=\"wp-image-3800\" srcset=\"https:\/\/cademaprop.com.ar\/blog\/wp-content\/uploads\/2026\/03\/20260224_095930-1024x577.jpg 1024w, https:\/\/cademaprop.com.ar\/blog\/wp-content\/uploads\/2026\/03\/20260224_095930-300x169.jpg 300w, https:\/\/cademaprop.com.ar\/blog\/wp-content\/uploads\/2026\/03\/20260224_095930-768x432.jpg 768w, https:\/\/cademaprop.com.ar\/blog\/wp-content\/uploads\/2026\/03\/20260224_095930-1536x865.jpg 1536w, https:\/\/cademaprop.com.ar\/blog\/wp-content\/uploads\/2026\/03\/20260224_095930-2048x1153.jpg 2048w, https:\/\/cademaprop.com.ar\/blog\/wp-content\/uploads\/2026\/03\/20260224_095930-18x10.jpg 18w\" sizes=\"(max-width: 1024px) 100vw, 1024px\" \/><\/a><\/figure>\n\n\n\n<figure class=\"wp-block-image size-large\"><a href=\"https:\/\/cademaprop.com.ar\/blog\/wp-content\/uploads\/2026\/03\/20260224_105429-scaled.jpg\"><img decoding=\"async\" width=\"1024\" height=\"577\" data-id=\"3801\" src=\"https:\/\/cademaprop.com.ar\/blog\/wp-content\/uploads\/2026\/03\/20260224_105429-1024x577.jpg\" alt=\"\" class=\"wp-image-3801\" srcset=\"https:\/\/cademaprop.com.ar\/blog\/wp-content\/uploads\/2026\/03\/20260224_105429-1024x577.jpg 1024w, https:\/\/cademaprop.com.ar\/blog\/wp-content\/uploads\/2026\/03\/20260224_105429-300x169.jpg 300w, https:\/\/cademaprop.com.ar\/blog\/wp-content\/uploads\/2026\/03\/20260224_105429-768x432.jpg 768w, https:\/\/cademaprop.com.ar\/blog\/wp-content\/uploads\/2026\/03\/20260224_105429-1536x865.jpg 1536w, https:\/\/cademaprop.com.ar\/blog\/wp-content\/uploads\/2026\/03\/20260224_105429-2048x1153.jpg 2048w, https:\/\/cademaprop.com.ar\/blog\/wp-content\/uploads\/2026\/03\/20260224_105429-18x10.jpg 18w\" sizes=\"(max-width: 1024px) 100vw, 1024px\" \/><\/a><\/figure>\n\n\n\n<figure class=\"wp-block-image size-large\"><a href=\"https:\/\/cademaprop.com.ar\/blog\/wp-content\/uploads\/2026\/03\/a-2-scaled.jpg\"><img decoding=\"async\" width=\"1024\" height=\"576\" data-id=\"3812\" src=\"https:\/\/cademaprop.com.ar\/blog\/wp-content\/uploads\/2026\/03\/a-2-1024x576.jpg\" alt=\"\" class=\"wp-image-3812\" srcset=\"https:\/\/cademaprop.com.ar\/blog\/wp-content\/uploads\/2026\/03\/a-2-1024x576.jpg 1024w, https:\/\/cademaprop.com.ar\/blog\/wp-content\/uploads\/2026\/03\/a-2-300x169.jpg 300w, https:\/\/cademaprop.com.ar\/blog\/wp-content\/uploads\/2026\/03\/a-2-768x432.jpg 768w, https:\/\/cademaprop.com.ar\/blog\/wp-content\/uploads\/2026\/03\/a-2-1536x864.jpg 1536w, https:\/\/cademaprop.com.ar\/blog\/wp-content\/uploads\/2026\/03\/a-2-2048x1152.jpg 2048w, https:\/\/cademaprop.com.ar\/blog\/wp-content\/uploads\/2026\/03\/a-2-18x10.jpg 18w\" sizes=\"(max-width: 1024px) 100vw, 1024px\" \/><\/a><\/figure>\n\n\n\n<figure class=\"wp-block-image size-large\"><a href=\"https:\/\/cademaprop.com.ar\/blog\/wp-content\/uploads\/2026\/03\/a-29-scaled.jpg\"><img loading=\"lazy\" decoding=\"async\" width=\"1024\" height=\"577\" data-id=\"3813\" src=\"https:\/\/cademaprop.com.ar\/blog\/wp-content\/uploads\/2026\/03\/a-29-1024x577.jpg\" alt=\"\" class=\"wp-image-3813\" srcset=\"https:\/\/cademaprop.com.ar\/blog\/wp-content\/uploads\/2026\/03\/a-29-1024x577.jpg 1024w, https:\/\/cademaprop.com.ar\/blog\/wp-content\/uploads\/2026\/03\/a-29-300x169.jpg 300w, https:\/\/cademaprop.com.ar\/blog\/wp-content\/uploads\/2026\/03\/a-29-768x433.jpg 768w, https:\/\/cademaprop.com.ar\/blog\/wp-content\/uploads\/2026\/03\/a-29-1536x866.jpg 1536w, https:\/\/cademaprop.com.ar\/blog\/wp-content\/uploads\/2026\/03\/a-29-2048x1154.jpg 2048w, https:\/\/cademaprop.com.ar\/blog\/wp-content\/uploads\/2026\/03\/a-29-18x10.jpg 18w\" sizes=\"(max-width: 1024px) 100vw, 1024px\" \/><\/a><\/figure>\n<\/figure>\n\n\n\n<h2 class=\"wp-block-heading\"><strong>Aconcagua Gin: industria con identidad<\/strong><\/h2>\n\n\n\n<p>La primera parada fue <strong><a href=\"https:\/\/www.aconcaguagin.com\/\" type=\"link\" id=\"https:\/\/www.aconcaguagin.com\/\">Aconcagua Gin<\/a><\/strong>, empresa radicada dentro del <a href=\"https:\/\/share.google\/dzdfsNN1VNB2M7vkm\" type=\"link\" id=\"https:\/\/share.google\/dzdfsNN1VNB2M7vkm\">Parque Industrial Ruta 6<\/a>, ejemplo del dinamismo emprendedor que caracteriza al Corredor Norte.<\/p>\n\n\n\n<p>Para optimizar la experiencia, los asistentes se dividieron en tres grupos y recorrieron distintas \u00e1reas:<\/p>\n\n\n\n<ul class=\"wp-block-list\">\n<li class=\"has-ast-global-color-8-color has-text-color has-link-color wp-elements-ef075a9650e5f32ffb1713d5474ba888\"><strong>Planta productiva<\/strong><\/li>\n<\/ul>\n\n\n\n<p>Guiados por Carlos, Gerente de Producci\u00f3n, conocieron el proceso completo de elaboraci\u00f3n, desde la selecci\u00f3n de insumos hasta el embotellado, entendiendo la rigurosidad t\u00e9cnica detr\u00e1s de cada producto.<\/p>\n\n\n\n<ul class=\"wp-block-list\">\n<li class=\"has-ast-global-color-8-color has-text-color has-link-color wp-elements-36e3b89c7479a30db55fd6304c1aec74\"><strong>Historia y visi\u00f3n empresarial<\/strong><\/li>\n<\/ul>\n\n\n\n<p>En sala, Ignacio Sierra, socio fundador, comparti\u00f3 el recorrido de la empresa, sus desaf\u00edos iniciales, la decisi\u00f3n estrat\u00e9gica de instalarse en el Parque Industrial y la visi\u00f3n a futuro.<\/p>\n\n\n\n<ul class=\"wp-block-list\">\n<li class=\"has-ast-global-color-8-color has-text-color has-link-color wp-elements-2f720eedca6b21f6219e046a9f1ba901\"><strong>\u00c1rea comercial<\/strong><\/li>\n<\/ul>\n\n\n\n<p>Juan Ignacio, Gerente Comercial, explic\u00f3 la estrategia de posicionamiento, la diversificaci\u00f3n de productos y el trabajo de marca que permite proyectar crecimiento desde la regi\u00f3n hacia otros mercados.<\/p>\n\n\n\n<p>La visita permiti\u00f3 visualizar c\u00f3mo un proyecto industrial puede escalar combinando planificaci\u00f3n, infraestructura y visi\u00f3n empresarial.<\/p>\n\n\n\n<figure class=\"wp-block-gallery has-nested-images columns-default is-cropped wp-block-gallery-2 is-layout-flex wp-block-gallery-is-layout-flex\">\n<figure class=\"wp-block-image size-large\"><a href=\"https:\/\/cademaprop.com.ar\/blog\/wp-content\/uploads\/2026\/03\/a-36-scaled.jpg\"><img loading=\"lazy\" decoding=\"async\" width=\"1024\" height=\"576\" data-id=\"3814\" src=\"https:\/\/cademaprop.com.ar\/blog\/wp-content\/uploads\/2026\/03\/a-36-1024x576.jpg\" alt=\"\" class=\"wp-image-3814\" srcset=\"https:\/\/cademaprop.com.ar\/blog\/wp-content\/uploads\/2026\/03\/a-36-1024x576.jpg 1024w, https:\/\/cademaprop.com.ar\/blog\/wp-content\/uploads\/2026\/03\/a-36-300x169.jpg 300w, https:\/\/cademaprop.com.ar\/blog\/wp-content\/uploads\/2026\/03\/a-36-768x432.jpg 768w, https:\/\/cademaprop.com.ar\/blog\/wp-content\/uploads\/2026\/03\/a-36-1536x864.jpg 1536w, https:\/\/cademaprop.com.ar\/blog\/wp-content\/uploads\/2026\/03\/a-36-2048x1152.jpg 2048w, https:\/\/cademaprop.com.ar\/blog\/wp-content\/uploads\/2026\/03\/a-36-18x10.jpg 18w\" sizes=\"(max-width: 1024px) 100vw, 1024px\" \/><\/a><\/figure>\n\n\n\n<figure class=\"wp-block-image size-large\"><a href=\"https:\/\/cademaprop.com.ar\/blog\/wp-content\/uploads\/2026\/03\/a-64-scaled.jpg\"><img loading=\"lazy\" decoding=\"async\" width=\"1024\" height=\"576\" data-id=\"3816\" src=\"https:\/\/cademaprop.com.ar\/blog\/wp-content\/uploads\/2026\/03\/a-64-1024x576.jpg\" alt=\"\" class=\"wp-image-3816\" srcset=\"https:\/\/cademaprop.com.ar\/blog\/wp-content\/uploads\/2026\/03\/a-64-1024x576.jpg 1024w, https:\/\/cademaprop.com.ar\/blog\/wp-content\/uploads\/2026\/03\/a-64-300x169.jpg 300w, https:\/\/cademaprop.com.ar\/blog\/wp-content\/uploads\/2026\/03\/a-64-768x432.jpg 768w, https:\/\/cademaprop.com.ar\/blog\/wp-content\/uploads\/2026\/03\/a-64-1536x864.jpg 1536w, https:\/\/cademaprop.com.ar\/blog\/wp-content\/uploads\/2026\/03\/a-64-2048x1152.jpg 2048w, https:\/\/cademaprop.com.ar\/blog\/wp-content\/uploads\/2026\/03\/a-64-18x10.jpg 18w\" sizes=\"(max-width: 1024px) 100vw, 1024px\" \/><\/a><\/figure>\n\n\n\n<figure class=\"wp-block-image size-large\"><a href=\"https:\/\/cademaprop.com.ar\/blog\/wp-content\/uploads\/2026\/03\/20260224_114707-scaled.jpg\"><img loading=\"lazy\" decoding=\"async\" width=\"1024\" height=\"577\" data-id=\"3808\" src=\"https:\/\/cademaprop.com.ar\/blog\/wp-content\/uploads\/2026\/03\/20260224_114707-1024x577.jpg\" alt=\"\" class=\"wp-image-3808\" srcset=\"https:\/\/cademaprop.com.ar\/blog\/wp-content\/uploads\/2026\/03\/20260224_114707-1024x577.jpg 1024w, https:\/\/cademaprop.com.ar\/blog\/wp-content\/uploads\/2026\/03\/20260224_114707-300x169.jpg 300w, https:\/\/cademaprop.com.ar\/blog\/wp-content\/uploads\/2026\/03\/20260224_114707-768x432.jpg 768w, https:\/\/cademaprop.com.ar\/blog\/wp-content\/uploads\/2026\/03\/20260224_114707-1536x865.jpg 1536w, https:\/\/cademaprop.com.ar\/blog\/wp-content\/uploads\/2026\/03\/20260224_114707-2048x1153.jpg 2048w, https:\/\/cademaprop.com.ar\/blog\/wp-content\/uploads\/2026\/03\/20260224_114707-18x10.jpg 18w\" sizes=\"(max-width: 1024px) 100vw, 1024px\" \/><\/a><\/figure>\n\n\n\n<figure class=\"wp-block-image size-large\"><a href=\"https:\/\/cademaprop.com.ar\/blog\/wp-content\/uploads\/2026\/03\/20260224_114543-scaled.jpg\"><img loading=\"lazy\" decoding=\"async\" width=\"1024\" height=\"577\" data-id=\"3807\" src=\"https:\/\/cademaprop.com.ar\/blog\/wp-content\/uploads\/2026\/03\/20260224_114543-1024x577.jpg\" alt=\"\" class=\"wp-image-3807\" srcset=\"https:\/\/cademaprop.com.ar\/blog\/wp-content\/uploads\/2026\/03\/20260224_114543-1024x577.jpg 1024w, https:\/\/cademaprop.com.ar\/blog\/wp-content\/uploads\/2026\/03\/20260224_114543-300x169.jpg 300w, https:\/\/cademaprop.com.ar\/blog\/wp-content\/uploads\/2026\/03\/20260224_114543-768x432.jpg 768w, https:\/\/cademaprop.com.ar\/blog\/wp-content\/uploads\/2026\/03\/20260224_114543-1536x865.jpg 1536w, https:\/\/cademaprop.com.ar\/blog\/wp-content\/uploads\/2026\/03\/20260224_114543-2048x1153.jpg 2048w, https:\/\/cademaprop.com.ar\/blog\/wp-content\/uploads\/2026\/03\/20260224_114543-18x10.jpg 18w\" sizes=\"(max-width: 1024px) 100vw, 1024px\" \/><\/a><\/figure>\n\n\n\n<figure class=\"wp-block-image size-large\"><a href=\"https:\/\/cademaprop.com.ar\/blog\/wp-content\/uploads\/2026\/03\/20260224_121510-scaled.jpg\"><img loading=\"lazy\" decoding=\"async\" width=\"1024\" height=\"577\" data-id=\"3809\" src=\"https:\/\/cademaprop.com.ar\/blog\/wp-content\/uploads\/2026\/03\/20260224_121510-1024x577.jpg\" alt=\"\" class=\"wp-image-3809\" srcset=\"https:\/\/cademaprop.com.ar\/blog\/wp-content\/uploads\/2026\/03\/20260224_121510-1024x577.jpg 1024w, https:\/\/cademaprop.com.ar\/blog\/wp-content\/uploads\/2026\/03\/20260224_121510-300x169.jpg 300w, https:\/\/cademaprop.com.ar\/blog\/wp-content\/uploads\/2026\/03\/20260224_121510-768x432.jpg 768w, https:\/\/cademaprop.com.ar\/blog\/wp-content\/uploads\/2026\/03\/20260224_121510-1536x865.jpg 1536w, https:\/\/cademaprop.com.ar\/blog\/wp-content\/uploads\/2026\/03\/20260224_121510-2048x1153.jpg 2048w, https:\/\/cademaprop.com.ar\/blog\/wp-content\/uploads\/2026\/03\/20260224_121510-18x10.jpg 18w\" sizes=\"(max-width: 1024px) 100vw, 1024px\" \/><\/a><\/figure>\n\n\n\n<figure class=\"wp-block-image size-large\"><a href=\"https:\/\/cademaprop.com.ar\/blog\/wp-content\/uploads\/2026\/03\/20260224_111757-scaled.jpg\"><img loading=\"lazy\" decoding=\"async\" width=\"1024\" height=\"577\" data-id=\"3805\" src=\"https:\/\/cademaprop.com.ar\/blog\/wp-content\/uploads\/2026\/03\/20260224_111757-1024x577.jpg\" alt=\"\" class=\"wp-image-3805\" srcset=\"https:\/\/cademaprop.com.ar\/blog\/wp-content\/uploads\/2026\/03\/20260224_111757-1024x577.jpg 1024w, https:\/\/cademaprop.com.ar\/blog\/wp-content\/uploads\/2026\/03\/20260224_111757-300x169.jpg 300w, https:\/\/cademaprop.com.ar\/blog\/wp-content\/uploads\/2026\/03\/20260224_111757-768x432.jpg 768w, https:\/\/cademaprop.com.ar\/blog\/wp-content\/uploads\/2026\/03\/20260224_111757-1536x865.jpg 1536w, https:\/\/cademaprop.com.ar\/blog\/wp-content\/uploads\/2026\/03\/20260224_111757-2048x1153.jpg 2048w, https:\/\/cademaprop.com.ar\/blog\/wp-content\/uploads\/2026\/03\/20260224_111757-18x10.jpg 18w\" sizes=\"(max-width: 1024px) 100vw, 1024px\" \/><\/a><\/figure>\n<\/figure>\n\n\n\n<h2 class=\"wp-block-heading\"><strong>Puerto Euroam\u00e9rica: la dimensi\u00f3n log\u00edstica del desarrollo<\/strong><\/h2>\n\n\n\n<p>El segundo destino fue el <strong><a href=\"https:\/\/www.euroamerica.com.ar\/ter-eu.html\" type=\"link\" id=\"https:\/\/www.euroamerica.com.ar\/ter-eu.html\">Puerto Euroam\u00e9rica<\/a><\/strong>, ubicado en <strong>Campana<\/strong>, pieza estrat\u00e9gica dentro del sistema log\u00edstico del pa\u00eds.<\/p>\n\n\n\n<p>El equipo de seguridad dio inicio al recorrido, acompa\u00f1ado por autoridades y referentes del puerto:<\/p>\n\n\n\n<ul class=\"wp-block-list\">\n<li><strong>Daniel Swier<\/strong>, Vicepresidente<br><\/li>\n\n\n\n<li><strong>Maria Laura Filippello<\/strong>, Directora<br><\/li>\n\n\n\n<li><strong>Hernan Gianetti<\/strong>, Gerente de Operaciones<br><\/li>\n\n\n\n<li><strong>Pablo Malzone<\/strong>, Gerente Comercial<br><\/li>\n<\/ul>\n\n\n\n<p>El recorrido permiti\u00f3 comprender la escala operativa, los protocolos de seguridad y la importancia del puerto como nodo log\u00edstico clave para la competitividad industrial del Corredor Norte.<\/p>\n\n\n\n<figure class=\"wp-block-gallery has-nested-images columns-default is-cropped wp-block-gallery-3 is-layout-flex wp-block-gallery-is-layout-flex\">\n<figure class=\"wp-block-image size-large\"><a href=\"https:\/\/cademaprop.com.ar\/blog\/wp-content\/uploads\/2026\/03\/a-87-scaled.jpg\"><img loading=\"lazy\" decoding=\"async\" width=\"1024\" height=\"576\" data-id=\"3819\" src=\"https:\/\/cademaprop.com.ar\/blog\/wp-content\/uploads\/2026\/03\/a-87-1024x576.jpg\" alt=\"\" class=\"wp-image-3819\" srcset=\"https:\/\/cademaprop.com.ar\/blog\/wp-content\/uploads\/2026\/03\/a-87-1024x576.jpg 1024w, https:\/\/cademaprop.com.ar\/blog\/wp-content\/uploads\/2026\/03\/a-87-300x169.jpg 300w, https:\/\/cademaprop.com.ar\/blog\/wp-content\/uploads\/2026\/03\/a-87-768x432.jpg 768w, https:\/\/cademaprop.com.ar\/blog\/wp-content\/uploads\/2026\/03\/a-87-1536x864.jpg 1536w, https:\/\/cademaprop.com.ar\/blog\/wp-content\/uploads\/2026\/03\/a-87-2048x1152.jpg 2048w, https:\/\/cademaprop.com.ar\/blog\/wp-content\/uploads\/2026\/03\/a-87-18x10.jpg 18w\" sizes=\"(max-width: 1024px) 100vw, 1024px\" \/><\/a><\/figure>\n\n\n\n<figure class=\"wp-block-image size-large\"><a href=\"https:\/\/cademaprop.com.ar\/blog\/wp-content\/uploads\/2026\/03\/a-79-scaled.jpg\"><img loading=\"lazy\" decoding=\"async\" width=\"1024\" height=\"576\" data-id=\"3818\" src=\"https:\/\/cademaprop.com.ar\/blog\/wp-content\/uploads\/2026\/03\/a-79-1024x576.jpg\" alt=\"\" class=\"wp-image-3818\" srcset=\"https:\/\/cademaprop.com.ar\/blog\/wp-content\/uploads\/2026\/03\/a-79-1024x576.jpg 1024w, https:\/\/cademaprop.com.ar\/blog\/wp-content\/uploads\/2026\/03\/a-79-300x169.jpg 300w, https:\/\/cademaprop.com.ar\/blog\/wp-content\/uploads\/2026\/03\/a-79-768x432.jpg 768w, https:\/\/cademaprop.com.ar\/blog\/wp-content\/uploads\/2026\/03\/a-79-1536x864.jpg 1536w, https:\/\/cademaprop.com.ar\/blog\/wp-content\/uploads\/2026\/03\/a-79-2048x1152.jpg 2048w, https:\/\/cademaprop.com.ar\/blog\/wp-content\/uploads\/2026\/03\/a-79-18x10.jpg 18w\" sizes=\"(max-width: 1024px) 100vw, 1024px\" \/><\/a><\/figure>\n\n\n\n<figure class=\"wp-block-image size-large\"><a href=\"https:\/\/cademaprop.com.ar\/blog\/wp-content\/uploads\/2026\/03\/a-81-scaled.jpg\"><img loading=\"lazy\" decoding=\"async\" width=\"1024\" height=\"576\" data-id=\"3822\" src=\"https:\/\/cademaprop.com.ar\/blog\/wp-content\/uploads\/2026\/03\/a-81-1024x576.jpg\" alt=\"\" class=\"wp-image-3822\" srcset=\"https:\/\/cademaprop.com.ar\/blog\/wp-content\/uploads\/2026\/03\/a-81-1024x576.jpg 1024w, https:\/\/cademaprop.com.ar\/blog\/wp-content\/uploads\/2026\/03\/a-81-300x169.jpg 300w, https:\/\/cademaprop.com.ar\/blog\/wp-content\/uploads\/2026\/03\/a-81-768x432.jpg 768w, https:\/\/cademaprop.com.ar\/blog\/wp-content\/uploads\/2026\/03\/a-81-1536x864.jpg 1536w, https:\/\/cademaprop.com.ar\/blog\/wp-content\/uploads\/2026\/03\/a-81-2048x1152.jpg 2048w, https:\/\/cademaprop.com.ar\/blog\/wp-content\/uploads\/2026\/03\/a-81-18x10.jpg 18w\" sizes=\"(max-width: 1024px) 100vw, 1024px\" \/><\/a><\/figure>\n\n\n\n<figure class=\"wp-block-image size-large\"><a href=\"https:\/\/cademaprop.com.ar\/blog\/wp-content\/uploads\/2026\/03\/a-89-scaled.jpg\"><img loading=\"lazy\" decoding=\"async\" width=\"1024\" height=\"576\" data-id=\"3821\" src=\"https:\/\/cademaprop.com.ar\/blog\/wp-content\/uploads\/2026\/03\/a-89-1024x576.jpg\" alt=\"\" class=\"wp-image-3821\" srcset=\"https:\/\/cademaprop.com.ar\/blog\/wp-content\/uploads\/2026\/03\/a-89-1024x576.jpg 1024w, https:\/\/cademaprop.com.ar\/blog\/wp-content\/uploads\/2026\/03\/a-89-300x169.jpg 300w, https:\/\/cademaprop.com.ar\/blog\/wp-content\/uploads\/2026\/03\/a-89-768x432.jpg 768w, https:\/\/cademaprop.com.ar\/blog\/wp-content\/uploads\/2026\/03\/a-89-1536x864.jpg 1536w, https:\/\/cademaprop.com.ar\/blog\/wp-content\/uploads\/2026\/03\/a-89-2048x1152.jpg 2048w, https:\/\/cademaprop.com.ar\/blog\/wp-content\/uploads\/2026\/03\/a-89-18x10.jpg 18w\" sizes=\"(max-width: 1024px) 100vw, 1024px\" \/><\/a><\/figure>\n\n\n\n<figure class=\"wp-block-image size-large\"><a href=\"https:\/\/cademaprop.com.ar\/blog\/wp-content\/uploads\/2026\/03\/a-91-scaled.jpg\"><img loading=\"lazy\" decoding=\"async\" width=\"1024\" height=\"576\" data-id=\"3820\" src=\"https:\/\/cademaprop.com.ar\/blog\/wp-content\/uploads\/2026\/03\/a-91-1024x576.jpg\" alt=\"\" class=\"wp-image-3820\" srcset=\"https:\/\/cademaprop.com.ar\/blog\/wp-content\/uploads\/2026\/03\/a-91-1024x576.jpg 1024w, https:\/\/cademaprop.com.ar\/blog\/wp-content\/uploads\/2026\/03\/a-91-300x169.jpg 300w, https:\/\/cademaprop.com.ar\/blog\/wp-content\/uploads\/2026\/03\/a-91-768x432.jpg 768w, https:\/\/cademaprop.com.ar\/blog\/wp-content\/uploads\/2026\/03\/a-91-1536x864.jpg 1536w, https:\/\/cademaprop.com.ar\/blog\/wp-content\/uploads\/2026\/03\/a-91-2048x1152.jpg 2048w, https:\/\/cademaprop.com.ar\/blog\/wp-content\/uploads\/2026\/03\/a-91-18x10.jpg 18w\" sizes=\"(max-width: 1024px) 100vw, 1024px\" \/><\/a><\/figure>\n\n\n\n<figure class=\"wp-block-image size-large\"><a href=\"https:\/\/cademaprop.com.ar\/blog\/wp-content\/uploads\/2026\/03\/a-80-scaled.jpg\"><img loading=\"lazy\" decoding=\"async\" width=\"1024\" height=\"576\" data-id=\"3817\" src=\"https:\/\/cademaprop.com.ar\/blog\/wp-content\/uploads\/2026\/03\/a-80-1024x576.jpg\" alt=\"\" class=\"wp-image-3817\" srcset=\"https:\/\/cademaprop.com.ar\/blog\/wp-content\/uploads\/2026\/03\/a-80-1024x576.jpg 1024w, https:\/\/cademaprop.com.ar\/blog\/wp-content\/uploads\/2026\/03\/a-80-300x169.jpg 300w, https:\/\/cademaprop.com.ar\/blog\/wp-content\/uploads\/2026\/03\/a-80-768x432.jpg 768w, https:\/\/cademaprop.com.ar\/blog\/wp-content\/uploads\/2026\/03\/a-80-1536x864.jpg 1536w, https:\/\/cademaprop.com.ar\/blog\/wp-content\/uploads\/2026\/03\/a-80-2048x1152.jpg 2048w, https:\/\/cademaprop.com.ar\/blog\/wp-content\/uploads\/2026\/03\/a-80-18x10.jpg 18w\" sizes=\"(max-width: 1024px) 100vw, 1024px\" \/><\/a><\/figure>\n<\/figure>\n\n\n\n<p>Al finalizar la visita, los asistentes fueron recibidos en la terraza semicubierta del puerto, donde compartieron un catering fr\u00edo en un espacio privilegiado con vista al entorno operativo. Ese momento final permiti\u00f3 intercambiar miradas, reflexiones y experiencias, consolidando el esp\u00edritu de comunidad que atraves\u00f3 toda la jornada.<\/p>\n\n\n\n<h2 class=\"wp-block-heading\"><strong>Industria abierta, desarrollo compartido<\/strong><\/h2>\n\n\n\n<p>Este Turismo Industrial no fue solo una visita t\u00e9cnica. Fue una experiencia concreta de integraci\u00f3n productiva, alineada con la visi\u00f3n de <a href=\"https:\/\/www.instagram.com\/sinor.ok\/?hl=es\">SINOR<\/a>: mostrar c\u00f3mo el Corredor Norte se consolida a partir de la articulaci\u00f3n entre parques industriales, empresas productivas y nodos log\u00edsticos estrat\u00e9gicos.<\/p>\n\n\n\n<p>Cuando la comunidad puede recorrer una planta, escuchar a sus fundadores y comprender la dimensi\u00f3n de un puerto, el desarrollo deja de ser un concepto abstracto y se convierte en algo tangible.<\/p>\n\n\n\n<p>Desde <a href=\"https:\/\/www.instagram.com\/cademaindustrias\/?hl=es\">Cadema Industria<\/a>s, junto a SINOR y La F\u00e1brica, seguimos impulsando iniciativas que fortalecen el v\u00ednculo entre industria y territorio.<\/p>\n\n\n\n<p>Porque el crecimiento del Corredor Norte no se explica solo en n\u00fameros.<br>Se construye abriendo puertas.<\/p>\n\n\n\n<h2 class=\"wp-block-heading\"><strong>Se viene la tercera edici\u00f3n de SINOR<\/strong><\/h2>\n\n\n\n<p>El pr\u00f3ximo gran encuentro del ecosistema productivo regional ser\u00e1 la tercera edici\u00f3n de <strong><a href=\"https:\/\/www.instagram.com\/sinor.ok\/?hl=es\">SINOR<\/a><\/strong>, que se llevar\u00e1 a cabo el Lunes 13 de Abril de 2026 en <strong><a href=\"https:\/\/maps.app.goo.gl\/DaLxwswrFr7bGyv7A\">Sofitel La Reserva Cardales<\/a><\/strong>.<\/p>\n\n\n\n<p>Empresarios, referentes industriales, desarrolladores, actores log\u00edsticos y representantes del sector p\u00fablico volver\u00e1n a encontrarse para debatir, proyectar y consolidar el futuro del Corredor Norte.<\/p>\n\n\n\n<p>Las preinscripciones ya se encuentran abiertas.<br>Pod\u00e9s reservar tu lugar ingresando en <a href=\"https:\/\/sinor.com.ar\/inscripciones\/\">https:\/\/sinor.com.ar\/inscripciones\/<\/a><\/p>\n\n\n\n<p>El desarrollo se planifica.<br>Y tambi\u00e9n se construye participando.<\/p>\n\n\n\n<hr class=\"wp-block-separator has-alpha-channel-opacity is-style-wide\" style=\"margin-top:var(--wp--preset--spacing--60);margin-bottom:var(--wp--preset--spacing--60)\"\/>\n\n\n\n<p>Cadema Bienes Ra\u00edces<\/p>\n\n\n\n<p>Av Varela 420, Campana<\/p>\n\n\n\n<p><a href=\"https:\/\/wa.me\/5493489368518\" target=\"_blank\" rel=\"noreferrer noopener\">+54 9 3489 368518<\/a><\/p>\n\n\n\n<p><a href=\"https:\/\/instagram.com\/cademabienesraices\">@cademabienesraices<\/a><\/p>\n\n\n\n<p><a href=\"http:\/\/www.cademaprop.com.ar\">www.cademaprop.com.ar<\/a><\/p>\n\n\n\n<p>Corredor responsable Bruno Catardi, CMZC Leg. Col. N 528.<\/p>\n","protected":false},"excerpt":{"rendered":"<p>En el marco de la visi\u00f3n que impulsa SINOR (Sal\u00f3n Inmobiliario Corredor Norte) \u2014integraci\u00f3n productiva, infraestructura estrat\u00e9gica y desarrollo territorial\u2014 el martes 24 de febrero se llev\u00f3 adelante una nueva experiencia de Turismo Industrial organizada conjuntamente por La F\u00e1brica Podcast, SINOR y Cadema Industrias. La iniciativa estuvo dirigida a la comunidad de La F\u00e1brica, mediante [&hellip;]<\/p>\n","protected":false},"author":2,"featured_media":3799,"comment_status":"closed","ping_status":"closed","sticky":false,"template":"","format":"standard","meta":{"site-sidebar-layout":"default","site-content-layout":"","ast-site-content-layout":"default","site-content-style":"default","site-sidebar-style":"default","ast-global-header-display":"","ast-banner-title-visibility":"","ast-main-header-display":"","ast-hfb-above-header-display":"","ast-hfb-below-header-display":"","ast-hfb-mobile-header-display":"","site-post-title":"","ast-breadcrumbs-content":"","ast-featured-img":"","footer-sml-layout":"","theme-transparent-header-meta":"","adv-header-id-meta":"","stick-header-meta":"","header-above-stick-meta":"","header-main-stick-meta":"","header-below-stick-meta":"","astra-migrate-meta-layouts":"set","ast-page-background-enabled":"default","ast-page-background-meta":{"desktop":{"background-color":"","background-image":"","background-repeat":"repeat","background-position":"center center","background-size":"auto","background-attachment":"scroll","background-type":"","background-media":"","overlay-type":"","overlay-color":"","overlay-opacity":"","overlay-gradient":""},"tablet":{"background-color":"","background-image":"","background-repeat":"repeat","background-position":"center center","background-size":"auto","background-attachment":"scroll","background-type":"","background-media":"","overlay-type":"","overlay-color":"","overlay-opacity":"","overlay-gradient":""},"mobile":{"background-color":"","background-image":"","background-repeat":"repeat","background-position":"center center","background-size":"auto","background-attachment":"scroll","background-type":"","background-media":"","overlay-type":"","overlay-color":"","overlay-opacity":"","overlay-gradient":""}},"ast-content-background-meta":{"desktop":{"background-color":"var(--ast-global-color-5)","background-image":"","background-repeat":"repeat","background-position":"center center","background-size":"auto","background-attachment":"scroll","background-type":"","background-media":"","overlay-type":"","overlay-color":"","overlay-opacity":"","overlay-gradient":""},"tablet":{"background-color":"var(--ast-global-color-5)","background-image":"","background-repeat":"repeat","background-position":"center center","background-size":"auto","background-attachment":"scroll","background-type":"","background-media":"","overlay-type":"","overlay-color":"","overlay-opacity":"","overlay-gradient":""},"mobile":{"background-color":"var(--ast-global-color-5)","background-image":"","background-repeat":"repeat","background-position":"center center","background-size":"auto","background-attachment":"scroll","background-type":"","background-media":"","overlay-type":"","overlay-color":"","overlay-opacity":"","overlay-gradient":""}},"_joinchat":[],"footnotes":""},"categories":[31,142,148,36,59,150],"tags":[57,61,19,69,60],"class_list":["post-3796","post","type-post","status-publish","format-standard","has-post-thumbnail","hentry","category-campana","category-corredor-norte","category-exaltacion-de-la-cruz","category-parque-industrial","category-sinor","category-turismo-industrial","tag-campana","tag-corredor-norte","tag-destacado","tag-industria","tag-sinor"],"yoast_head":"<!-- This site is optimized with the Yoast SEO plugin v27.5 - https:\/\/yoast.com\/product\/yoast-seo-wordpress\/ -->\n<title>TURISMO INDUSTRIAL EN EL CORREDOR NORTE: INDUSTRIA, TERRITORIO Y COMUNIDAD EN ACCI\u00d3N - NEWS<\/title>\n<meta name=\"robots\" content=\"index, follow, max-snippet:-1, max-image-preview:large, max-video-preview:-1\" \/>\n<link rel=\"canonical\" href=\"https:\/\/cademaprop.com.ar\/blog\/turismo-industrial-en-el-corredor-norte-industria-territorio-y-comunidad-en-accion\/\" \/>\n<meta property=\"og:locale\" content=\"es_MX\" \/>\n<meta property=\"og:type\" content=\"article\" \/>\n<meta property=\"og:title\" content=\"TURISMO INDUSTRIAL EN EL CORREDOR NORTE: INDUSTRIA, TERRITORIO Y COMUNIDAD EN ACCI\u00d3N - NEWS\" \/>\n<meta property=\"og:description\" content=\"En el marco de la visi\u00f3n que impulsa SINOR (Sal\u00f3n Inmobiliario Corredor Norte) \u2014integraci\u00f3n productiva, infraestructura estrat\u00e9gica y desarrollo territorial\u2014 el martes 24 de febrero se llev\u00f3 adelante una nueva experiencia de Turismo Industrial organizada conjuntamente por La F\u00e1brica Podcast, SINOR y Cadema Industrias. La iniciativa estuvo dirigida a la comunidad de La F\u00e1brica, mediante [&hellip;]\" \/>\n<meta property=\"og:url\" content=\"https:\/\/cademaprop.com.ar\/blog\/turismo-industrial-en-el-corredor-norte-industria-territorio-y-comunidad-en-accion\/\" \/>\n<meta property=\"og:site_name\" content=\"NEWS\" \/>\n<meta property=\"article:publisher\" content=\"https:\/\/www.facebook.com\/inmobiliariacadema\" \/>\n<meta property=\"article:published_time\" content=\"2026-03-04T18:55:16+00:00\" \/>\n<meta property=\"article:modified_time\" content=\"2026-03-18T20:07:46+00:00\" \/>\n<meta property=\"og:image\" content=\"https:\/\/cademaprop.com.ar\/blog\/wp-content\/uploads\/2026\/03\/a-95-scaled-e1773864457251.jpg\" \/>\n\t<meta property=\"og:image:width\" content=\"2556\" \/>\n\t<meta property=\"og:image:height\" content=\"1438\" \/>\n\t<meta property=\"og:image:type\" content=\"image\/jpeg\" \/>\n<meta name=\"author\" content=\"Cadema Bienes Ra\u00edces\" \/>\n<meta name=\"twitter:card\" content=\"summary_large_image\" \/>\n<meta name=\"twitter:creator\" content=\"@InmoCadema\" \/>\n<meta name=\"twitter:site\" content=\"@InmoCadema\" \/>\n<meta name=\"twitter:label1\" content=\"Escrito por\" \/>\n\t<meta name=\"twitter:data1\" content=\"Cadema Bienes Ra\u00edces\" \/>\n\t<meta name=\"twitter:label2\" content=\"Tiempo de lectura\" \/>\n\t<meta name=\"twitter:data2\" content=\"7 minutos\" \/>\n<script type=\"application\/ld+json\" class=\"yoast-schema-graph\">{\"@context\":\"https:\\\/\\\/schema.org\",\"@graph\":[{\"@type\":\"Article\",\"@id\":\"https:\\\/\\\/cademaprop.com.ar\\\/blog\\\/turismo-industrial-en-el-corredor-norte-industria-territorio-y-comunidad-en-accion\\\/#article\",\"isPartOf\":{\"@id\":\"https:\\\/\\\/cademaprop.com.ar\\\/blog\\\/turismo-industrial-en-el-corredor-norte-industria-territorio-y-comunidad-en-accion\\\/\"},\"author\":{\"name\":\"Cadema Bienes Ra\u00edces\",\"@id\":\"https:\\\/\\\/cademaprop.com.ar\\\/blog\\\/#\\\/schema\\\/person\\\/bf1e8554d62db91bc0110bd8b2c68625\"},\"headline\":\"TURISMO INDUSTRIAL EN EL CORREDOR NORTE: INDUSTRIA, TERRITORIO Y COMUNIDAD EN ACCI\u00d3N\",\"datePublished\":\"2026-03-04T18:55:16+00:00\",\"dateModified\":\"2026-03-18T20:07:46+00:00\",\"mainEntityOfPage\":{\"@id\":\"https:\\\/\\\/cademaprop.com.ar\\\/blog\\\/turismo-industrial-en-el-corredor-norte-industria-territorio-y-comunidad-en-accion\\\/\"},\"wordCount\":759,\"publisher\":{\"@id\":\"https:\\\/\\\/cademaprop.com.ar\\\/blog\\\/#organization\"},\"image\":{\"@id\":\"https:\\\/\\\/cademaprop.com.ar\\\/blog\\\/turismo-industrial-en-el-corredor-norte-industria-territorio-y-comunidad-en-accion\\\/#primaryimage\"},\"thumbnailUrl\":\"https:\\\/\\\/cademaprop.com.ar\\\/blog\\\/wp-content\\\/uploads\\\/2026\\\/03\\\/a-95-scaled-e1773864457251.jpg\",\"keywords\":[\"campana\",\"Corredor Norte\",\"Destacado\",\"industria\",\"SINOR\"],\"articleSection\":[\"Campana\",\"Corredor Norte\",\"Exaltaci\u00f3n de la Cruz\",\"Parque Industrial\",\"SINOR\",\"Turismo Industrial\"],\"inLanguage\":\"es\"},{\"@type\":\"WebPage\",\"@id\":\"https:\\\/\\\/cademaprop.com.ar\\\/blog\\\/turismo-industrial-en-el-corredor-norte-industria-territorio-y-comunidad-en-accion\\\/\",\"url\":\"https:\\\/\\\/cademaprop.com.ar\\\/blog\\\/turismo-industrial-en-el-corredor-norte-industria-territorio-y-comunidad-en-accion\\\/\",\"name\":\"TURISMO INDUSTRIAL EN EL CORREDOR NORTE: INDUSTRIA, TERRITORIO Y COMUNIDAD EN ACCI\u00d3N - NEWS\",\"isPartOf\":{\"@id\":\"https:\\\/\\\/cademaprop.com.ar\\\/blog\\\/#website\"},\"primaryImageOfPage\":{\"@id\":\"https:\\\/\\\/cademaprop.com.ar\\\/blog\\\/turismo-industrial-en-el-corredor-norte-industria-territorio-y-comunidad-en-accion\\\/#primaryimage\"},\"image\":{\"@id\":\"https:\\\/\\\/cademaprop.com.ar\\\/blog\\\/turismo-industrial-en-el-corredor-norte-industria-territorio-y-comunidad-en-accion\\\/#primaryimage\"},\"thumbnailUrl\":\"https:\\\/\\\/cademaprop.com.ar\\\/blog\\\/wp-content\\\/uploads\\\/2026\\\/03\\\/a-95-scaled-e1773864457251.jpg\",\"datePublished\":\"2026-03-04T18:55:16+00:00\",\"dateModified\":\"2026-03-18T20:07:46+00:00\",\"breadcrumb\":{\"@id\":\"https:\\\/\\\/cademaprop.com.ar\\\/blog\\\/turismo-industrial-en-el-corredor-norte-industria-territorio-y-comunidad-en-accion\\\/#breadcrumb\"},\"inLanguage\":\"es\",\"potentialAction\":[{\"@type\":\"ReadAction\",\"target\":[\"https:\\\/\\\/cademaprop.com.ar\\\/blog\\\/turismo-industrial-en-el-corredor-norte-industria-territorio-y-comunidad-en-accion\\\/\"]}]},{\"@type\":\"ImageObject\",\"inLanguage\":\"es\",\"@id\":\"https:\\\/\\\/cademaprop.com.ar\\\/blog\\\/turismo-industrial-en-el-corredor-norte-industria-territorio-y-comunidad-en-accion\\\/#primaryimage\",\"url\":\"https:\\\/\\\/cademaprop.com.ar\\\/blog\\\/wp-content\\\/uploads\\\/2026\\\/03\\\/a-95-scaled-e1773864457251.jpg\",\"contentUrl\":\"https:\\\/\\\/cademaprop.com.ar\\\/blog\\\/wp-content\\\/uploads\\\/2026\\\/03\\\/a-95-scaled-e1773864457251.jpg\",\"width\":2556,\"height\":1438},{\"@type\":\"BreadcrumbList\",\"@id\":\"https:\\\/\\\/cademaprop.com.ar\\\/blog\\\/turismo-industrial-en-el-corredor-norte-industria-territorio-y-comunidad-en-accion\\\/#breadcrumb\",\"itemListElement\":[{\"@type\":\"ListItem\",\"position\":1,\"name\":\"Inicio\",\"item\":\"https:\\\/\\\/cademaprop.com.ar\\\/blog\\\/\"},{\"@type\":\"ListItem\",\"position\":2,\"name\":\"TURISMO INDUSTRIAL EN EL CORREDOR NORTE: INDUSTRIA, TERRITORIO Y COMUNIDAD EN ACCI\u00d3N\"}]},{\"@type\":\"WebSite\",\"@id\":\"https:\\\/\\\/cademaprop.com.ar\\\/blog\\\/#website\",\"url\":\"https:\\\/\\\/cademaprop.com.ar\\\/blog\\\/\",\"name\":\"CADEMA NEWS\",\"description\":\"\",\"publisher\":{\"@id\":\"https:\\\/\\\/cademaprop.com.ar\\\/blog\\\/#organization\"},\"potentialAction\":[{\"@type\":\"SearchAction\",\"target\":{\"@type\":\"EntryPoint\",\"urlTemplate\":\"https:\\\/\\\/cademaprop.com.ar\\\/blog\\\/?s={search_term_string}\"},\"query-input\":{\"@type\":\"PropertyValueSpecification\",\"valueRequired\":true,\"valueName\":\"search_term_string\"}}],\"inLanguage\":\"es\"},{\"@type\":\"Organization\",\"@id\":\"https:\\\/\\\/cademaprop.com.ar\\\/blog\\\/#organization\",\"name\":\"INMOBILIARIA CADEMA\",\"url\":\"https:\\\/\\\/cademaprop.com.ar\\\/blog\\\/\",\"logo\":{\"@type\":\"ImageObject\",\"inLanguage\":\"es\",\"@id\":\"https:\\\/\\\/cademaprop.com.ar\\\/blog\\\/#\\\/schema\\\/logo\\\/image\\\/\",\"url\":\"https:\\\/\\\/cademaprop.com.ar\\\/blog\\\/wp-content\\\/uploads\\\/2024\\\/01\\\/CDN-Logo-Full-Color.png\",\"contentUrl\":\"https:\\\/\\\/cademaprop.com.ar\\\/blog\\\/wp-content\\\/uploads\\\/2024\\\/01\\\/CDN-Logo-Full-Color.png\",\"width\":4410,\"height\":1418,\"caption\":\"INMOBILIARIA CADEMA\"},\"image\":{\"@id\":\"https:\\\/\\\/cademaprop.com.ar\\\/blog\\\/#\\\/schema\\\/logo\\\/image\\\/\"},\"sameAs\":[\"https:\\\/\\\/www.facebook.com\\\/inmobiliariacadema\",\"https:\\\/\\\/x.com\\\/InmoCadema\",\"https:\\\/\\\/www.instagram.com\\\/inmobiliariacadema\",\"https:\\\/\\\/www.threads.net\\\/@inmobiliariacadema\",\"https:\\\/\\\/www.tiktok.com\\\/@inmobiliariacadema\"]},{\"@type\":\"Person\",\"@id\":\"https:\\\/\\\/cademaprop.com.ar\\\/blog\\\/#\\\/schema\\\/person\\\/bf1e8554d62db91bc0110bd8b2c68625\",\"name\":\"Cadema Bienes Ra\u00edces\",\"image\":{\"@type\":\"ImageObject\",\"inLanguage\":\"es\",\"@id\":\"https:\\\/\\\/secure.gravatar.com\\\/avatar\\\/dcf94633e3fe61607b8d5ead2fbb04c595474c581edee9a1c8c801464d64e4af?s=96&r=g\",\"url\":\"https:\\\/\\\/secure.gravatar.com\\\/avatar\\\/dcf94633e3fe61607b8d5ead2fbb04c595474c581edee9a1c8c801464d64e4af?s=96&r=g\",\"contentUrl\":\"https:\\\/\\\/secure.gravatar.com\\\/avatar\\\/dcf94633e3fe61607b8d5ead2fbb04c595474c581edee9a1c8c801464d64e4af?s=96&r=g\",\"caption\":\"Cadema Bienes Ra\u00edces\"},\"description\":\"Nuestra prioridad es lograr una s\u00edntesis equilibrada entre las necesidades del comprador y los requerimientos del vendedor. Con m\u00e1s de seis d\u00e9cadas de experiencia, nos enorgullece ser la empresa l\u00edder en el \u00e1mbito inmobiliario de la ciudad de Campana. Especializados en la venta de inmuebles y desarrollos urbanos e industriales, hemos marcado nuestro camino con dedicaci\u00f3n y excelencia. En el a\u00f1o 2024 celebramos nuestro 60\u00ba aniversario, reflejando nuestra constante b\u00fasqueda de vanguardia tecnol\u00f3gica para enfrentar los desaf\u00edos del mercado.\",\"sameAs\":[\"https:\\\/\\\/www.cademaprop.com.ar\\\/\"],\"url\":\"https:\\\/\\\/cademaprop.com.ar\\\/blog\\\/author\\\/mar0015\\\/\"}]}<\/script>\n<!-- \/ Yoast SEO plugin. -->","yoast_head_json":{"title":"TURISMO INDUSTRIAL EN EL CORREDOR NORTE: INDUSTRIA, TERRITORIO Y COMUNIDAD EN ACCI\u00d3N - NEWS","robots":{"index":"index","follow":"follow","max-snippet":"max-snippet:-1","max-image-preview":"max-image-preview:large","max-video-preview":"max-video-preview:-1"},"canonical":"https:\/\/cademaprop.com.ar\/blog\/turismo-industrial-en-el-corredor-norte-industria-territorio-y-comunidad-en-accion\/","og_locale":"es_MX","og_type":"article","og_title":"TURISMO INDUSTRIAL EN EL CORREDOR NORTE: INDUSTRIA, TERRITORIO Y COMUNIDAD EN ACCI\u00d3N - NEWS","og_description":"En el marco de la visi\u00f3n que impulsa SINOR (Sal\u00f3n Inmobiliario Corredor Norte) \u2014integraci\u00f3n productiva, infraestructura estrat\u00e9gica y desarrollo territorial\u2014 el martes 24 de febrero se llev\u00f3 adelante una nueva experiencia de Turismo Industrial organizada conjuntamente por La F\u00e1brica Podcast, SINOR y Cadema Industrias. La iniciativa estuvo dirigida a la comunidad de La F\u00e1brica, mediante [&hellip;]","og_url":"https:\/\/cademaprop.com.ar\/blog\/turismo-industrial-en-el-corredor-norte-industria-territorio-y-comunidad-en-accion\/","og_site_name":"NEWS","article_publisher":"https:\/\/www.facebook.com\/inmobiliariacadema","article_published_time":"2026-03-04T18:55:16+00:00","article_modified_time":"2026-03-18T20:07:46+00:00","og_image":[{"width":2556,"height":1438,"url":"https:\/\/cademaprop.com.ar\/blog\/wp-content\/uploads\/2026\/03\/a-95-scaled-e1773864457251.jpg","type":"image\/jpeg"}],"author":"Cadema Bienes Ra\u00edces","twitter_card":"summary_large_image","twitter_creator":"@InmoCadema","twitter_site":"@InmoCadema","twitter_misc":{"Escrito por":"Cadema Bienes Ra\u00edces","Tiempo de lectura":"7 minutos"},"schema":{"@context":"https:\/\/schema.org","@graph":[{"@type":"Article","@id":"https:\/\/cademaprop.com.ar\/blog\/turismo-industrial-en-el-corredor-norte-industria-territorio-y-comunidad-en-accion\/#article","isPartOf":{"@id":"https:\/\/cademaprop.com.ar\/blog\/turismo-industrial-en-el-corredor-norte-industria-territorio-y-comunidad-en-accion\/"},"author":{"name":"Cadema Bienes Ra\u00edces","@id":"https:\/\/cademaprop.com.ar\/blog\/#\/schema\/person\/bf1e8554d62db91bc0110bd8b2c68625"},"headline":"TURISMO INDUSTRIAL EN EL CORREDOR NORTE: INDUSTRIA, TERRITORIO Y COMUNIDAD EN ACCI\u00d3N","datePublished":"2026-03-04T18:55:16+00:00","dateModified":"2026-03-18T20:07:46+00:00","mainEntityOfPage":{"@id":"https:\/\/cademaprop.com.ar\/blog\/turismo-industrial-en-el-corredor-norte-industria-territorio-y-comunidad-en-accion\/"},"wordCount":759,"publisher":{"@id":"https:\/\/cademaprop.com.ar\/blog\/#organization"},"image":{"@id":"https:\/\/cademaprop.com.ar\/blog\/turismo-industrial-en-el-corredor-norte-industria-territorio-y-comunidad-en-accion\/#primaryimage"},"thumbnailUrl":"https:\/\/cademaprop.com.ar\/blog\/wp-content\/uploads\/2026\/03\/a-95-scaled-e1773864457251.jpg","keywords":["campana","Corredor Norte","Destacado","industria","SINOR"],"articleSection":["Campana","Corredor Norte","Exaltaci\u00f3n de la Cruz","Parque Industrial","SINOR","Turismo Industrial"],"inLanguage":"es"},{"@type":"WebPage","@id":"https:\/\/cademaprop.com.ar\/blog\/turismo-industrial-en-el-corredor-norte-industria-territorio-y-comunidad-en-accion\/","url":"https:\/\/cademaprop.com.ar\/blog\/turismo-industrial-en-el-corredor-norte-industria-territorio-y-comunidad-en-accion\/","name":"TURISMO INDUSTRIAL EN EL CORREDOR NORTE: INDUSTRIA, TERRITORIO Y COMUNIDAD EN ACCI\u00d3N - NEWS","isPartOf":{"@id":"https:\/\/cademaprop.com.ar\/blog\/#website"},"primaryImageOfPage":{"@id":"https:\/\/cademaprop.com.ar\/blog\/turismo-industrial-en-el-corredor-norte-industria-territorio-y-comunidad-en-accion\/#primaryimage"},"image":{"@id":"https:\/\/cademaprop.com.ar\/blog\/turismo-industrial-en-el-corredor-norte-industria-territorio-y-comunidad-en-accion\/#primaryimage"},"thumbnailUrl":"https:\/\/cademaprop.com.ar\/blog\/wp-content\/uploads\/2026\/03\/a-95-scaled-e1773864457251.jpg","datePublished":"2026-03-04T18:55:16+00:00","dateModified":"2026-03-18T20:07:46+00:00","breadcrumb":{"@id":"https:\/\/cademaprop.com.ar\/blog\/turismo-industrial-en-el-corredor-norte-industria-territorio-y-comunidad-en-accion\/#breadcrumb"},"inLanguage":"es","potentialAction":[{"@type":"ReadAction","target":["https:\/\/cademaprop.com.ar\/blog\/turismo-industrial-en-el-corredor-norte-industria-territorio-y-comunidad-en-accion\/"]}]},{"@type":"ImageObject","inLanguage":"es","@id":"https:\/\/cademaprop.com.ar\/blog\/turismo-industrial-en-el-corredor-norte-industria-territorio-y-comunidad-en-accion\/#primaryimage","url":"https:\/\/cademaprop.com.ar\/blog\/wp-content\/uploads\/2026\/03\/a-95-scaled-e1773864457251.jpg","contentUrl":"https:\/\/cademaprop.com.ar\/blog\/wp-content\/uploads\/2026\/03\/a-95-scaled-e1773864457251.jpg","width":2556,"height":1438},{"@type":"BreadcrumbList","@id":"https:\/\/cademaprop.com.ar\/blog\/turismo-industrial-en-el-corredor-norte-industria-territorio-y-comunidad-en-accion\/#breadcrumb","itemListElement":[{"@type":"ListItem","position":1,"name":"Inicio","item":"https:\/\/cademaprop.com.ar\/blog\/"},{"@type":"ListItem","position":2,"name":"TURISMO INDUSTRIAL EN EL CORREDOR NORTE: INDUSTRIA, TERRITORIO Y COMUNIDAD EN ACCI\u00d3N"}]},{"@type":"WebSite","@id":"https:\/\/cademaprop.com.ar\/blog\/#website","url":"https:\/\/cademaprop.com.ar\/blog\/","name":"CADEMA NEWS","description":"","publisher":{"@id":"https:\/\/cademaprop.com.ar\/blog\/#organization"},"potentialAction":[{"@type":"SearchAction","target":{"@type":"EntryPoint","urlTemplate":"https:\/\/cademaprop.com.ar\/blog\/?s={search_term_string}"},"query-input":{"@type":"PropertyValueSpecification","valueRequired":true,"valueName":"search_term_string"}}],"inLanguage":"es"},{"@type":"Organization","@id":"https:\/\/cademaprop.com.ar\/blog\/#organization","name":"INMOBILIARIA CADEMA","url":"https:\/\/cademaprop.com.ar\/blog\/","logo":{"@type":"ImageObject","inLanguage":"es","@id":"https:\/\/cademaprop.com.ar\/blog\/#\/schema\/logo\/image\/","url":"https:\/\/cademaprop.com.ar\/blog\/wp-content\/uploads\/2024\/01\/CDN-Logo-Full-Color.png","contentUrl":"https:\/\/cademaprop.com.ar\/blog\/wp-content\/uploads\/2024\/01\/CDN-Logo-Full-Color.png","width":4410,"height":1418,"caption":"INMOBILIARIA CADEMA"},"image":{"@id":"https:\/\/cademaprop.com.ar\/blog\/#\/schema\/logo\/image\/"},"sameAs":["https:\/\/www.facebook.com\/inmobiliariacadema","https:\/\/x.com\/InmoCadema","https:\/\/www.instagram.com\/inmobiliariacadema","https:\/\/www.threads.net\/@inmobiliariacadema","https:\/\/www.tiktok.com\/@inmobiliariacadema"]},{"@type":"Person","@id":"https:\/\/cademaprop.com.ar\/blog\/#\/schema\/person\/bf1e8554d62db91bc0110bd8b2c68625","name":"Cadema Bienes Ra\u00edces","image":{"@type":"ImageObject","inLanguage":"es","@id":"https:\/\/secure.gravatar.com\/avatar\/dcf94633e3fe61607b8d5ead2fbb04c595474c581edee9a1c8c801464d64e4af?s=96&r=g","url":"https:\/\/secure.gravatar.com\/avatar\/dcf94633e3fe61607b8d5ead2fbb04c595474c581edee9a1c8c801464d64e4af?s=96&r=g","contentUrl":"https:\/\/secure.gravatar.com\/avatar\/dcf94633e3fe61607b8d5ead2fbb04c595474c581edee9a1c8c801464d64e4af?s=96&r=g","caption":"Cadema Bienes Ra\u00edces"},"description":"Nuestra prioridad es lograr una s\u00edntesis equilibrada entre las necesidades del comprador y los requerimientos del vendedor. Con m\u00e1s de seis d\u00e9cadas de experiencia, nos enorgullece ser la empresa l\u00edder en el \u00e1mbito inmobiliario de la ciudad de Campana. Especializados en la venta de inmuebles y desarrollos urbanos e industriales, hemos marcado nuestro camino con dedicaci\u00f3n y excelencia. En el a\u00f1o 2024 celebramos nuestro 60\u00ba aniversario, reflejando nuestra constante b\u00fasqueda de vanguardia tecnol\u00f3gica para enfrentar los desaf\u00edos del mercado.","sameAs":["https:\/\/www.cademaprop.com.ar\/"],"url":"https:\/\/cademaprop.com.ar\/blog\/author\/mar0015\/"}]}},"_links":{"self":[{"href":"https:\/\/cademaprop.com.ar\/blog\/wp-json\/wp\/v2\/posts\/3796","targetHints":{"allow":["GET"]}}],"collection":[{"href":"https:\/\/cademaprop.com.ar\/blog\/wp-json\/wp\/v2\/posts"}],"about":[{"href":"https:\/\/cademaprop.com.ar\/blog\/wp-json\/wp\/v2\/types\/post"}],"author":[{"embeddable":true,"href":"https:\/\/cademaprop.com.ar\/blog\/wp-json\/wp\/v2\/users\/2"}],"replies":[{"embeddable":true,"href":"https:\/\/cademaprop.com.ar\/blog\/wp-json\/wp\/v2\/comments?post=3796"}],"version-history":[{"count":4,"href":"https:\/\/cademaprop.com.ar\/blog\/wp-json\/wp\/v2\/posts\/3796\/revisions"}],"predecessor-version":[{"id":3824,"href":"https:\/\/cademaprop.com.ar\/blog\/wp-json\/wp\/v2\/posts\/3796\/revisions\/3824"}],"wp:featuredmedia":[{"embeddable":true,"href":"https:\/\/cademaprop.com.ar\/blog\/wp-json\/wp\/v2\/media\/3799"}],"wp:attachment":[{"href":"https:\/\/cademaprop.com.ar\/blog\/wp-json\/wp\/v2\/media?parent=3796"}],"wp:term":[{"taxonomy":"category","embeddable":true,"href":"https:\/\/cademaprop.com.ar\/blog\/wp-json\/wp\/v2\/categories?post=3796"},{"taxonomy":"post_tag","embeddable":true,"href":"https:\/\/cademaprop.com.ar\/blog\/wp-json\/wp\/v2\/tags?post=3796"}],"curies":[{"name":"wp","href":"https:\/\/api.w.org\/{rel}","templated":true}]}}