{"id":685,"date":"2023-10-03T17:30:00","date_gmt":"2023-10-03T20:30:00","guid":{"rendered":"https:\/\/cademaprop.com.ar\/blog\/?p=685"},"modified":"2024-11-22T20:00:10","modified_gmt":"2024-11-22T23:00:10","slug":"medios-digitales-de-la-difusion-masiva-a-la-atencion-personalizada","status":"publish","type":"post","link":"https:\/\/cademaprop.com.ar\/blog\/medios-digitales-de-la-difusion-masiva-a-la-atencion-personalizada\/","title":{"rendered":"MEDIOS DIGITALES: DE LA DIFUSI\u00d3N MASIVA A LA ATENCI\u00d3N PERSONALIZADA"},"content":{"rendered":"\n<p>En la entrada previa de <a href=\"https:\/\/cademaprop.com.ar\/blog\/category\/tecnologia\/\" data-type=\"category\" data-id=\"11\">Tecnolog\u00eda <\/a>les hemos hablado sobre las empresas de <a href=\"https:\/\/cademaprop.com.ar\/blog\/medios-digitales-una-fuerte-estrategia-de-marketing-y-publicidad\/\" data-type=\"post\" data-id=\"549\">medios digitales<\/a> con las que trabajamos hace tiempo y confiamos todo el arduo proceso de difusi\u00f3n. En esta nueva nota, nos enfocaremos en detallarles nuestra forma de llegar a cada persona, desde nuestros clientes ya fidelizados, hasta los potenciales nuevos compradores.<\/p>\n\n\n\n<p style=\"margin-bottom:var(--wp--preset--spacing--50)\">Al iniciar un nuevo proyecto, siempre comenzamos con lo que llamamos la Etapa Lanzamiento. En esta etapa es vital darles prioridad a nuestros clientes ya fidelizados, para que, tanto ellos como sus allegados, conozcan de primera mano las nuevas ofertas especiales disponibles en preventa. De esta forma, respetamos el lugar que cada uno de ellos merece en nuestra empresa, con una comunicaci\u00f3n directa y personal. Adem\u00e1s, esto tambi\u00e9n nos ayuda a entender un primer y sincero panorama de situaci\u00f3n, analizando la repercusi\u00f3n del lanzamiento, conociendo d\u00f3nde estamos posicionados con el producto, y pudiendo tomar acciones de adaptaci\u00f3n ante la salida a la venta general. En este proceso pretendemos dar confianza tambi\u00e9n a propietarios y desarrolladores, estando constantemente conectados al pulso del mercado, logrando la mayor eficiencia en la venta a la vez que cuidando la imagen del producto.<\/p>\n\n\n\n<figure class=\"wp-block-image alignright size-full is-resized\"><a href=\"https:\/\/cademaprop.com.ar\/blog\/wp-content\/uploads\/2023\/10\/iStock-1051669866-600x400-1.jpg\"><img fetchpriority=\"high\" decoding=\"async\" width=\"600\" height=\"400\" src=\"https:\/\/cademaprop.com.ar\/blog\/wp-content\/uploads\/2023\/10\/iStock-1051669866-600x400-1.jpg\" alt=\"\" class=\"wp-image-693\" style=\"object-fit:cover;width:242px;height:179px\" srcset=\"https:\/\/cademaprop.com.ar\/blog\/wp-content\/uploads\/2023\/10\/iStock-1051669866-600x400-1.jpg 600w, https:\/\/cademaprop.com.ar\/blog\/wp-content\/uploads\/2023\/10\/iStock-1051669866-600x400-1-300x200.jpg 300w\" sizes=\"(max-width: 600px) 100vw, 600px\" \/><\/a><\/figure>\n\n\n\n<p>Para la salida a la venta general, entre nuestra base de clientes hist\u00f3rica, consultantes de diversas opciones, y las redes sociales, contamos con m\u00e1s de 30 mil personas, conformando una red altamente consolidada. Adem\u00e1s de las herramientas de comunicaci\u00f3n masiva como nuestros newsletters y publicaciones regulares en redes, la publicidad es lo m\u00e1s importante en este momento clave, y es imprescindible manejar una inversi\u00f3n muy fuerte, bien pensada y desarrollada, donde entra en juego \u00fatilmente la informaci\u00f3n adquirida. Contamos con software que nos permite llevar a cabo el manejo de la informaci\u00f3n mediante gr\u00e1ficos y mediciones demostrando los factores influyentes. Lo que necesitamos son datos concretos, de nada nos sirve quedarnos con un simple \u201cest\u00e1 todo parado\u201d o \u201cen este contexto el mercado no se mueve\u201d. Cada acci\u00f3n realizada retroalimenta esa base de datos en cuanto a deseabilidad de un producto, de una zona, de niveles de precios, de posibilidades de financiaci\u00f3n, de tasa de conversi\u00f3n, de los canales m\u00e1s efectivos de comunicaci\u00f3n, etc., con la que apoyarnos en la evoluci\u00f3n de la venta, as\u00ed como para entender mejor futuros nuevos lanzamientos: poseemos la referencia real con la que comparar proyecciones y objetivos en cada etapa.<\/p>\n\n\n\n<blockquote class=\"wp-block-quote is-layout-flow wp-block-quote-is-layout-flow\">\n<p class=\"has-text-color\" style=\"color:#c60c23;margin-right:var(--wp--preset--spacing--50);margin-left:var(--wp--preset--spacing--50);padding-right:0;padding-left:0;font-size:30px;font-style:italic;font-weight:700\">&#8220;En Inmobiliaria Cadema poseemos las herramientas indicadas para canalizar el flujo de consultas que se genera a partir de la publicidad masiva, siendo conscientes de que estas requieren de una atenci\u00f3n pronta y personalizada para poder satisfacer la inquietud de cada persona.&#8221;<\/p>\n<\/blockquote>\n\n\n\n<p>Otro dato para destacar es que en Inmobiliaria Cadema poseemos las herramientas indicadas para canalizar el flujo de consultas que se genera a partir de la publicidad masiva, siendo conscientes de que estas requieren de una atenci\u00f3n pronta y personalizada para poder satisfacer la inquietud de cada persona. Realizamos un seguimiento en detalle para conocer a cada uno, saber qu\u00e9 es lo que est\u00e1n buscando, qu\u00e9 necesitan y as\u00ed comprender c\u00f3mo hacer posible la operaci\u00f3n seg\u00fan sus posibilidades y necesidades. Esto tambi\u00e9n logra que estemos en contacto constante con todos, acompa\u00f1\u00e1ndolos y asesor\u00e1ndolos en cada parte del proceso estando a la altura para poder ofrecerles el mejor producto que se adapte a sus deseos.<\/p>\n\n\n\n<p>Cada individuo merece ser atendido de forma \u00fanica y personalizada, porque son los eslabones claves dentro de la empresa. Es por eso por lo que, en Inmobiliaria Cadema, tanto desarrolladores como clientes, pueden encontrar la confianza de que contamos con un esquema planificado de inicio a fin, con las herramientas digitales de \u00faltima demanda para dar la mejor atenci\u00f3n, canalizar el contacto y que todo el proceso se convierta en una experiencia que concrete sus deseos y motivaciones de manera eficiente. Siempre estamos pensando en c\u00f3mo encontrarles la llave que est\u00e1n buscando para el cambio que desean realizar.<\/p>\n\n\n\n<hr class=\"wp-block-separator has-alpha-channel-opacity is-style-wide\" style=\"margin-top:var(--wp--preset--spacing--50);margin-bottom:var(--wp--preset--spacing--50)\"\/>\n\n\n\n<p>Cadema Bienes Ra\u00edces<\/p>\n\n\n\n<p>Av Varela 420, Campana<\/p>\n\n\n\n<p><a href=\"https:\/\/wa.me\/5493489659742?text=Hola.%20Me%20interesa%20obtener%20mayor%20informaci%C3%B3n%20y%20asesoramiento%20sobre%20inmuebles%20industriales.\" target=\"_blank\" rel=\"noreferrer noopener\">+54 9 3489&nbsp;<\/a><a href=\"https:\/\/wa.me\/5493489659742?text=Hola.%20Me%20interesa%20obtener%20mayor%20informaci%C3%B3n%20y%20asesoramiento%20sobre%20inmuebles.\" target=\"_blank\" rel=\"noreferrer noopener\">659742<\/a><\/p>\n\n\n\n<p><a href=\"https:\/\/instagram.com\/cademabienesraices\" target=\"_blank\" rel=\"noreferrer noopener\">@cademabienesraices<\/a><\/p>\n\n\n\n<p><a href=\"http:\/\/www.cademaprop.com.ar\">www.cademaprop.com.ar<\/a><\/p>\n\n\n\n<p>Corredor responsable Bruno Catardi, CMZC Leg. Col. N 528.<\/p>\n","protected":false},"excerpt":{"rendered":"<p>En la entrada previa de Tecnolog\u00eda les hemos hablado sobre las empresas de medios digitales con las que trabajamos hace tiempo y confiamos todo el arduo proceso de difusi\u00f3n. En esta nueva nota, nos enfocaremos en detallarles nuestra forma de llegar a cada persona, desde nuestros clientes ya fidelizados, hasta los potenciales nuevos compradores. Al [&hellip;]<\/p>\n","protected":false},"author":2,"featured_media":688,"comment_status":"closed","ping_status":"closed","sticky":false,"template":"","format":"standard","meta":{"site-sidebar-layout":"default","site-content-layout":"","ast-site-content-layout":"default","site-content-style":"default","site-sidebar-style":"default","ast-global-header-display":"","ast-banner-title-visibility":"","ast-main-header-display":"","ast-hfb-above-header-display":"","ast-hfb-below-header-display":"","ast-hfb-mobile-header-display":"","site-post-title":"","ast-breadcrumbs-content":"","ast-featured-img":"","footer-sml-layout":"","theme-transparent-header-meta":"","adv-header-id-meta":"","stick-header-meta":"","header-above-stick-meta":"","header-main-stick-meta":"","header-below-stick-meta":"","astra-migrate-meta-layouts":"default","ast-page-background-enabled":"default","ast-page-background-meta":{"desktop":{"background-color":"","background-image":"","background-repeat":"repeat","background-position":"center center","background-size":"auto","background-attachment":"scroll","background-type":"","background-media":"","overlay-type":"","overlay-color":"","overlay-opacity":"","overlay-gradient":""},"tablet":{"background-color":"","background-image":"","background-repeat":"repeat","background-position":"center center","background-size":"auto","background-attachment":"scroll","background-type":"","background-media":"","overlay-type":"","overlay-color":"","overlay-opacity":"","overlay-gradient":""},"mobile":{"background-color":"","background-image":"","background-repeat":"repeat","background-position":"center center","background-size":"auto","background-attachment":"scroll","background-type":"","background-media":"","overlay-type":"","overlay-color":"","overlay-opacity":"","overlay-gradient":""}},"ast-content-background-meta":{"desktop":{"background-color":"var(--ast-global-color-5)","background-image":"","background-repeat":"repeat","background-position":"center center","background-size":"auto","background-attachment":"scroll","background-type":"","background-media":"","overlay-type":"","overlay-color":"","overlay-opacity":"","overlay-gradient":""},"tablet":{"background-color":"var(--ast-global-color-5)","background-image":"","background-repeat":"repeat","background-position":"center center","background-size":"auto","background-attachment":"scroll","background-type":"","background-media":"","overlay-type":"","overlay-color":"","overlay-opacity":"","overlay-gradient":""},"mobile":{"background-color":"var(--ast-global-color-5)","background-image":"","background-repeat":"repeat","background-position":"center center","background-size":"auto","background-attachment":"scroll","background-type":"","background-media":"","overlay-type":"","overlay-color":"","overlay-opacity":"","overlay-gradient":""}},"_joinchat":[],"footnotes":""},"categories":[11],"tags":[],"class_list":["post-685","post","type-post","status-publish","format-standard","has-post-thumbnail","hentry","category-tecnologia"],"yoast_head":"<!-- This site is optimized with the Yoast SEO plugin v27.5 - https:\/\/yoast.com\/product\/yoast-seo-wordpress\/ -->\n<title>MEDIOS DIGITALES: DE LA DIFUSI\u00d3N MASIVA A LA ATENCI\u00d3N PERSONALIZADA - NEWS<\/title>\n<meta name=\"robots\" content=\"index, follow, max-snippet:-1, max-image-preview:large, max-video-preview:-1\" \/>\n<link rel=\"canonical\" href=\"https:\/\/cademaprop.com.ar\/blog\/medios-digitales-de-la-difusion-masiva-a-la-atencion-personalizada\/\" \/>\n<meta property=\"og:locale\" content=\"es_MX\" \/>\n<meta property=\"og:type\" content=\"article\" \/>\n<meta property=\"og:title\" content=\"MEDIOS DIGITALES: DE LA DIFUSI\u00d3N MASIVA A LA ATENCI\u00d3N PERSONALIZADA - NEWS\" \/>\n<meta property=\"og:description\" content=\"En la entrada previa de Tecnolog\u00eda les hemos hablado sobre las empresas de medios digitales con las que trabajamos hace tiempo y confiamos todo el arduo proceso de difusi\u00f3n. En esta nueva nota, nos enfocaremos en detallarles nuestra forma de llegar a cada persona, desde nuestros clientes ya fidelizados, hasta los potenciales nuevos compradores. Al [&hellip;]\" \/>\n<meta property=\"og:url\" content=\"https:\/\/cademaprop.com.ar\/blog\/medios-digitales-de-la-difusion-masiva-a-la-atencion-personalizada\/\" \/>\n<meta property=\"og:site_name\" content=\"NEWS\" \/>\n<meta property=\"article:publisher\" content=\"https:\/\/www.facebook.com\/inmobiliariacadema\" \/>\n<meta property=\"article:published_time\" content=\"2023-10-03T20:30:00+00:00\" \/>\n<meta property=\"article:modified_time\" content=\"2024-11-22T23:00:10+00:00\" \/>\n<meta property=\"og:image\" content=\"https:\/\/cademaprop.com.ar\/blog\/wp-content\/uploads\/2023\/10\/mundo-conectado.jpg\" \/>\n\t<meta property=\"og:image:width\" content=\"1500\" \/>\n\t<meta property=\"og:image:height\" content=\"576\" \/>\n\t<meta property=\"og:image:type\" content=\"image\/jpeg\" \/>\n<meta name=\"author\" content=\"Cadema Bienes Ra\u00edces\" \/>\n<meta name=\"twitter:card\" content=\"summary_large_image\" \/>\n<meta name=\"twitter:creator\" content=\"@InmoCadema\" \/>\n<meta name=\"twitter:site\" content=\"@InmoCadema\" \/>\n<meta name=\"twitter:label1\" content=\"Escrito por\" \/>\n\t<meta name=\"twitter:data1\" content=\"Cadema Bienes Ra\u00edces\" \/>\n\t<meta name=\"twitter:label2\" content=\"Tiempo de lectura\" \/>\n\t<meta name=\"twitter:data2\" content=\"4 minutos\" \/>\n<script type=\"application\/ld+json\" class=\"yoast-schema-graph\">{\"@context\":\"https:\\\/\\\/schema.org\",\"@graph\":[{\"@type\":\"Article\",\"@id\":\"https:\\\/\\\/cademaprop.com.ar\\\/blog\\\/medios-digitales-de-la-difusion-masiva-a-la-atencion-personalizada\\\/#article\",\"isPartOf\":{\"@id\":\"https:\\\/\\\/cademaprop.com.ar\\\/blog\\\/medios-digitales-de-la-difusion-masiva-a-la-atencion-personalizada\\\/\"},\"author\":{\"name\":\"Cadema Bienes Ra\u00edces\",\"@id\":\"https:\\\/\\\/cademaprop.com.ar\\\/blog\\\/#\\\/schema\\\/person\\\/bf1e8554d62db91bc0110bd8b2c68625\"},\"headline\":\"MEDIOS DIGITALES: DE LA DIFUSI\u00d3N MASIVA A LA ATENCI\u00d3N PERSONALIZADA\",\"datePublished\":\"2023-10-03T20:30:00+00:00\",\"dateModified\":\"2024-11-22T23:00:10+00:00\",\"mainEntityOfPage\":{\"@id\":\"https:\\\/\\\/cademaprop.com.ar\\\/blog\\\/medios-digitales-de-la-difusion-masiva-a-la-atencion-personalizada\\\/\"},\"wordCount\":711,\"publisher\":{\"@id\":\"https:\\\/\\\/cademaprop.com.ar\\\/blog\\\/#organization\"},\"image\":{\"@id\":\"https:\\\/\\\/cademaprop.com.ar\\\/blog\\\/medios-digitales-de-la-difusion-masiva-a-la-atencion-personalizada\\\/#primaryimage\"},\"thumbnailUrl\":\"https:\\\/\\\/cademaprop.com.ar\\\/blog\\\/wp-content\\\/uploads\\\/2023\\\/10\\\/mundo-conectado.jpg\",\"articleSection\":[\"Tecnolog\u00eda\"],\"inLanguage\":\"es\"},{\"@type\":\"WebPage\",\"@id\":\"https:\\\/\\\/cademaprop.com.ar\\\/blog\\\/medios-digitales-de-la-difusion-masiva-a-la-atencion-personalizada\\\/\",\"url\":\"https:\\\/\\\/cademaprop.com.ar\\\/blog\\\/medios-digitales-de-la-difusion-masiva-a-la-atencion-personalizada\\\/\",\"name\":\"MEDIOS DIGITALES: DE LA DIFUSI\u00d3N MASIVA A LA ATENCI\u00d3N PERSONALIZADA - NEWS\",\"isPartOf\":{\"@id\":\"https:\\\/\\\/cademaprop.com.ar\\\/blog\\\/#website\"},\"primaryImageOfPage\":{\"@id\":\"https:\\\/\\\/cademaprop.com.ar\\\/blog\\\/medios-digitales-de-la-difusion-masiva-a-la-atencion-personalizada\\\/#primaryimage\"},\"image\":{\"@id\":\"https:\\\/\\\/cademaprop.com.ar\\\/blog\\\/medios-digitales-de-la-difusion-masiva-a-la-atencion-personalizada\\\/#primaryimage\"},\"thumbnailUrl\":\"https:\\\/\\\/cademaprop.com.ar\\\/blog\\\/wp-content\\\/uploads\\\/2023\\\/10\\\/mundo-conectado.jpg\",\"datePublished\":\"2023-10-03T20:30:00+00:00\",\"dateModified\":\"2024-11-22T23:00:10+00:00\",\"breadcrumb\":{\"@id\":\"https:\\\/\\\/cademaprop.com.ar\\\/blog\\\/medios-digitales-de-la-difusion-masiva-a-la-atencion-personalizada\\\/#breadcrumb\"},\"inLanguage\":\"es\",\"potentialAction\":[{\"@type\":\"ReadAction\",\"target\":[\"https:\\\/\\\/cademaprop.com.ar\\\/blog\\\/medios-digitales-de-la-difusion-masiva-a-la-atencion-personalizada\\\/\"]}]},{\"@type\":\"ImageObject\",\"inLanguage\":\"es\",\"@id\":\"https:\\\/\\\/cademaprop.com.ar\\\/blog\\\/medios-digitales-de-la-difusion-masiva-a-la-atencion-personalizada\\\/#primaryimage\",\"url\":\"https:\\\/\\\/cademaprop.com.ar\\\/blog\\\/wp-content\\\/uploads\\\/2023\\\/10\\\/mundo-conectado.jpg\",\"contentUrl\":\"https:\\\/\\\/cademaprop.com.ar\\\/blog\\\/wp-content\\\/uploads\\\/2023\\\/10\\\/mundo-conectado.jpg\",\"width\":1500,\"height\":576},{\"@type\":\"BreadcrumbList\",\"@id\":\"https:\\\/\\\/cademaprop.com.ar\\\/blog\\\/medios-digitales-de-la-difusion-masiva-a-la-atencion-personalizada\\\/#breadcrumb\",\"itemListElement\":[{\"@type\":\"ListItem\",\"position\":1,\"name\":\"Inicio\",\"item\":\"https:\\\/\\\/cademaprop.com.ar\\\/blog\\\/\"},{\"@type\":\"ListItem\",\"position\":2,\"name\":\"MEDIOS DIGITALES: DE LA DIFUSI\u00d3N MASIVA A LA ATENCI\u00d3N PERSONALIZADA\"}]},{\"@type\":\"WebSite\",\"@id\":\"https:\\\/\\\/cademaprop.com.ar\\\/blog\\\/#website\",\"url\":\"https:\\\/\\\/cademaprop.com.ar\\\/blog\\\/\",\"name\":\"CADEMA NEWS\",\"description\":\"\",\"publisher\":{\"@id\":\"https:\\\/\\\/cademaprop.com.ar\\\/blog\\\/#organization\"},\"potentialAction\":[{\"@type\":\"SearchAction\",\"target\":{\"@type\":\"EntryPoint\",\"urlTemplate\":\"https:\\\/\\\/cademaprop.com.ar\\\/blog\\\/?s={search_term_string}\"},\"query-input\":{\"@type\":\"PropertyValueSpecification\",\"valueRequired\":true,\"valueName\":\"search_term_string\"}}],\"inLanguage\":\"es\"},{\"@type\":\"Organization\",\"@id\":\"https:\\\/\\\/cademaprop.com.ar\\\/blog\\\/#organization\",\"name\":\"INMOBILIARIA CADEMA\",\"url\":\"https:\\\/\\\/cademaprop.com.ar\\\/blog\\\/\",\"logo\":{\"@type\":\"ImageObject\",\"inLanguage\":\"es\",\"@id\":\"https:\\\/\\\/cademaprop.com.ar\\\/blog\\\/#\\\/schema\\\/logo\\\/image\\\/\",\"url\":\"https:\\\/\\\/cademaprop.com.ar\\\/blog\\\/wp-content\\\/uploads\\\/2024\\\/01\\\/CDN-Logo-Full-Color.png\",\"contentUrl\":\"https:\\\/\\\/cademaprop.com.ar\\\/blog\\\/wp-content\\\/uploads\\\/2024\\\/01\\\/CDN-Logo-Full-Color.png\",\"width\":4410,\"height\":1418,\"caption\":\"INMOBILIARIA CADEMA\"},\"image\":{\"@id\":\"https:\\\/\\\/cademaprop.com.ar\\\/blog\\\/#\\\/schema\\\/logo\\\/image\\\/\"},\"sameAs\":[\"https:\\\/\\\/www.facebook.com\\\/inmobiliariacadema\",\"https:\\\/\\\/x.com\\\/InmoCadema\",\"https:\\\/\\\/www.instagram.com\\\/inmobiliariacadema\",\"https:\\\/\\\/www.threads.net\\\/@inmobiliariacadema\",\"https:\\\/\\\/www.tiktok.com\\\/@inmobiliariacadema\"]},{\"@type\":\"Person\",\"@id\":\"https:\\\/\\\/cademaprop.com.ar\\\/blog\\\/#\\\/schema\\\/person\\\/bf1e8554d62db91bc0110bd8b2c68625\",\"name\":\"Cadema Bienes Ra\u00edces\",\"image\":{\"@type\":\"ImageObject\",\"inLanguage\":\"es\",\"@id\":\"https:\\\/\\\/secure.gravatar.com\\\/avatar\\\/dcf94633e3fe61607b8d5ead2fbb04c595474c581edee9a1c8c801464d64e4af?s=96&r=g\",\"url\":\"https:\\\/\\\/secure.gravatar.com\\\/avatar\\\/dcf94633e3fe61607b8d5ead2fbb04c595474c581edee9a1c8c801464d64e4af?s=96&r=g\",\"contentUrl\":\"https:\\\/\\\/secure.gravatar.com\\\/avatar\\\/dcf94633e3fe61607b8d5ead2fbb04c595474c581edee9a1c8c801464d64e4af?s=96&r=g\",\"caption\":\"Cadema Bienes Ra\u00edces\"},\"description\":\"Nuestra prioridad es lograr una s\u00edntesis equilibrada entre las necesidades del comprador y los requerimientos del vendedor. Con m\u00e1s de seis d\u00e9cadas de experiencia, nos enorgullece ser la empresa l\u00edder en el \u00e1mbito inmobiliario de la ciudad de Campana. Especializados en la venta de inmuebles y desarrollos urbanos e industriales, hemos marcado nuestro camino con dedicaci\u00f3n y excelencia. En el a\u00f1o 2024 celebramos nuestro 60\u00ba aniversario, reflejando nuestra constante b\u00fasqueda de vanguardia tecnol\u00f3gica para enfrentar los desaf\u00edos del mercado.\",\"sameAs\":[\"https:\\\/\\\/www.cademaprop.com.ar\\\/\"],\"url\":\"https:\\\/\\\/cademaprop.com.ar\\\/blog\\\/author\\\/mar0015\\\/\"}]}<\/script>\n<!-- \/ Yoast SEO plugin. -->","yoast_head_json":{"title":"MEDIOS DIGITALES: DE LA DIFUSI\u00d3N MASIVA A LA ATENCI\u00d3N PERSONALIZADA - NEWS","robots":{"index":"index","follow":"follow","max-snippet":"max-snippet:-1","max-image-preview":"max-image-preview:large","max-video-preview":"max-video-preview:-1"},"canonical":"https:\/\/cademaprop.com.ar\/blog\/medios-digitales-de-la-difusion-masiva-a-la-atencion-personalizada\/","og_locale":"es_MX","og_type":"article","og_title":"MEDIOS DIGITALES: DE LA DIFUSI\u00d3N MASIVA A LA ATENCI\u00d3N PERSONALIZADA - NEWS","og_description":"En la entrada previa de Tecnolog\u00eda les hemos hablado sobre las empresas de medios digitales con las que trabajamos hace tiempo y confiamos todo el arduo proceso de difusi\u00f3n. En esta nueva nota, nos enfocaremos en detallarles nuestra forma de llegar a cada persona, desde nuestros clientes ya fidelizados, hasta los potenciales nuevos compradores. Al [&hellip;]","og_url":"https:\/\/cademaprop.com.ar\/blog\/medios-digitales-de-la-difusion-masiva-a-la-atencion-personalizada\/","og_site_name":"NEWS","article_publisher":"https:\/\/www.facebook.com\/inmobiliariacadema","article_published_time":"2023-10-03T20:30:00+00:00","article_modified_time":"2024-11-22T23:00:10+00:00","og_image":[{"width":1500,"height":576,"url":"https:\/\/cademaprop.com.ar\/blog\/wp-content\/uploads\/2023\/10\/mundo-conectado.jpg","type":"image\/jpeg"}],"author":"Cadema Bienes Ra\u00edces","twitter_card":"summary_large_image","twitter_creator":"@InmoCadema","twitter_site":"@InmoCadema","twitter_misc":{"Escrito por":"Cadema Bienes Ra\u00edces","Tiempo de lectura":"4 minutos"},"schema":{"@context":"https:\/\/schema.org","@graph":[{"@type":"Article","@id":"https:\/\/cademaprop.com.ar\/blog\/medios-digitales-de-la-difusion-masiva-a-la-atencion-personalizada\/#article","isPartOf":{"@id":"https:\/\/cademaprop.com.ar\/blog\/medios-digitales-de-la-difusion-masiva-a-la-atencion-personalizada\/"},"author":{"name":"Cadema Bienes Ra\u00edces","@id":"https:\/\/cademaprop.com.ar\/blog\/#\/schema\/person\/bf1e8554d62db91bc0110bd8b2c68625"},"headline":"MEDIOS DIGITALES: DE LA DIFUSI\u00d3N MASIVA A LA ATENCI\u00d3N PERSONALIZADA","datePublished":"2023-10-03T20:30:00+00:00","dateModified":"2024-11-22T23:00:10+00:00","mainEntityOfPage":{"@id":"https:\/\/cademaprop.com.ar\/blog\/medios-digitales-de-la-difusion-masiva-a-la-atencion-personalizada\/"},"wordCount":711,"publisher":{"@id":"https:\/\/cademaprop.com.ar\/blog\/#organization"},"image":{"@id":"https:\/\/cademaprop.com.ar\/blog\/medios-digitales-de-la-difusion-masiva-a-la-atencion-personalizada\/#primaryimage"},"thumbnailUrl":"https:\/\/cademaprop.com.ar\/blog\/wp-content\/uploads\/2023\/10\/mundo-conectado.jpg","articleSection":["Tecnolog\u00eda"],"inLanguage":"es"},{"@type":"WebPage","@id":"https:\/\/cademaprop.com.ar\/blog\/medios-digitales-de-la-difusion-masiva-a-la-atencion-personalizada\/","url":"https:\/\/cademaprop.com.ar\/blog\/medios-digitales-de-la-difusion-masiva-a-la-atencion-personalizada\/","name":"MEDIOS DIGITALES: DE LA DIFUSI\u00d3N MASIVA A LA ATENCI\u00d3N PERSONALIZADA - NEWS","isPartOf":{"@id":"https:\/\/cademaprop.com.ar\/blog\/#website"},"primaryImageOfPage":{"@id":"https:\/\/cademaprop.com.ar\/blog\/medios-digitales-de-la-difusion-masiva-a-la-atencion-personalizada\/#primaryimage"},"image":{"@id":"https:\/\/cademaprop.com.ar\/blog\/medios-digitales-de-la-difusion-masiva-a-la-atencion-personalizada\/#primaryimage"},"thumbnailUrl":"https:\/\/cademaprop.com.ar\/blog\/wp-content\/uploads\/2023\/10\/mundo-conectado.jpg","datePublished":"2023-10-03T20:30:00+00:00","dateModified":"2024-11-22T23:00:10+00:00","breadcrumb":{"@id":"https:\/\/cademaprop.com.ar\/blog\/medios-digitales-de-la-difusion-masiva-a-la-atencion-personalizada\/#breadcrumb"},"inLanguage":"es","potentialAction":[{"@type":"ReadAction","target":["https:\/\/cademaprop.com.ar\/blog\/medios-digitales-de-la-difusion-masiva-a-la-atencion-personalizada\/"]}]},{"@type":"ImageObject","inLanguage":"es","@id":"https:\/\/cademaprop.com.ar\/blog\/medios-digitales-de-la-difusion-masiva-a-la-atencion-personalizada\/#primaryimage","url":"https:\/\/cademaprop.com.ar\/blog\/wp-content\/uploads\/2023\/10\/mundo-conectado.jpg","contentUrl":"https:\/\/cademaprop.com.ar\/blog\/wp-content\/uploads\/2023\/10\/mundo-conectado.jpg","width":1500,"height":576},{"@type":"BreadcrumbList","@id":"https:\/\/cademaprop.com.ar\/blog\/medios-digitales-de-la-difusion-masiva-a-la-atencion-personalizada\/#breadcrumb","itemListElement":[{"@type":"ListItem","position":1,"name":"Inicio","item":"https:\/\/cademaprop.com.ar\/blog\/"},{"@type":"ListItem","position":2,"name":"MEDIOS DIGITALES: DE LA DIFUSI\u00d3N MASIVA A LA ATENCI\u00d3N PERSONALIZADA"}]},{"@type":"WebSite","@id":"https:\/\/cademaprop.com.ar\/blog\/#website","url":"https:\/\/cademaprop.com.ar\/blog\/","name":"CADEMA NEWS","description":"","publisher":{"@id":"https:\/\/cademaprop.com.ar\/blog\/#organization"},"potentialAction":[{"@type":"SearchAction","target":{"@type":"EntryPoint","urlTemplate":"https:\/\/cademaprop.com.ar\/blog\/?s={search_term_string}"},"query-input":{"@type":"PropertyValueSpecification","valueRequired":true,"valueName":"search_term_string"}}],"inLanguage":"es"},{"@type":"Organization","@id":"https:\/\/cademaprop.com.ar\/blog\/#organization","name":"INMOBILIARIA CADEMA","url":"https:\/\/cademaprop.com.ar\/blog\/","logo":{"@type":"ImageObject","inLanguage":"es","@id":"https:\/\/cademaprop.com.ar\/blog\/#\/schema\/logo\/image\/","url":"https:\/\/cademaprop.com.ar\/blog\/wp-content\/uploads\/2024\/01\/CDN-Logo-Full-Color.png","contentUrl":"https:\/\/cademaprop.com.ar\/blog\/wp-content\/uploads\/2024\/01\/CDN-Logo-Full-Color.png","width":4410,"height":1418,"caption":"INMOBILIARIA CADEMA"},"image":{"@id":"https:\/\/cademaprop.com.ar\/blog\/#\/schema\/logo\/image\/"},"sameAs":["https:\/\/www.facebook.com\/inmobiliariacadema","https:\/\/x.com\/InmoCadema","https:\/\/www.instagram.com\/inmobiliariacadema","https:\/\/www.threads.net\/@inmobiliariacadema","https:\/\/www.tiktok.com\/@inmobiliariacadema"]},{"@type":"Person","@id":"https:\/\/cademaprop.com.ar\/blog\/#\/schema\/person\/bf1e8554d62db91bc0110bd8b2c68625","name":"Cadema Bienes Ra\u00edces","image":{"@type":"ImageObject","inLanguage":"es","@id":"https:\/\/secure.gravatar.com\/avatar\/dcf94633e3fe61607b8d5ead2fbb04c595474c581edee9a1c8c801464d64e4af?s=96&r=g","url":"https:\/\/secure.gravatar.com\/avatar\/dcf94633e3fe61607b8d5ead2fbb04c595474c581edee9a1c8c801464d64e4af?s=96&r=g","contentUrl":"https:\/\/secure.gravatar.com\/avatar\/dcf94633e3fe61607b8d5ead2fbb04c595474c581edee9a1c8c801464d64e4af?s=96&r=g","caption":"Cadema Bienes Ra\u00edces"},"description":"Nuestra prioridad es lograr una s\u00edntesis equilibrada entre las necesidades del comprador y los requerimientos del vendedor. Con m\u00e1s de seis d\u00e9cadas de experiencia, nos enorgullece ser la empresa l\u00edder en el \u00e1mbito inmobiliario de la ciudad de Campana. Especializados en la venta de inmuebles y desarrollos urbanos e industriales, hemos marcado nuestro camino con dedicaci\u00f3n y excelencia. En el a\u00f1o 2024 celebramos nuestro 60\u00ba aniversario, reflejando nuestra constante b\u00fasqueda de vanguardia tecnol\u00f3gica para enfrentar los desaf\u00edos del mercado.","sameAs":["https:\/\/www.cademaprop.com.ar\/"],"url":"https:\/\/cademaprop.com.ar\/blog\/author\/mar0015\/"}]}},"_links":{"self":[{"href":"https:\/\/cademaprop.com.ar\/blog\/wp-json\/wp\/v2\/posts\/685","targetHints":{"allow":["GET"]}}],"collection":[{"href":"https:\/\/cademaprop.com.ar\/blog\/wp-json\/wp\/v2\/posts"}],"about":[{"href":"https:\/\/cademaprop.com.ar\/blog\/wp-json\/wp\/v2\/types\/post"}],"author":[{"embeddable":true,"href":"https:\/\/cademaprop.com.ar\/blog\/wp-json\/wp\/v2\/users\/2"}],"replies":[{"embeddable":true,"href":"https:\/\/cademaprop.com.ar\/blog\/wp-json\/wp\/v2\/comments?post=685"}],"version-history":[{"count":0,"href":"https:\/\/cademaprop.com.ar\/blog\/wp-json\/wp\/v2\/posts\/685\/revisions"}],"wp:featuredmedia":[{"embeddable":true,"href":"https:\/\/cademaprop.com.ar\/blog\/wp-json\/wp\/v2\/media\/688"}],"wp:attachment":[{"href":"https:\/\/cademaprop.com.ar\/blog\/wp-json\/wp\/v2\/media?parent=685"}],"wp:term":[{"taxonomy":"category","embeddable":true,"href":"https:\/\/cademaprop.com.ar\/blog\/wp-json\/wp\/v2\/categories?post=685"},{"taxonomy":"post_tag","embeddable":true,"href":"https:\/\/cademaprop.com.ar\/blog\/wp-json\/wp\/v2\/tags?post=685"}],"curies":[{"name":"wp","href":"https:\/\/api.w.org\/{rel}","templated":true}]}}