{"id":721,"date":"2023-10-09T17:30:00","date_gmt":"2023-10-09T20:30:00","guid":{"rendered":"https:\/\/cademaprop.com.ar\/blog\/?p=721"},"modified":"2023-10-11T13:17:40","modified_gmt":"2023-10-11T16:17:40","slug":"parque-industrial-ruta-6-pensado-para-la-expansion-de-pymes-y-grandes-empresas","status":"publish","type":"post","link":"https:\/\/cademaprop.com.ar\/blog\/parque-industrial-ruta-6-pensado-para-la-expansion-de-pymes-y-grandes-empresas\/","title":{"rendered":"PARQUE INDUSTRIAL RUTA 6: PENSADO PARA LA EXPANSI\u00d3N DE PYMES Y GRANDES EMPRESAS"},"content":{"rendered":"\n<p style=\"margin-bottom:var(--wp--preset--spacing--50)\">Nos interesa que est\u00e9n al tanto de todos los productos industriales que en <a rel=\"noreferrer noopener\" href=\"https:\/\/www.cademaprop.com.ar\/\" data-type=\"link\" data-id=\"https:\/\/www.cademaprop.com.ar\/\" target=\"_blank\">Cadema<\/a> tenemos para ofrecerles. Por este motivo, a trav\u00e9s de nuestra <a rel=\"noreferrer noopener\" href=\"https:\/\/cademaprop.com.ar\/blog\/la-division-industrial-de-cadema-confianza-futuro-y-crecimiento\/\" data-type=\"post\" data-id=\"455\" target=\"_blank\">Divisi\u00f3n Industrial<\/a> vamos a contarles m\u00e1s en detalle sobre las diferentes opciones de nuestro cat\u00e1logo, de qu\u00e9 categor\u00eda son, qu\u00e9 empresas hay ya radicadas y c\u00f3mo es el crecimiento del lugar a futuro. Para comenzar, nos centraremos en el <a rel=\"noreferrer noopener\" href=\"https:\/\/www.cademaprop.com.ar\/parqueindustrialruta6\/\" data-type=\"link\" data-id=\"https:\/\/www.cademaprop.com.ar\/parqueindustrialruta6\/\" target=\"_blank\">Parque Industrial RUTA 6<\/a>, un gran exponente dentro de nuestra zona.<\/p>\n\n\n\n<figure class=\"wp-block-image alignright size-large is-resized\"><a href=\"https:\/\/cademaprop.com.ar\/blog\/wp-content\/uploads\/2023\/10\/mapa-parque-ruta-6.jpg\"><img fetchpriority=\"high\" decoding=\"async\" src=\"https:\/\/cademaprop.com.ar\/blog\/wp-content\/uploads\/2023\/10\/mapa-parque-ruta-6-1024x737.jpg\" alt=\"\" class=\"wp-image-728\" style=\"object-fit:contain;width:371px;height:267px\" width=\"371\" height=\"267\" srcset=\"https:\/\/cademaprop.com.ar\/blog\/wp-content\/uploads\/2023\/10\/mapa-parque-ruta-6-1024x737.jpg 1024w, https:\/\/cademaprop.com.ar\/blog\/wp-content\/uploads\/2023\/10\/mapa-parque-ruta-6-300x216.jpg 300w, https:\/\/cademaprop.com.ar\/blog\/wp-content\/uploads\/2023\/10\/mapa-parque-ruta-6-768x553.jpg 768w, https:\/\/cademaprop.com.ar\/blog\/wp-content\/uploads\/2023\/10\/mapa-parque-ruta-6.jpg 1200w\" sizes=\"(max-width: 371px) 100vw, 371px\" \/><\/a><figcaption class=\"wp-element-caption\">PLANO ETAPAS DEL PARQUE<\/figcaption><\/figure>\n\n\n\n<p style=\"margin-bottom:var(--wp--preset--spacing--50)\">Ubicado estrat\u00e9gicamente en el Partido de Exaltaci\u00f3n de la Cruz, sobre autov\u00eda <a href=\"https:\/\/maps.app.goo.gl\/S7M6CwJ7vFFrK5os9\" data-type=\"link\" data-id=\"https:\/\/maps.app.goo.gl\/S7M6CwJ7vFFrK5os9\" target=\"_blank\" rel=\"noreferrer noopener\">Ruta Provincial N\u00b06 km 180<\/a>, a 2 km de Autopista Ruta Nacional N\u00b08 (km 67.500) y de Los Cardales, con r\u00e1pido acceso por Panamericana, Parque Industrial RUTA 6 se consolida como el principal exponente de la zona para instalar su empresa en el centro de gravedad de la regi\u00f3n Campana &#8211; Cardales &#8211; Pilar. Actualmente se encuentra en expansi\u00f3n y comercializando su 3ra etapa, con un gran porcentaje ya vendido de las primeras dos etapas y en constante crecimiento con el 100% de las obras terminadas y lotes escriturables.&nbsp;<\/p>\n\n\n\n<p>Otro dato relevante respecto a su ubicaci\u00f3n es la proximidad con el <a href=\"https:\/\/www.cademaprop.com.ar\/emprendimiento-48809-Plaza-Industrial-Pilar\" data-type=\"link\" data-id=\"https:\/\/www.cademaprop.com.ar\/emprendimiento-48809-Plaza-Industrial-Pilar\" target=\"_blank\" rel=\"noreferrer noopener\">Parque Industrial Pilar<\/a>, el cual se encuentra situado a tan solo 15 km. La proximidad entre los parques industriales permite una mayor interacci\u00f3n comercial y log\u00edstica entre las empresas que operan en la zona. Estas pueden establecer relaciones comerciales y de proveedores cercanos, lo que facilita la cooperaci\u00f3n y el intercambio de bienes y servicios.<\/p>\n\n\n\n<blockquote class=\"wp-block-quote is-layout-flow wp-block-quote-is-layout-flow\">\n<p class=\"has-text-color\" style=\"color:#9a3324;margin-right:var(--wp--preset--spacing--50);margin-left:var(--wp--preset--spacing--50);padding-right:0;padding-left:0;font-size:30px;font-style:italic;font-weight:700\">&#8220;Ideal tanto para aquellas Pymes que est\u00e9n en la b\u00fasqueda de un lugar id\u00f3neo para seguir creciendo, como para la expansi\u00f3n de medianas y grandes empresas ya consolidadas.&#8221;<\/p>\n<\/blockquote>\n\n\n\n<p>El Parque Industrial RUTA 6 cuenta con 240 hect\u00e1reas desarrolladas. Las parcelas tienen superficies que se inician en el orden de los 2.000 m<sup>2<\/sup> hasta superar los 40.000 m<sup>2<\/sup> con muchas opciones intermedias y gran infraestructura, ideal tanto para aquellas Pymes que est\u00e9n en la b\u00fasqueda de un nuevo lugar id\u00f3neo para seguir creciendo, como para la expansi\u00f3n de medianas y grandes empresas ya consolidadas. Actualmente, hay m\u00e1s de 30 naves industriales y dep\u00f3sitos instalados.<\/p>\n\n\n\n<p>Fundado en el 2015, este parque cuenta con objetivos claves desde sus inicios que hacen que se posicione fuertemente en el mercado. Entre ellos: \u201cDifundir y promocionar la actividad industrial, tecnol\u00f3gica y de servicios del parque y la regi\u00f3n\u201d, \u201ctrabajar conjuntamente con sectores estrat\u00e9gicos de desarrollo tecnol\u00f3gico industrial como centros de investigaci\u00f3n y universidades\u201d, \u201cpromover la radicaci\u00f3n de empresas vinculadas a la econom\u00eda regional dispuestas a invertir y generar fuentes de trabajo\u201d.<\/p>\n\n\n\n<p>Adem\u00e1s, cuenta con una serie de servicios de \u00faltima generaci\u00f3n acrecentando sus puntos fuertes:<\/p>\n\n\n\n<ul class=\"wp-block-list\" style=\"line-height:1.5\">\n<li>Red de Pavimentos: el acceso, avenida principal y rotondas cuentan con pavimento de hormig\u00f3n armado H30; el resto de las calles internas cuentan con pavimento de hormig\u00f3n, cord\u00f3n y cuneta de hormig\u00f3n armado. El Radio de Giro es de 20 metros, facilitando la circulaci\u00f3n de camiones.<\/li>\n\n\n\n<li>Desag\u00fces Pluviales: todas las parcelas desaguan sus pluviales sin anegamientos, y las calles internas poseen cord\u00f3n cuneta y sumideros. Sus zanjas y conductos son subterr\u00e1neos, no hay nada a cielo abierto. El parque cuenta con conductos de desag\u00fce pluvial en ca\u00f1er\u00edas de hormig\u00f3n premoldeado de di\u00e1metros variables.<\/li>\n\n\n\n<li>Desag\u00fces Industriales: La totalidad de las parcelas cuenta con conductos subterr\u00e1neos que reciben los efluentes l\u00edquidos industriales, previamente tratados.<\/li>\n\n\n\n<li>Red Interna de Gas: esta recorre la totalidad del Parque Industrial, siendo el prestador del servicio Gas Natural Ban SA.<\/li>\n\n\n\n<li>Recurso H\u00eddrico Subterr\u00e1neo: El abastecimiento de agua se har\u00e1 por medio de una perforaci\u00f3n por cada parcela, con un caudal medio de explotaci\u00f3n de 50 m<sup>3<\/sup>\/hora\/hect\u00e1rea. En cumplimiento de ordenanzas municipales, el parque cuenta con 15 metros de retiro en todo su per\u00edmetro destinados a forestaci\u00f3n.<\/li>\n\n\n\n<li>R\u00e9gimen de Desgravaci\u00f3n Impositiva: Las empresas a radicarse en el parque contar\u00e1n con la posibilidad de Desgravaci\u00f3n Impositiva que le ofrece la Ley 13.656 de Promoci\u00f3n Industrial de la Provincia de Buenos Aires. La Municipalidad de Exaltaci\u00f3n de la Cruz adhiere a esta Ley y otorga grandes beneficios regulados por ordenanza municipal N\u00ba033\/08 y sus modificatorias, como ser exoneraci\u00f3n en el pago de ABL, tasas Alumbrado barrido y limpieza, derechos de construcci\u00f3n y otros impuestos municipales por el plazo de 10 a\u00f1os.<\/li>\n<\/ul>\n\n\n\n<blockquote class=\"wp-block-quote is-style-default is-layout-flow wp-block-quote-is-layout-flow\">\n<p class=\"has-text-color\" style=\"color:#9a3324;margin-right:var(--wp--preset--spacing--50);margin-left:var(--wp--preset--spacing--50);padding-right:0;padding-left:0;font-size:30px;font-style:italic;font-weight:700\"><strong>&#8220;El valor del metro cuadrado todav\u00eda est\u00e1 por debajo del resto de los parques industriales de categor\u00eda 1 y 2 de la zona.&#8221;<\/strong><\/p>\n<\/blockquote>\n\n\n\n<p>El Parque Industrial RUTA 6 es de categor\u00edas 1, 2 y 3 al cumplimiento de la ley 11.459, lo que promueve un desarrollo sustentable en el \u00e1rea industrial. Esta diversidad de categor\u00edas es de gran importancia, haciendo que el rango de empresas a radicarse dentro del parque sea mayor y posibilitando la expansi\u00f3n de diversas peque\u00f1as, medianas y grandes empresas. Otro punto a favor, teniendo en cuenta lo mencionado anteriormente, es que el valor del metro cuadrado todav\u00eda est\u00e1 por debajo del resto de los parques industriales de categor\u00eda 1 y 2 de la zona.<\/p>\n\n\n\n<p>Dentro del predio se encuentran radicadas importantes empresas de variados sectores y categor\u00edas, por destacar: MOTOMEL, de Grupo La Emilia; RETEPLAST S.R.L, VIAL-TEC S.A. y <em>retak<\/em>\u00ae, producido por Ardal S.A. Su presencia en constante crecimiento es un testimonio del atractivo y las oportunidades que ofrece el Parque Industrial RUTA 6.<\/p>\n\n\n\n<p>Para concluir, desde nuestra <a href=\"https:\/\/cademaprop.com.ar\/industria\/\" data-type=\"link\" data-id=\"https:\/\/cademaprop.com.ar\/industria\/\" target=\"_blank\" rel=\"noreferrer noopener\">Divisi\u00f3n Industrial<\/a> queremos hacerles saber que estamos a disposici\u00f3n para pactar una entrevista personalizada en nuestra oficina comercial ubicada en Av. Varela 420, Campana, y saciar cualquier duda que puedan tener. En Cadema, estamos altamente capacitados en el rubro Inmobiliario e Industrial para guiarlos en todos los procesos, haci\u00e9ndoles sentir el acompa\u00f1amiento que se merecen. &nbsp;<\/p>\n\n\n\n<p>Inmobiliaria Cadema SA.: Sabemos de Inmuebles, Sabemos de Industria.<\/p>\n\n\n\n<hr class=\"wp-block-separator has-alpha-channel-opacity is-style-wide\" style=\"margin-top:var(--wp--preset--spacing--50);margin-bottom:var(--wp--preset--spacing--50)\"\/>\n\n\n\n<p>Inmobiliaria Cadema SA<\/p>\n\n\n\n<p>Av Varela 420, Campana<\/p>\n\n\n\n<p><a href=\"https:\/\/www.cademaprop.com.ar\/industria\/\" target=\"_blank\" rel=\"noreferrer noopener\">Web Divisi\u00f3n Industrial<\/a><\/p>\n\n\n\n<p>Ig:&nbsp;<a rel=\"noreferrer noopener\" href=\"https:\/\/www.instagram.com\/cademaindustrias\/?\" target=\"_blank\">@cademaindustrias<\/a><\/p>\n\n\n\n<p><a href=\"tel:011%2052633031\">011 52633031<\/a><\/p>\n\n\n\n<p><a href=\"https:\/\/wa.me\/5493489659742?text=Hola.%20Me%20interesa%20obtener%20mayor%20informaci%C3%B3n%20y%20asesoramiento%20sobre%20inmuebles%20industriales.\" target=\"_blank\" rel=\"noreferrer noopener\">+54 9 3489 659742<\/a><\/p>\n\n\n\n<hr class=\"wp-block-separator has-alpha-channel-opacity is-style-wide\" style=\"margin-top:var(--wp--preset--spacing--50);margin-bottom:var(--wp--preset--spacing--50)\"\/>\n\n\n\n<p><strong>GALER\u00cdA:<\/strong><\/p>\n\n\n\n<figure class=\"wp-block-gallery has-nested-images columns-default is-cropped wp-block-gallery-1 is-layout-flex wp-block-gallery-is-layout-flex\">\n<figure class=\"wp-block-image size-large\"><a href=\"https:\/\/cademaprop.com.ar\/blog\/wp-content\/uploads\/2023\/10\/DJI_0117-scaled.jpg\"><img decoding=\"async\" width=\"1024\" height=\"576\" data-id=\"735\" src=\"https:\/\/cademaprop.com.ar\/blog\/wp-content\/uploads\/2023\/10\/DJI_0117-1024x576.jpg\" alt=\"\" class=\"wp-image-735\" srcset=\"https:\/\/cademaprop.com.ar\/blog\/wp-content\/uploads\/2023\/10\/DJI_0117-1024x576.jpg 1024w, https:\/\/cademaprop.com.ar\/blog\/wp-content\/uploads\/2023\/10\/DJI_0117-300x169.jpg 300w, https:\/\/cademaprop.com.ar\/blog\/wp-content\/uploads\/2023\/10\/DJI_0117-768x432.jpg 768w, https:\/\/cademaprop.com.ar\/blog\/wp-content\/uploads\/2023\/10\/DJI_0117-1536x864.jpg 1536w, https:\/\/cademaprop.com.ar\/blog\/wp-content\/uploads\/2023\/10\/DJI_0117-2048x1152.jpg 2048w\" sizes=\"(max-width: 1024px) 100vw, 1024px\" \/><\/a><\/figure>\n\n\n\n<figure class=\"wp-block-image size-large\"><a href=\"https:\/\/cademaprop.com.ar\/blog\/wp-content\/uploads\/2023\/10\/foto2-copia.jpg\"><img decoding=\"async\" width=\"1024\" height=\"611\" data-id=\"734\" src=\"https:\/\/cademaprop.com.ar\/blog\/wp-content\/uploads\/2023\/10\/foto2-copia-1024x611.jpg\" alt=\"\" class=\"wp-image-734\" srcset=\"https:\/\/cademaprop.com.ar\/blog\/wp-content\/uploads\/2023\/10\/foto2-copia-1024x611.jpg 1024w, https:\/\/cademaprop.com.ar\/blog\/wp-content\/uploads\/2023\/10\/foto2-copia-300x179.jpg 300w, https:\/\/cademaprop.com.ar\/blog\/wp-content\/uploads\/2023\/10\/foto2-copia-768x458.jpg 768w, https:\/\/cademaprop.com.ar\/blog\/wp-content\/uploads\/2023\/10\/foto2-copia.jpg 1481w\" sizes=\"(max-width: 1024px) 100vw, 1024px\" \/><\/a><\/figure>\n\n\n\n<figure class=\"wp-block-image size-large\"><a href=\"https:\/\/cademaprop.com.ar\/blog\/wp-content\/uploads\/2023\/10\/foto7.jpg\"><img loading=\"lazy\" decoding=\"async\" width=\"1024\" height=\"576\" data-id=\"733\" src=\"https:\/\/cademaprop.com.ar\/blog\/wp-content\/uploads\/2023\/10\/foto7-1024x576.jpg\" alt=\"\" class=\"wp-image-733\" srcset=\"https:\/\/cademaprop.com.ar\/blog\/wp-content\/uploads\/2023\/10\/foto7-1024x576.jpg 1024w, https:\/\/cademaprop.com.ar\/blog\/wp-content\/uploads\/2023\/10\/foto7-300x169.jpg 300w, https:\/\/cademaprop.com.ar\/blog\/wp-content\/uploads\/2023\/10\/foto7-768x432.jpg 768w, https:\/\/cademaprop.com.ar\/blog\/wp-content\/uploads\/2023\/10\/foto7-1536x864.jpg 1536w, https:\/\/cademaprop.com.ar\/blog\/wp-content\/uploads\/2023\/10\/foto7.jpg 1919w\" sizes=\"(max-width: 1024px) 100vw, 1024px\" \/><\/a><\/figure>\n\n\n\n<figure class=\"wp-block-image size-large\"><a href=\"https:\/\/cademaprop.com.ar\/blog\/wp-content\/uploads\/2023\/10\/IMG_6883-1.jpg\"><img loading=\"lazy\" decoding=\"async\" width=\"1024\" height=\"768\" data-id=\"799\" src=\"https:\/\/cademaprop.com.ar\/blog\/wp-content\/uploads\/2023\/10\/IMG_6883-1-1024x768.jpg\" alt=\"\" class=\"wp-image-799\" srcset=\"https:\/\/cademaprop.com.ar\/blog\/wp-content\/uploads\/2023\/10\/IMG_6883-1-1024x768.jpg 1024w, https:\/\/cademaprop.com.ar\/blog\/wp-content\/uploads\/2023\/10\/IMG_6883-1-300x225.jpg 300w, https:\/\/cademaprop.com.ar\/blog\/wp-content\/uploads\/2023\/10\/IMG_6883-1-768x576.jpg 768w, https:\/\/cademaprop.com.ar\/blog\/wp-content\/uploads\/2023\/10\/IMG_6883-1-1536x1152.jpg 1536w, https:\/\/cademaprop.com.ar\/blog\/wp-content\/uploads\/2023\/10\/IMG_6883-1-2048x1536.jpg 2048w\" sizes=\"(max-width: 1024px) 100vw, 1024px\" \/><\/a><\/figure>\n\n\n\n<figure class=\"wp-block-image size-large\"><a href=\"https:\/\/cademaprop.com.ar\/blog\/wp-content\/uploads\/2023\/10\/IMG_6942-1.jpg\"><img loading=\"lazy\" decoding=\"async\" width=\"1024\" height=\"768\" data-id=\"797\" src=\"https:\/\/cademaprop.com.ar\/blog\/wp-content\/uploads\/2023\/10\/IMG_6942-1-1024x768.jpg\" alt=\"\" class=\"wp-image-797\" srcset=\"https:\/\/cademaprop.com.ar\/blog\/wp-content\/uploads\/2023\/10\/IMG_6942-1-1024x768.jpg 1024w, https:\/\/cademaprop.com.ar\/blog\/wp-content\/uploads\/2023\/10\/IMG_6942-1-300x225.jpg 300w, https:\/\/cademaprop.com.ar\/blog\/wp-content\/uploads\/2023\/10\/IMG_6942-1-768x576.jpg 768w, https:\/\/cademaprop.com.ar\/blog\/wp-content\/uploads\/2023\/10\/IMG_6942-1-1536x1152.jpg 1536w, https:\/\/cademaprop.com.ar\/blog\/wp-content\/uploads\/2023\/10\/IMG_6942-1-2048x1536.jpg 2048w\" sizes=\"(max-width: 1024px) 100vw, 1024px\" \/><\/a><\/figure>\n\n\n\n<figure class=\"wp-block-image size-large\"><a href=\"https:\/\/cademaprop.com.ar\/blog\/wp-content\/uploads\/2023\/10\/IMG_6886-1.jpg\"><img loading=\"lazy\" decoding=\"async\" width=\"1024\" height=\"768\" data-id=\"800\" src=\"https:\/\/cademaprop.com.ar\/blog\/wp-content\/uploads\/2023\/10\/IMG_6886-1-1024x768.jpg\" alt=\"\" class=\"wp-image-800\" srcset=\"https:\/\/cademaprop.com.ar\/blog\/wp-content\/uploads\/2023\/10\/IMG_6886-1-1024x768.jpg 1024w, https:\/\/cademaprop.com.ar\/blog\/wp-content\/uploads\/2023\/10\/IMG_6886-1-300x225.jpg 300w, https:\/\/cademaprop.com.ar\/blog\/wp-content\/uploads\/2023\/10\/IMG_6886-1-768x576.jpg 768w, https:\/\/cademaprop.com.ar\/blog\/wp-content\/uploads\/2023\/10\/IMG_6886-1-1536x1152.jpg 1536w, https:\/\/cademaprop.com.ar\/blog\/wp-content\/uploads\/2023\/10\/IMG_6886-1-2048x1536.jpg 2048w\" sizes=\"(max-width: 1024px) 100vw, 1024px\" \/><\/a><\/figure>\n\n\n\n<figure class=\"wp-block-image size-large\"><a href=\"https:\/\/cademaprop.com.ar\/blog\/wp-content\/uploads\/2023\/10\/IMG_7021-1.jpg\"><img loading=\"lazy\" decoding=\"async\" width=\"1024\" height=\"768\" data-id=\"798\" src=\"https:\/\/cademaprop.com.ar\/blog\/wp-content\/uploads\/2023\/10\/IMG_7021-1-1024x768.jpg\" alt=\"\" class=\"wp-image-798\" srcset=\"https:\/\/cademaprop.com.ar\/blog\/wp-content\/uploads\/2023\/10\/IMG_7021-1-1024x768.jpg 1024w, https:\/\/cademaprop.com.ar\/blog\/wp-content\/uploads\/2023\/10\/IMG_7021-1-300x225.jpg 300w, https:\/\/cademaprop.com.ar\/blog\/wp-content\/uploads\/2023\/10\/IMG_7021-1-768x576.jpg 768w, https:\/\/cademaprop.com.ar\/blog\/wp-content\/uploads\/2023\/10\/IMG_7021-1-1536x1152.jpg 1536w, https:\/\/cademaprop.com.ar\/blog\/wp-content\/uploads\/2023\/10\/IMG_7021-1-2048x1536.jpg 2048w\" sizes=\"(max-width: 1024px) 100vw, 1024px\" \/><\/a><\/figure>\n\n\n\n<figure class=\"wp-block-image size-large\"><a href=\"https:\/\/cademaprop.com.ar\/blog\/wp-content\/uploads\/2023\/10\/IMG_7026-1.jpg\"><img loading=\"lazy\" decoding=\"async\" width=\"1024\" height=\"768\" data-id=\"796\" src=\"https:\/\/cademaprop.com.ar\/blog\/wp-content\/uploads\/2023\/10\/IMG_7026-1-1024x768.jpg\" alt=\"\" class=\"wp-image-796\" srcset=\"https:\/\/cademaprop.com.ar\/blog\/wp-content\/uploads\/2023\/10\/IMG_7026-1-1024x768.jpg 1024w, https:\/\/cademaprop.com.ar\/blog\/wp-content\/uploads\/2023\/10\/IMG_7026-1-300x225.jpg 300w, https:\/\/cademaprop.com.ar\/blog\/wp-content\/uploads\/2023\/10\/IMG_7026-1-768x576.jpg 768w, https:\/\/cademaprop.com.ar\/blog\/wp-content\/uploads\/2023\/10\/IMG_7026-1-1536x1152.jpg 1536w, https:\/\/cademaprop.com.ar\/blog\/wp-content\/uploads\/2023\/10\/IMG_7026-1-2048x1536.jpg 2048w\" sizes=\"(max-width: 1024px) 100vw, 1024px\" \/><\/a><\/figure>\n<\/figure>\n","protected":false},"excerpt":{"rendered":"<p>Nos interesa que est\u00e9n al tanto de todos los productos industriales que en Cadema tenemos para ofrecerles. Por este motivo, a trav\u00e9s de nuestra Divisi\u00f3n Industrial vamos a contarles m\u00e1s en detalle sobre las diferentes opciones de nuestro cat\u00e1logo, de qu\u00e9 categor\u00eda son, qu\u00e9 empresas hay ya radicadas y c\u00f3mo es el crecimiento del lugar [&hellip;]<\/p>\n","protected":false},"author":2,"featured_media":464,"comment_status":"closed","ping_status":"closed","sticky":false,"template":"","format":"standard","meta":{"site-sidebar-layout":"default","site-content-layout":"","ast-site-content-layout":"default","site-content-style":"default","site-sidebar-style":"default","ast-global-header-display":"","ast-banner-title-visibility":"","ast-main-header-display":"","ast-hfb-above-header-display":"","ast-hfb-below-header-display":"","ast-hfb-mobile-header-display":"","site-post-title":"","ast-breadcrumbs-content":"","ast-featured-img":"","footer-sml-layout":"","theme-transparent-header-meta":"","adv-header-id-meta":"","stick-header-meta":"","header-above-stick-meta":"","header-main-stick-meta":"","header-below-stick-meta":"","astra-migrate-meta-layouts":"default","ast-page-background-enabled":"default","ast-page-background-meta":{"desktop":{"background-color":"","background-image":"","background-repeat":"repeat","background-position":"center center","background-size":"auto","background-attachment":"scroll","background-type":"","background-media":"","overlay-type":"","overlay-color":"","overlay-opacity":"","overlay-gradient":""},"tablet":{"background-color":"","background-image":"","background-repeat":"repeat","background-position":"center center","background-size":"auto","background-attachment":"scroll","background-type":"","background-media":"","overlay-type":"","overlay-color":"","overlay-opacity":"","overlay-gradient":""},"mobile":{"background-color":"","background-image":"","background-repeat":"repeat","background-position":"center center","background-size":"auto","background-attachment":"scroll","background-type":"","background-media":"","overlay-type":"","overlay-color":"","overlay-opacity":"","overlay-gradient":""}},"ast-content-background-meta":{"desktop":{"background-color":"var(--ast-global-color-5)","background-image":"","background-repeat":"repeat","background-position":"center center","background-size":"auto","background-attachment":"scroll","background-type":"","background-media":"","overlay-type":"","overlay-color":"","overlay-opacity":"","overlay-gradient":""},"tablet":{"background-color":"var(--ast-global-color-5)","background-image":"","background-repeat":"repeat","background-position":"center center","background-size":"auto","background-attachment":"scroll","background-type":"","background-media":"","overlay-type":"","overlay-color":"","overlay-opacity":"","overlay-gradient":""},"mobile":{"background-color":"var(--ast-global-color-5)","background-image":"","background-repeat":"repeat","background-position":"center center","background-size":"auto","background-attachment":"scroll","background-type":"","background-media":"","overlay-type":"","overlay-color":"","overlay-opacity":"","overlay-gradient":""}},"_joinchat":[],"footnotes":""},"categories":[16],"tags":[19],"class_list":["post-721","post","type-post","status-publish","format-standard","has-post-thumbnail","hentry","category-industria","tag-destacado"],"yoast_head":"<!-- This site is optimized with the Yoast SEO plugin v27.5 - https:\/\/yoast.com\/product\/yoast-seo-wordpress\/ -->\n<title>PARQUE INDUSTRIAL RUTA 6: PENSADO PARA LA EXPANSI\u00d3N DE PYMES Y GRANDES EMPRESAS - NEWS<\/title>\n<meta name=\"robots\" content=\"index, follow, max-snippet:-1, max-image-preview:large, max-video-preview:-1\" \/>\n<link rel=\"canonical\" href=\"https:\/\/cademaprop.com.ar\/blog\/parque-industrial-ruta-6-pensado-para-la-expansion-de-pymes-y-grandes-empresas\/\" \/>\n<meta property=\"og:locale\" content=\"es_MX\" \/>\n<meta property=\"og:type\" content=\"article\" \/>\n<meta property=\"og:title\" content=\"PARQUE INDUSTRIAL RUTA 6: PENSADO PARA LA EXPANSI\u00d3N DE PYMES Y GRANDES EMPRESAS - NEWS\" \/>\n<meta property=\"og:description\" content=\"Nos interesa que est\u00e9n al tanto de todos los productos industriales que en Cadema tenemos para ofrecerles. Por este motivo, a trav\u00e9s de nuestra Divisi\u00f3n Industrial vamos a contarles m\u00e1s en detalle sobre las diferentes opciones de nuestro cat\u00e1logo, de qu\u00e9 categor\u00eda son, qu\u00e9 empresas hay ya radicadas y c\u00f3mo es el crecimiento del lugar [&hellip;]\" \/>\n<meta property=\"og:url\" content=\"https:\/\/cademaprop.com.ar\/blog\/parque-industrial-ruta-6-pensado-para-la-expansion-de-pymes-y-grandes-empresas\/\" \/>\n<meta property=\"og:site_name\" content=\"NEWS\" \/>\n<meta property=\"article:publisher\" content=\"https:\/\/www.facebook.com\/inmobiliariacadema\" \/>\n<meta property=\"article:published_time\" content=\"2023-10-09T20:30:00+00:00\" \/>\n<meta property=\"article:modified_time\" content=\"2023-10-11T16:17:40+00:00\" \/>\n<meta property=\"og:image\" content=\"https:\/\/cademaprop.com.ar\/blog\/wp-content\/uploads\/2023\/09\/foto1.jpg\" \/>\n\t<meta property=\"og:image:width\" content=\"1919\" \/>\n\t<meta property=\"og:image:height\" content=\"1079\" \/>\n\t<meta property=\"og:image:type\" content=\"image\/jpeg\" \/>\n<meta name=\"author\" content=\"Cadema Bienes Ra\u00edces\" \/>\n<meta name=\"twitter:card\" content=\"summary_large_image\" \/>\n<meta name=\"twitter:creator\" content=\"@InmoCadema\" \/>\n<meta name=\"twitter:site\" content=\"@InmoCadema\" \/>\n<meta name=\"twitter:label1\" content=\"Escrito por\" \/>\n\t<meta name=\"twitter:data1\" content=\"Cadema Bienes Ra\u00edces\" \/>\n\t<meta name=\"twitter:label2\" content=\"Tiempo de lectura\" \/>\n\t<meta name=\"twitter:data2\" content=\"5 minutos\" \/>\n<script type=\"application\/ld+json\" class=\"yoast-schema-graph\">{\"@context\":\"https:\\\/\\\/schema.org\",\"@graph\":[{\"@type\":\"Article\",\"@id\":\"https:\\\/\\\/cademaprop.com.ar\\\/blog\\\/parque-industrial-ruta-6-pensado-para-la-expansion-de-pymes-y-grandes-empresas\\\/#article\",\"isPartOf\":{\"@id\":\"https:\\\/\\\/cademaprop.com.ar\\\/blog\\\/parque-industrial-ruta-6-pensado-para-la-expansion-de-pymes-y-grandes-empresas\\\/\"},\"author\":{\"name\":\"Cadema Bienes Ra\u00edces\",\"@id\":\"https:\\\/\\\/cademaprop.com.ar\\\/blog\\\/#\\\/schema\\\/person\\\/bf1e8554d62db91bc0110bd8b2c68625\"},\"headline\":\"PARQUE INDUSTRIAL RUTA 6: PENSADO PARA LA EXPANSI\u00d3N DE PYMES Y GRANDES EMPRESAS\",\"datePublished\":\"2023-10-09T20:30:00+00:00\",\"dateModified\":\"2023-10-11T16:17:40+00:00\",\"mainEntityOfPage\":{\"@id\":\"https:\\\/\\\/cademaprop.com.ar\\\/blog\\\/parque-industrial-ruta-6-pensado-para-la-expansion-de-pymes-y-grandes-empresas\\\/\"},\"wordCount\":1020,\"publisher\":{\"@id\":\"https:\\\/\\\/cademaprop.com.ar\\\/blog\\\/#organization\"},\"image\":{\"@id\":\"https:\\\/\\\/cademaprop.com.ar\\\/blog\\\/parque-industrial-ruta-6-pensado-para-la-expansion-de-pymes-y-grandes-empresas\\\/#primaryimage\"},\"thumbnailUrl\":\"https:\\\/\\\/cademaprop.com.ar\\\/blog\\\/wp-content\\\/uploads\\\/2023\\\/09\\\/foto1.jpg\",\"keywords\":[\"Destacado\"],\"articleSection\":[\"Industria\"],\"inLanguage\":\"es\"},{\"@type\":\"WebPage\",\"@id\":\"https:\\\/\\\/cademaprop.com.ar\\\/blog\\\/parque-industrial-ruta-6-pensado-para-la-expansion-de-pymes-y-grandes-empresas\\\/\",\"url\":\"https:\\\/\\\/cademaprop.com.ar\\\/blog\\\/parque-industrial-ruta-6-pensado-para-la-expansion-de-pymes-y-grandes-empresas\\\/\",\"name\":\"PARQUE INDUSTRIAL RUTA 6: PENSADO PARA LA EXPANSI\u00d3N DE PYMES Y GRANDES EMPRESAS - NEWS\",\"isPartOf\":{\"@id\":\"https:\\\/\\\/cademaprop.com.ar\\\/blog\\\/#website\"},\"primaryImageOfPage\":{\"@id\":\"https:\\\/\\\/cademaprop.com.ar\\\/blog\\\/parque-industrial-ruta-6-pensado-para-la-expansion-de-pymes-y-grandes-empresas\\\/#primaryimage\"},\"image\":{\"@id\":\"https:\\\/\\\/cademaprop.com.ar\\\/blog\\\/parque-industrial-ruta-6-pensado-para-la-expansion-de-pymes-y-grandes-empresas\\\/#primaryimage\"},\"thumbnailUrl\":\"https:\\\/\\\/cademaprop.com.ar\\\/blog\\\/wp-content\\\/uploads\\\/2023\\\/09\\\/foto1.jpg\",\"datePublished\":\"2023-10-09T20:30:00+00:00\",\"dateModified\":\"2023-10-11T16:17:40+00:00\",\"breadcrumb\":{\"@id\":\"https:\\\/\\\/cademaprop.com.ar\\\/blog\\\/parque-industrial-ruta-6-pensado-para-la-expansion-de-pymes-y-grandes-empresas\\\/#breadcrumb\"},\"inLanguage\":\"es\",\"potentialAction\":[{\"@type\":\"ReadAction\",\"target\":[\"https:\\\/\\\/cademaprop.com.ar\\\/blog\\\/parque-industrial-ruta-6-pensado-para-la-expansion-de-pymes-y-grandes-empresas\\\/\"]}]},{\"@type\":\"ImageObject\",\"inLanguage\":\"es\",\"@id\":\"https:\\\/\\\/cademaprop.com.ar\\\/blog\\\/parque-industrial-ruta-6-pensado-para-la-expansion-de-pymes-y-grandes-empresas\\\/#primaryimage\",\"url\":\"https:\\\/\\\/cademaprop.com.ar\\\/blog\\\/wp-content\\\/uploads\\\/2023\\\/09\\\/foto1.jpg\",\"contentUrl\":\"https:\\\/\\\/cademaprop.com.ar\\\/blog\\\/wp-content\\\/uploads\\\/2023\\\/09\\\/foto1.jpg\",\"width\":1919,\"height\":1079},{\"@type\":\"BreadcrumbList\",\"@id\":\"https:\\\/\\\/cademaprop.com.ar\\\/blog\\\/parque-industrial-ruta-6-pensado-para-la-expansion-de-pymes-y-grandes-empresas\\\/#breadcrumb\",\"itemListElement\":[{\"@type\":\"ListItem\",\"position\":1,\"name\":\"Inicio\",\"item\":\"https:\\\/\\\/cademaprop.com.ar\\\/blog\\\/\"},{\"@type\":\"ListItem\",\"position\":2,\"name\":\"PARQUE INDUSTRIAL RUTA 6: PENSADO PARA LA EXPANSI\u00d3N DE PYMES Y GRANDES EMPRESAS\"}]},{\"@type\":\"WebSite\",\"@id\":\"https:\\\/\\\/cademaprop.com.ar\\\/blog\\\/#website\",\"url\":\"https:\\\/\\\/cademaprop.com.ar\\\/blog\\\/\",\"name\":\"CADEMA NEWS\",\"description\":\"\",\"publisher\":{\"@id\":\"https:\\\/\\\/cademaprop.com.ar\\\/blog\\\/#organization\"},\"potentialAction\":[{\"@type\":\"SearchAction\",\"target\":{\"@type\":\"EntryPoint\",\"urlTemplate\":\"https:\\\/\\\/cademaprop.com.ar\\\/blog\\\/?s={search_term_string}\"},\"query-input\":{\"@type\":\"PropertyValueSpecification\",\"valueRequired\":true,\"valueName\":\"search_term_string\"}}],\"inLanguage\":\"es\"},{\"@type\":\"Organization\",\"@id\":\"https:\\\/\\\/cademaprop.com.ar\\\/blog\\\/#organization\",\"name\":\"INMOBILIARIA CADEMA\",\"url\":\"https:\\\/\\\/cademaprop.com.ar\\\/blog\\\/\",\"logo\":{\"@type\":\"ImageObject\",\"inLanguage\":\"es\",\"@id\":\"https:\\\/\\\/cademaprop.com.ar\\\/blog\\\/#\\\/schema\\\/logo\\\/image\\\/\",\"url\":\"https:\\\/\\\/cademaprop.com.ar\\\/blog\\\/wp-content\\\/uploads\\\/2024\\\/01\\\/CDN-Logo-Full-Color.png\",\"contentUrl\":\"https:\\\/\\\/cademaprop.com.ar\\\/blog\\\/wp-content\\\/uploads\\\/2024\\\/01\\\/CDN-Logo-Full-Color.png\",\"width\":4410,\"height\":1418,\"caption\":\"INMOBILIARIA CADEMA\"},\"image\":{\"@id\":\"https:\\\/\\\/cademaprop.com.ar\\\/blog\\\/#\\\/schema\\\/logo\\\/image\\\/\"},\"sameAs\":[\"https:\\\/\\\/www.facebook.com\\\/inmobiliariacadema\",\"https:\\\/\\\/x.com\\\/InmoCadema\",\"https:\\\/\\\/www.instagram.com\\\/inmobiliariacadema\",\"https:\\\/\\\/www.threads.net\\\/@inmobiliariacadema\",\"https:\\\/\\\/www.tiktok.com\\\/@inmobiliariacadema\"]},{\"@type\":\"Person\",\"@id\":\"https:\\\/\\\/cademaprop.com.ar\\\/blog\\\/#\\\/schema\\\/person\\\/bf1e8554d62db91bc0110bd8b2c68625\",\"name\":\"Cadema Bienes Ra\u00edces\",\"image\":{\"@type\":\"ImageObject\",\"inLanguage\":\"es\",\"@id\":\"https:\\\/\\\/secure.gravatar.com\\\/avatar\\\/dcf94633e3fe61607b8d5ead2fbb04c595474c581edee9a1c8c801464d64e4af?s=96&r=g\",\"url\":\"https:\\\/\\\/secure.gravatar.com\\\/avatar\\\/dcf94633e3fe61607b8d5ead2fbb04c595474c581edee9a1c8c801464d64e4af?s=96&r=g\",\"contentUrl\":\"https:\\\/\\\/secure.gravatar.com\\\/avatar\\\/dcf94633e3fe61607b8d5ead2fbb04c595474c581edee9a1c8c801464d64e4af?s=96&r=g\",\"caption\":\"Cadema Bienes Ra\u00edces\"},\"description\":\"Nuestra prioridad es lograr una s\u00edntesis equilibrada entre las necesidades del comprador y los requerimientos del vendedor. Con m\u00e1s de seis d\u00e9cadas de experiencia, nos enorgullece ser la empresa l\u00edder en el \u00e1mbito inmobiliario de la ciudad de Campana. Especializados en la venta de inmuebles y desarrollos urbanos e industriales, hemos marcado nuestro camino con dedicaci\u00f3n y excelencia. En el a\u00f1o 2024 celebramos nuestro 60\u00ba aniversario, reflejando nuestra constante b\u00fasqueda de vanguardia tecnol\u00f3gica para enfrentar los desaf\u00edos del mercado.\",\"sameAs\":[\"https:\\\/\\\/www.cademaprop.com.ar\\\/\"],\"url\":\"https:\\\/\\\/cademaprop.com.ar\\\/blog\\\/author\\\/mar0015\\\/\"}]}<\/script>\n<!-- \/ Yoast SEO plugin. -->","yoast_head_json":{"title":"PARQUE INDUSTRIAL RUTA 6: PENSADO PARA LA EXPANSI\u00d3N DE PYMES Y GRANDES EMPRESAS - NEWS","robots":{"index":"index","follow":"follow","max-snippet":"max-snippet:-1","max-image-preview":"max-image-preview:large","max-video-preview":"max-video-preview:-1"},"canonical":"https:\/\/cademaprop.com.ar\/blog\/parque-industrial-ruta-6-pensado-para-la-expansion-de-pymes-y-grandes-empresas\/","og_locale":"es_MX","og_type":"article","og_title":"PARQUE INDUSTRIAL RUTA 6: PENSADO PARA LA EXPANSI\u00d3N DE PYMES Y GRANDES EMPRESAS - NEWS","og_description":"Nos interesa que est\u00e9n al tanto de todos los productos industriales que en Cadema tenemos para ofrecerles. Por este motivo, a trav\u00e9s de nuestra Divisi\u00f3n Industrial vamos a contarles m\u00e1s en detalle sobre las diferentes opciones de nuestro cat\u00e1logo, de qu\u00e9 categor\u00eda son, qu\u00e9 empresas hay ya radicadas y c\u00f3mo es el crecimiento del lugar [&hellip;]","og_url":"https:\/\/cademaprop.com.ar\/blog\/parque-industrial-ruta-6-pensado-para-la-expansion-de-pymes-y-grandes-empresas\/","og_site_name":"NEWS","article_publisher":"https:\/\/www.facebook.com\/inmobiliariacadema","article_published_time":"2023-10-09T20:30:00+00:00","article_modified_time":"2023-10-11T16:17:40+00:00","og_image":[{"width":1919,"height":1079,"url":"https:\/\/cademaprop.com.ar\/blog\/wp-content\/uploads\/2023\/09\/foto1.jpg","type":"image\/jpeg"}],"author":"Cadema Bienes Ra\u00edces","twitter_card":"summary_large_image","twitter_creator":"@InmoCadema","twitter_site":"@InmoCadema","twitter_misc":{"Escrito por":"Cadema Bienes Ra\u00edces","Tiempo de lectura":"5 minutos"},"schema":{"@context":"https:\/\/schema.org","@graph":[{"@type":"Article","@id":"https:\/\/cademaprop.com.ar\/blog\/parque-industrial-ruta-6-pensado-para-la-expansion-de-pymes-y-grandes-empresas\/#article","isPartOf":{"@id":"https:\/\/cademaprop.com.ar\/blog\/parque-industrial-ruta-6-pensado-para-la-expansion-de-pymes-y-grandes-empresas\/"},"author":{"name":"Cadema Bienes Ra\u00edces","@id":"https:\/\/cademaprop.com.ar\/blog\/#\/schema\/person\/bf1e8554d62db91bc0110bd8b2c68625"},"headline":"PARQUE INDUSTRIAL RUTA 6: PENSADO PARA LA EXPANSI\u00d3N DE PYMES Y GRANDES EMPRESAS","datePublished":"2023-10-09T20:30:00+00:00","dateModified":"2023-10-11T16:17:40+00:00","mainEntityOfPage":{"@id":"https:\/\/cademaprop.com.ar\/blog\/parque-industrial-ruta-6-pensado-para-la-expansion-de-pymes-y-grandes-empresas\/"},"wordCount":1020,"publisher":{"@id":"https:\/\/cademaprop.com.ar\/blog\/#organization"},"image":{"@id":"https:\/\/cademaprop.com.ar\/blog\/parque-industrial-ruta-6-pensado-para-la-expansion-de-pymes-y-grandes-empresas\/#primaryimage"},"thumbnailUrl":"https:\/\/cademaprop.com.ar\/blog\/wp-content\/uploads\/2023\/09\/foto1.jpg","keywords":["Destacado"],"articleSection":["Industria"],"inLanguage":"es"},{"@type":"WebPage","@id":"https:\/\/cademaprop.com.ar\/blog\/parque-industrial-ruta-6-pensado-para-la-expansion-de-pymes-y-grandes-empresas\/","url":"https:\/\/cademaprop.com.ar\/blog\/parque-industrial-ruta-6-pensado-para-la-expansion-de-pymes-y-grandes-empresas\/","name":"PARQUE INDUSTRIAL RUTA 6: PENSADO PARA LA EXPANSI\u00d3N DE PYMES Y GRANDES EMPRESAS - NEWS","isPartOf":{"@id":"https:\/\/cademaprop.com.ar\/blog\/#website"},"primaryImageOfPage":{"@id":"https:\/\/cademaprop.com.ar\/blog\/parque-industrial-ruta-6-pensado-para-la-expansion-de-pymes-y-grandes-empresas\/#primaryimage"},"image":{"@id":"https:\/\/cademaprop.com.ar\/blog\/parque-industrial-ruta-6-pensado-para-la-expansion-de-pymes-y-grandes-empresas\/#primaryimage"},"thumbnailUrl":"https:\/\/cademaprop.com.ar\/blog\/wp-content\/uploads\/2023\/09\/foto1.jpg","datePublished":"2023-10-09T20:30:00+00:00","dateModified":"2023-10-11T16:17:40+00:00","breadcrumb":{"@id":"https:\/\/cademaprop.com.ar\/blog\/parque-industrial-ruta-6-pensado-para-la-expansion-de-pymes-y-grandes-empresas\/#breadcrumb"},"inLanguage":"es","potentialAction":[{"@type":"ReadAction","target":["https:\/\/cademaprop.com.ar\/blog\/parque-industrial-ruta-6-pensado-para-la-expansion-de-pymes-y-grandes-empresas\/"]}]},{"@type":"ImageObject","inLanguage":"es","@id":"https:\/\/cademaprop.com.ar\/blog\/parque-industrial-ruta-6-pensado-para-la-expansion-de-pymes-y-grandes-empresas\/#primaryimage","url":"https:\/\/cademaprop.com.ar\/blog\/wp-content\/uploads\/2023\/09\/foto1.jpg","contentUrl":"https:\/\/cademaprop.com.ar\/blog\/wp-content\/uploads\/2023\/09\/foto1.jpg","width":1919,"height":1079},{"@type":"BreadcrumbList","@id":"https:\/\/cademaprop.com.ar\/blog\/parque-industrial-ruta-6-pensado-para-la-expansion-de-pymes-y-grandes-empresas\/#breadcrumb","itemListElement":[{"@type":"ListItem","position":1,"name":"Inicio","item":"https:\/\/cademaprop.com.ar\/blog\/"},{"@type":"ListItem","position":2,"name":"PARQUE INDUSTRIAL RUTA 6: PENSADO PARA LA EXPANSI\u00d3N DE PYMES Y GRANDES EMPRESAS"}]},{"@type":"WebSite","@id":"https:\/\/cademaprop.com.ar\/blog\/#website","url":"https:\/\/cademaprop.com.ar\/blog\/","name":"CADEMA NEWS","description":"","publisher":{"@id":"https:\/\/cademaprop.com.ar\/blog\/#organization"},"potentialAction":[{"@type":"SearchAction","target":{"@type":"EntryPoint","urlTemplate":"https:\/\/cademaprop.com.ar\/blog\/?s={search_term_string}"},"query-input":{"@type":"PropertyValueSpecification","valueRequired":true,"valueName":"search_term_string"}}],"inLanguage":"es"},{"@type":"Organization","@id":"https:\/\/cademaprop.com.ar\/blog\/#organization","name":"INMOBILIARIA CADEMA","url":"https:\/\/cademaprop.com.ar\/blog\/","logo":{"@type":"ImageObject","inLanguage":"es","@id":"https:\/\/cademaprop.com.ar\/blog\/#\/schema\/logo\/image\/","url":"https:\/\/cademaprop.com.ar\/blog\/wp-content\/uploads\/2024\/01\/CDN-Logo-Full-Color.png","contentUrl":"https:\/\/cademaprop.com.ar\/blog\/wp-content\/uploads\/2024\/01\/CDN-Logo-Full-Color.png","width":4410,"height":1418,"caption":"INMOBILIARIA CADEMA"},"image":{"@id":"https:\/\/cademaprop.com.ar\/blog\/#\/schema\/logo\/image\/"},"sameAs":["https:\/\/www.facebook.com\/inmobiliariacadema","https:\/\/x.com\/InmoCadema","https:\/\/www.instagram.com\/inmobiliariacadema","https:\/\/www.threads.net\/@inmobiliariacadema","https:\/\/www.tiktok.com\/@inmobiliariacadema"]},{"@type":"Person","@id":"https:\/\/cademaprop.com.ar\/blog\/#\/schema\/person\/bf1e8554d62db91bc0110bd8b2c68625","name":"Cadema Bienes Ra\u00edces","image":{"@type":"ImageObject","inLanguage":"es","@id":"https:\/\/secure.gravatar.com\/avatar\/dcf94633e3fe61607b8d5ead2fbb04c595474c581edee9a1c8c801464d64e4af?s=96&r=g","url":"https:\/\/secure.gravatar.com\/avatar\/dcf94633e3fe61607b8d5ead2fbb04c595474c581edee9a1c8c801464d64e4af?s=96&r=g","contentUrl":"https:\/\/secure.gravatar.com\/avatar\/dcf94633e3fe61607b8d5ead2fbb04c595474c581edee9a1c8c801464d64e4af?s=96&r=g","caption":"Cadema Bienes Ra\u00edces"},"description":"Nuestra prioridad es lograr una s\u00edntesis equilibrada entre las necesidades del comprador y los requerimientos del vendedor. Con m\u00e1s de seis d\u00e9cadas de experiencia, nos enorgullece ser la empresa l\u00edder en el \u00e1mbito inmobiliario de la ciudad de Campana. Especializados en la venta de inmuebles y desarrollos urbanos e industriales, hemos marcado nuestro camino con dedicaci\u00f3n y excelencia. En el a\u00f1o 2024 celebramos nuestro 60\u00ba aniversario, reflejando nuestra constante b\u00fasqueda de vanguardia tecnol\u00f3gica para enfrentar los desaf\u00edos del mercado.","sameAs":["https:\/\/www.cademaprop.com.ar\/"],"url":"https:\/\/cademaprop.com.ar\/blog\/author\/mar0015\/"}]}},"_links":{"self":[{"href":"https:\/\/cademaprop.com.ar\/blog\/wp-json\/wp\/v2\/posts\/721","targetHints":{"allow":["GET"]}}],"collection":[{"href":"https:\/\/cademaprop.com.ar\/blog\/wp-json\/wp\/v2\/posts"}],"about":[{"href":"https:\/\/cademaprop.com.ar\/blog\/wp-json\/wp\/v2\/types\/post"}],"author":[{"embeddable":true,"href":"https:\/\/cademaprop.com.ar\/blog\/wp-json\/wp\/v2\/users\/2"}],"replies":[{"embeddable":true,"href":"https:\/\/cademaprop.com.ar\/blog\/wp-json\/wp\/v2\/comments?post=721"}],"version-history":[{"count":0,"href":"https:\/\/cademaprop.com.ar\/blog\/wp-json\/wp\/v2\/posts\/721\/revisions"}],"wp:featuredmedia":[{"embeddable":true,"href":"https:\/\/cademaprop.com.ar\/blog\/wp-json\/wp\/v2\/media\/464"}],"wp:attachment":[{"href":"https:\/\/cademaprop.com.ar\/blog\/wp-json\/wp\/v2\/media?parent=721"}],"wp:term":[{"taxonomy":"category","embeddable":true,"href":"https:\/\/cademaprop.com.ar\/blog\/wp-json\/wp\/v2\/categories?post=721"},{"taxonomy":"post_tag","embeddable":true,"href":"https:\/\/cademaprop.com.ar\/blog\/wp-json\/wp\/v2\/tags?post=721"}],"curies":[{"name":"wp","href":"https:\/\/api.w.org\/{rel}","templated":true}]}}